{"id":815663,"date":"2023-08-08T13:30:54","date_gmt":"2023-08-08T16:30:54","guid":{"rendered":"https:\/\/neurovirtual.com\/br\/?p=815663"},"modified":"2023-08-08T13:31:17","modified_gmt":"2023-08-08T16:31:17","slug":"congresso-da-liga-colombiana-contra-a-epilepsia-lce-avancando-em-direcao-a-uma-gestao-integral-da-epilepsia-refrataria-e-do-estado-epileptico","status":"publish","type":"post","link":"https:\/\/neurovirtual.com\/br\/congresso-da-liga-colombiana-contra-a-epilepsia-lce-avancando-em-direcao-a-uma-gestao-integral-da-epilepsia-refrataria-e-do-estado-epileptico\/","title":{"rendered":"Congresso da Liga Colombiana contra a Epilepsia (LCE): Avan\u00e7ando em dire\u00e7\u00e3o a uma Gest\u00e3o Integral da Epilepsia Refrat\u00e1ria e do Estado Epil\u00e9ptico"},"content":{"rendered":"\n<figure class=\"wp-block-gallery columns-2 is-cropped wp-block-gallery-1 is-layout-flex wp-block-gallery-is-layout-flex\"><ul class=\"blocks-gallery-grid\"><li class=\"blocks-gallery-item\"><figure><a href=\"https:\/\/neurovirtual.com\/br\/wp-content\/uploads\/2023\/08\/1-LCE-Neurovirtual.jpg\"><img decoding=\"async\" width=\"870\" height=\"702\" src=\"https:\/\/neurovirtual.com\/br\/wp-content\/uploads\/2023\/08\/1-LCE-Neurovirtual.jpg\" alt=\"\" data-id=\"815665\" data-full-url=\"https:\/\/neurovirtual.com\/br\/wp-content\/uploads\/2023\/08\/1-LCE-Neurovirtual.jpg\" data-link=\"https:\/\/neurovirtual.com\/br\/?attachment_id=815665\" class=\"wp-image-815665\" srcset=\"https:\/\/neurovirtual.com\/br\/wp-content\/uploads\/2023\/08\/1-LCE-Neurovirtual.jpg 870w, https:\/\/neurovirtual.com\/br\/wp-content\/uploads\/2023\/08\/1-LCE-Neurovirtual-300x242.jpg 300w, https:\/\/neurovirtual.com\/br\/wp-content\/uploads\/2023\/08\/1-LCE-Neurovirtual-768x620.jpg 768w, https:\/\/neurovirtual.com\/br\/wp-content\/uploads\/2023\/08\/1-LCE-Neurovirtual-310x250.jpg 310w, https:\/\/neurovirtual.com\/br\/wp-content\/uploads\/2023\/08\/1-LCE-Neurovirtual-421x340.jpg 421w\" sizes=\"(max-width: 870px) 100vw, 870px\" \/><\/a><\/figure><\/li><li class=\"blocks-gallery-item\"><figure><a href=\"https:\/\/neurovirtual.com\/br\/wp-content\/uploads\/2023\/08\/FOTO-2-LCE-Neurovirtual.jpg\"><img decoding=\"async\" width=\"1024\" height=\"810\" src=\"https:\/\/neurovirtual.com\/br\/wp-content\/uploads\/2023\/08\/FOTO-2-LCE-Neurovirtual-1024x810.jpg\" alt=\"\" data-id=\"815666\" data-full-url=\"https:\/\/neurovirtual.com\/br\/wp-content\/uploads\/2023\/08\/FOTO-2-LCE-Neurovirtual.jpg\" data-link=\"https:\/\/neurovirtual.com\/br\/?attachment_id=815666\" class=\"wp-image-815666\" srcset=\"https:\/\/neurovirtual.com\/br\/wp-content\/uploads\/2023\/08\/FOTO-2-LCE-Neurovirtual-1024x810.jpg 1024w, https:\/\/neurovirtual.com\/br\/wp-content\/uploads\/2023\/08\/FOTO-2-LCE-Neurovirtual-300x237.jpg 300w, https:\/\/neurovirtual.com\/br\/wp-content\/uploads\/2023\/08\/FOTO-2-LCE-Neurovirtual-768x608.jpg 768w, https:\/\/neurovirtual.com\/br\/wp-content\/uploads\/2023\/08\/FOTO-2-LCE-Neurovirtual-316x250.jpg 316w, https:\/\/neurovirtual.com\/br\/wp-content\/uploads\/2023\/08\/FOTO-2-LCE-Neurovirtual-430x340.jpg 430w, https:\/\/neurovirtual.com\/br\/wp-content\/uploads\/2023\/08\/FOTO-2-LCE-Neurovirtual.jpg 1146w\" sizes=\"(max-width: 1024px) 100vw, 1024px\" \/><\/a><\/figure><\/li><\/ul><\/figure>\n\n\n\n<p>De 27 a 29 de julho de 2023, a cidade de Pereira tornou-se a anfitri\u00e3 de um congresso de not\u00e1vel relev\u00e2ncia m\u00e9dica: o Congresso da<a href=\"https:\/\/ligacolombianacontralaepilepsia.com\/\" target=\"_blank\" data-type=\"URL\" data-id=\"https:\/\/ligacolombianacontralaepilepsia.com\/\" rel=\"noreferrer noopener\"> Liga Colombiana contra a Epilepsia (LCE),<\/a> sob o inspirador lema &#8220;Caminhando em dire\u00e7\u00e3o a uma abordagem integral no manejo da Epilepsia Refrat\u00e1ria e do Estado Epil\u00e9ptico&#8221;. Este evento conseguiu reunir especialistas m\u00e9dicos de renome global, incluindo neurologistas, pesquisadores e profissionais de sa\u00fade, com o objetivo de explorar e compartilhar os mais recentes avan\u00e7os no diagn\u00f3stico, tratamento e abordagem dessas complexas condi\u00e7\u00f5es neurol\u00f3gicas. Atrav\u00e9s de palestras magistrais e sess\u00f5es de discuss\u00e3o, o congresso teve como finalidade fortalecer a compreens\u00e3o e fomentar a colabora\u00e7\u00e3o em busca de solu\u00e7\u00f5es eficazes para pessoas que enfrentam a epilepsia refrat\u00e1ria e o estado epil\u00e9ptico.<\/p>\n\n\n\n<p>A equipe da Neurovirtual, representada por Katerin Laverde e Angie Medell\u00edn, desempenhou um papel fundamental no congresso, apresentando seus produtos de destaque: o<a href=\"https:\/\/neurovirtual.com\/br\/equipamento\/bw-iii-plus\/\" target=\"_blank\" data-type=\"URL\" data-id=\"https:\/\/neurovirtual.com\/br\/equipamento\/bw-iii-plus\/\" rel=\"noreferrer noopener\"> BWIII PSG PLUS<\/a> e o <a href=\"https:\/\/neurovirtual.com\/br\/equipamento\/bwmini-eeg\/\" target=\"_blank\" data-type=\"URL\" data-id=\"https:\/\/neurovirtual.com\/br\/equipamento\/bwmini-eeg\/\" rel=\"noreferrer noopener\">BWMINI EEG<\/a>. Esses dispositivos, que incorporam tecnologia de ponta, demonstram o compromisso da Neurovirtual com a melhoria cont\u00ednua e a inova\u00e7\u00e3o no cuidado de pacientes com epilepsia.<\/p>\n\n\n\n<div class=\"wp-block-buttons is-layout-flex wp-block-buttons-is-layout-flex\">\n<div class=\"wp-block-button\"><a class=\"wp-block-button__link has-background\" href=\"https:\/\/neurovirtual.com\/br\/solicite-uma-demonstracao-online\/\" style=\"background-color:#f4a948\">Demonstra\u00e7\u00e3o on-line<\/a><\/div>\n<\/div>\n\n\n\n<p>Um ponto importante durante o congresso foi a participa\u00e7\u00e3o de palestrantes internacionais distintos, cujo renome no campo da epilepsia \u00e9 insuper\u00e1vel. Entre esses destacados especialistas estavam o Dr. Eugen Trinka, o Dr. Samuel Wiebe, a Dra. Clio Rubinos, o Dr. Fernando Cedes, o Dr. Roberto Caraballo e a Dra. Isabella Meira, entre outros. Essas personalidades compartilharam seus conhecimentos, experi\u00eancias e abordagens inovadoras na gest\u00e3o da epilepsia refrat\u00e1ria e do estado epil\u00e9ptico.<\/p>\n\n\n\n<p>O congresso, que se concentrou na gest\u00e3o integral da epilepsia refrat\u00e1ria e do estado epil\u00e9ptico, emergiu como um ponto vital de converg\u00eancia para especialistas da Am\u00e9rica Latina e diversas partes do mundo no campo da neurologia. As discuss\u00f5es sobre os mais recentes avan\u00e7os no diagn\u00f3stico, tratamento e abordagem dessas condi\u00e7\u00f5es, aliadas \u00e0 colabora\u00e7\u00e3o global entre m\u00e9dicos e profissionais de sa\u00fade, infundiram esperan\u00e7a naqueles que enfrentam essas circunst\u00e2ncias desafiadoras. Al\u00e9m disso, pavimentaram o caminho para um horizonte promissor, marcado por um melhor controle e uma qualidade de vida elevada para os pacientes afetados pela epilepsia.<\/p>\n","protected":false},"excerpt":{"rendered":"<p>De 27 a 29 de julho de 2023, a cidade de Pereira tornou-se a anfitri\u00e3 de um congresso de not\u00e1vel relev\u00e2ncia m\u00e9dica: o Congresso da Liga Colombiana contra a Epilepsia (LCE), sob o inspirador lema &#8220;Caminhando em dire\u00e7\u00e3o a uma abordagem integral no manejo da Epilepsia Refrat\u00e1ria e do Estado Epil\u00e9ptico&#8221;. Este evento conseguiu reunir&#8230;<\/p>\n","protected":false},"author":6,"featured_media":815664,"comment_status":"open","ping_status":"open","sticky":false,"template":"","format":"standard","meta":{"_acf_changed":false,"_joinchat":[],"footnotes":""},"categories":[1],"tags":[],"acf":[],"_links":{"self":[{"href":"https:\/\/neurovirtual.com\/br\/wp-json\/wp\/v2\/posts\/815663"}],"collection":[{"href":"https:\/\/neurovirtual.com\/br\/wp-json\/wp\/v2\/posts"}],"about":[{"href":"https:\/\/neurovirtual.com\/br\/wp-json\/wp\/v2\/types\/post"}],"author":[{"embeddable":true,"href":"https:\/\/neurovirtual.com\/br\/wp-json\/wp\/v2\/users\/6"}],"replies":[{"embeddable":true,"href":"https:\/\/neurovirtual.com\/br\/wp-json\/wp\/v2\/comments?post=815663"}],"version-history":[{"count":5,"href":"https:\/\/neurovirtual.com\/br\/wp-json\/wp\/v2\/posts\/815663\/revisions"}],"predecessor-version":[{"id":815671,"href":"https:\/\/neurovirtual.com\/br\/wp-json\/wp\/v2\/posts\/815663\/revisions\/815671"}],"wp:featuredmedia":[{"embeddable":true,"href":"https:\/\/neurovirtual.com\/br\/wp-json\/wp\/v2\/media\/815664"}],"wp:attachment":[{"href":"https:\/\/neurovirtual.com\/br\/wp-json\/wp\/v2\/media?parent=815663"}],"wp:term":[{"taxonomy":"category","embeddable":true,"href":"https:\/\/neurovirtual.com\/br\/wp-json\/wp\/v2\/categories?post=815663"},{"taxonomy":"post_tag","embeddable":true,"href":"https:\/\/neurovirtual.com\/br\/wp-json\/wp\/v2\/tags?post=815663"}],"curies":[{"name":"wp","href":"https:\/\/api.w.org\/{rel}","templated":true}]}}