{"id":815642,"date":"2023-05-26T10:59:00","date_gmt":"2023-05-26T13:59:00","guid":{"rendered":"https:\/\/neurovirtual.com\/br\/?p=815642"},"modified":"2023-07-10T11:09:51","modified_gmt":"2023-07-10T14:09:51","slug":"confira-a-participacao-da-neurovirtual-no-xxxi-congresso-anual-mexicano-de-neurologia-pediatrica","status":"publish","type":"post","link":"https:\/\/neurovirtual.com\/br\/confira-a-participacao-da-neurovirtual-no-xxxi-congresso-anual-mexicano-de-neurologia-pediatrica\/","title":{"rendered":"Confira a participa\u00e7\u00e3o da Neurovirtual no XXXI Congresso Anual Mexicano de Neurologia Pedi\u00e1trica."},"content":{"rendered":"\n<p class=\"has-drop-cap\">A participa\u00e7\u00e3o da Neurovirtual no XXXI Congresso Anual Mexicano de Neurologia Pedi\u00e1trica, realizado de 16 a 21 de maio de 2023 em Quer\u00e9taro, foi destacada. Durante o evento, estiveram presentes representantes-chave da Neurovirtual, incluindo Andrea Parra, Gerente de Vendas Latam, Joseph Pardo, Engenheiro Comercial, e Diego Barrientos, Assistente Comercial para o M\u00e9xico. A empresa apresentou uma ampla gama de equipamentos, incluindo o Monitor de C\u00e9rebro ICU BWIII EEG Plus, BWIII EEG Plus, BWMini Ambulatorio EEG e BWIII EEG. No entanto, os equipamentos mais destacados foram o BWIII EEG PLUS e o BWMini EEG.<\/p>\n\n\n\n<p>Durante o congresso, foram abordados diversos temas relevantes, como o uso do EEG de amplitude integrada multicanal no diagn\u00f3stico de crises neonatais. Esse tema foi coordenado pela Dra. Mar\u00eda Cristina Salazar Herrera, do M\u00e9xico, e contou com a participa\u00e7\u00e3o do Dr. Efra\u00edn Olivas Pe\u00f1a, tamb\u00e9m do M\u00e9xico. Outro tema importante foi o dos s\u00edndromes epil\u00e9pticos autolimitados com in\u00edcio em neonatos e lactentes, coordenado pela Dra. Matilde Ruiz Garc\u00eda e pela Dra. Adriana Carlota Cant\u00fa Salinas, do M\u00e9xico, com a participa\u00e7\u00e3o da Dra. Courtney J. Wusthoff, dos Estados Unidos, como professora.<\/p>\n\n\n\n<figure class=\"wp-block-gallery columns-4 is-cropped wp-block-gallery-1 is-layout-flex wp-block-gallery-is-layout-flex\"><ul class=\"blocks-gallery-grid\"><li class=\"blocks-gallery-item\"><figure><a href=\"https:\/\/neurovirtual.com\/br\/wp-content\/uploads\/2023\/07\/1.-Fotos-Congreso-de-Neuropediatria.jpg\"><img decoding=\"async\" width=\"576\" height=\"1024\" src=\"https:\/\/neurovirtual.com\/br\/wp-content\/uploads\/2023\/07\/1.-Fotos-Congreso-de-Neuropediatria-576x1024.jpg\" alt=\"\" data-id=\"815644\" data-full-url=\"https:\/\/neurovirtual.com\/br\/wp-content\/uploads\/2023\/07\/1.-Fotos-Congreso-de-Neuropediatria.jpg\" data-link=\"https:\/\/neurovirtual.com\/br\/?attachment_id=815644\" class=\"wp-image-815644\" srcset=\"https:\/\/neurovirtual.com\/br\/wp-content\/uploads\/2023\/07\/1.-Fotos-Congreso-de-Neuropediatria-576x1024.jpg 576w, https:\/\/neurovirtual.com\/br\/wp-content\/uploads\/2023\/07\/1.-Fotos-Congreso-de-Neuropediatria-169x300.jpg 169w, https:\/\/neurovirtual.com\/br\/wp-content\/uploads\/2023\/07\/1.-Fotos-Congreso-de-Neuropediatria-768x1365.jpg 768w, https:\/\/neurovirtual.com\/br\/wp-content\/uploads\/2023\/07\/1.-Fotos-Congreso-de-Neuropediatria-864x1536.jpg 864w, https:\/\/neurovirtual.com\/br\/wp-content\/uploads\/2023\/07\/1.-Fotos-Congreso-de-Neuropediatria-141x250.jpg 141w, https:\/\/neurovirtual.com\/br\/wp-content\/uploads\/2023\/07\/1.-Fotos-Congreso-de-Neuropediatria-191x340.jpg 191w, https:\/\/neurovirtual.com\/br\/wp-content\/uploads\/2023\/07\/1.-Fotos-Congreso-de-Neuropediatria.jpg 1080w\" sizes=\"(max-width: 576px) 100vw, 576px\" \/><\/a><\/figure><\/li><li class=\"blocks-gallery-item\"><figure><a href=\"https:\/\/neurovirtual.com\/br\/wp-content\/uploads\/2023\/07\/2.-Fotos-Congreso-de-Neuropediatria.jpg\"><img decoding=\"async\" width=\"576\" height=\"1024\" src=\"https:\/\/neurovirtual.com\/br\/wp-content\/uploads\/2023\/07\/2.-Fotos-Congreso-de-Neuropediatria-576x1024.jpg\" alt=\"\" data-id=\"815645\" data-full-url=\"https:\/\/neurovirtual.com\/br\/wp-content\/uploads\/2023\/07\/2.-Fotos-Congreso-de-Neuropediatria.jpg\" data-link=\"https:\/\/neurovirtual.com\/br\/?attachment_id=815645\" class=\"wp-image-815645\" srcset=\"https:\/\/neurovirtual.com\/br\/wp-content\/uploads\/2023\/07\/2.-Fotos-Congreso-de-Neuropediatria-576x1024.jpg 576w, https:\/\/neurovirtual.com\/br\/wp-content\/uploads\/2023\/07\/2.-Fotos-Congreso-de-Neuropediatria-169x300.jpg 169w, https:\/\/neurovirtual.com\/br\/wp-content\/uploads\/2023\/07\/2.-Fotos-Congreso-de-Neuropediatria-768x1365.jpg 768w, https:\/\/neurovirtual.com\/br\/wp-content\/uploads\/2023\/07\/2.-Fotos-Congreso-de-Neuropediatria-864x1536.jpg 864w, https:\/\/neurovirtual.com\/br\/wp-content\/uploads\/2023\/07\/2.-Fotos-Congreso-de-Neuropediatria-141x250.jpg 141w, https:\/\/neurovirtual.com\/br\/wp-content\/uploads\/2023\/07\/2.-Fotos-Congreso-de-Neuropediatria-191x340.jpg 191w, https:\/\/neurovirtual.com\/br\/wp-content\/uploads\/2023\/07\/2.-Fotos-Congreso-de-Neuropediatria.jpg 1080w\" sizes=\"(max-width: 576px) 100vw, 576px\" \/><\/a><\/figure><\/li><li class=\"blocks-gallery-item\"><figure><a href=\"https:\/\/neurovirtual.com\/br\/wp-content\/uploads\/2023\/07\/3.-Congreso-de-Neuropediatria.jpg\"><img decoding=\"async\" width=\"576\" height=\"1024\" src=\"https:\/\/neurovirtual.com\/br\/wp-content\/uploads\/2023\/07\/3.-Congreso-de-Neuropediatria-576x1024.jpg\" alt=\"\" data-id=\"815646\" data-full-url=\"https:\/\/neurovirtual.com\/br\/wp-content\/uploads\/2023\/07\/3.-Congreso-de-Neuropediatria.jpg\" data-link=\"https:\/\/neurovirtual.com\/br\/?attachment_id=815646\" class=\"wp-image-815646\" srcset=\"https:\/\/neurovirtual.com\/br\/wp-content\/uploads\/2023\/07\/3.-Congreso-de-Neuropediatria-576x1024.jpg 576w, https:\/\/neurovirtual.com\/br\/wp-content\/uploads\/2023\/07\/3.-Congreso-de-Neuropediatria-169x300.jpg 169w, https:\/\/neurovirtual.com\/br\/wp-content\/uploads\/2023\/07\/3.-Congreso-de-Neuropediatria-768x1365.jpg 768w, https:\/\/neurovirtual.com\/br\/wp-content\/uploads\/2023\/07\/3.-Congreso-de-Neuropediatria-864x1536.jpg 864w, https:\/\/neurovirtual.com\/br\/wp-content\/uploads\/2023\/07\/3.-Congreso-de-Neuropediatria-141x250.jpg 141w, https:\/\/neurovirtual.com\/br\/wp-content\/uploads\/2023\/07\/3.-Congreso-de-Neuropediatria-191x340.jpg 191w, https:\/\/neurovirtual.com\/br\/wp-content\/uploads\/2023\/07\/3.-Congreso-de-Neuropediatria.jpg 1080w\" sizes=\"(max-width: 576px) 100vw, 576px\" \/><\/a><\/figure><\/li><li class=\"blocks-gallery-item\"><figure><a href=\"https:\/\/neurovirtual.com\/br\/wp-content\/uploads\/2023\/07\/4.-Fotos-Congreso-de-Neuropediatria.jpg\"><img decoding=\"async\" width=\"576\" height=\"1024\" src=\"https:\/\/neurovirtual.com\/br\/wp-content\/uploads\/2023\/07\/4.-Fotos-Congreso-de-Neuropediatria-576x1024.jpg\" alt=\"\" data-id=\"815647\" data-full-url=\"https:\/\/neurovirtual.com\/br\/wp-content\/uploads\/2023\/07\/4.-Fotos-Congreso-de-Neuropediatria.jpg\" data-link=\"https:\/\/neurovirtual.com\/br\/?attachment_id=815647\" class=\"wp-image-815647\" srcset=\"https:\/\/neurovirtual.com\/br\/wp-content\/uploads\/2023\/07\/4.-Fotos-Congreso-de-Neuropediatria-576x1024.jpg 576w, https:\/\/neurovirtual.com\/br\/wp-content\/uploads\/2023\/07\/4.-Fotos-Congreso-de-Neuropediatria-169x300.jpg 169w, https:\/\/neurovirtual.com\/br\/wp-content\/uploads\/2023\/07\/4.-Fotos-Congreso-de-Neuropediatria-768x1365.jpg 768w, https:\/\/neurovirtual.com\/br\/wp-content\/uploads\/2023\/07\/4.-Fotos-Congreso-de-Neuropediatria-864x1536.jpg 864w, https:\/\/neurovirtual.com\/br\/wp-content\/uploads\/2023\/07\/4.-Fotos-Congreso-de-Neuropediatria-141x250.jpg 141w, https:\/\/neurovirtual.com\/br\/wp-content\/uploads\/2023\/07\/4.-Fotos-Congreso-de-Neuropediatria-191x340.jpg 191w, https:\/\/neurovirtual.com\/br\/wp-content\/uploads\/2023\/07\/4.-Fotos-Congreso-de-Neuropediatria.jpg 1080w\" sizes=\"(max-width: 576px) 100vw, 576px\" \/><\/a><\/figure><\/li><\/ul><\/figure>\n\n\n\n<p>O congresso tamb\u00e9m incluiu temas voltados para pais e professores, sem custo, al\u00e9m de um curso presencial e virtual sobre medicina do sono, tamb\u00e9m sem custo algum. Essas iniciativas refletem o compromisso da Sociedade Mexicana de Neurologia Pedi\u00e1trica em apoiar a dissemina\u00e7\u00e3o de conhecimentos de alto n\u00edvel no campo das doen\u00e7as neurol\u00f3gicas pedi\u00e1tricas.<\/p>\n","protected":false},"excerpt":{"rendered":"<p>A participa\u00e7\u00e3o da Neurovirtual no XXXI Congresso Anual Mexicano de Neurologia Pedi\u00e1trica, realizado de 16 a 21 de maio de 2023 em Quer\u00e9taro, foi destacada. Durante o evento, estiveram presentes representantes-chave da Neurovirtual, incluindo Andrea Parra, Gerente de Vendas Latam, Joseph Pardo, Engenheiro Comercial, e Diego Barrientos, Assistente Comercial para o M\u00e9xico. A empresa apresentou&#8230;<\/p>\n","protected":false},"author":6,"featured_media":815650,"comment_status":"open","ping_status":"open","sticky":false,"template":"","format":"standard","meta":{"_acf_changed":false,"_joinchat":[],"footnotes":""},"categories":[15,43,20],"tags":[],"acf":[],"_links":{"self":[{"href":"https:\/\/neurovirtual.com\/br\/wp-json\/wp\/v2\/posts\/815642"}],"collection":[{"href":"https:\/\/neurovirtual.com\/br\/wp-json\/wp\/v2\/posts"}],"about":[{"href":"https:\/\/neurovirtual.com\/br\/wp-json\/wp\/v2\/types\/post"}],"author":[{"embeddable":true,"href":"https:\/\/neurovirtual.com\/br\/wp-json\/wp\/v2\/users\/6"}],"replies":[{"embeddable":true,"href":"https:\/\/neurovirtual.com\/br\/wp-json\/wp\/v2\/comments?post=815642"}],"version-history":[{"count":3,"href":"https:\/\/neurovirtual.com\/br\/wp-json\/wp\/v2\/posts\/815642\/revisions"}],"predecessor-version":[{"id":815649,"href":"https:\/\/neurovirtual.com\/br\/wp-json\/wp\/v2\/posts\/815642\/revisions\/815649"}],"wp:featuredmedia":[{"embeddable":true,"href":"https:\/\/neurovirtual.com\/br\/wp-json\/wp\/v2\/media\/815650"}],"wp:attachment":[{"href":"https:\/\/neurovirtual.com\/br\/wp-json\/wp\/v2\/media?parent=815642"}],"wp:term":[{"taxonomy":"category","embeddable":true,"href":"https:\/\/neurovirtual.com\/br\/wp-json\/wp\/v2\/categories?post=815642"},{"taxonomy":"post_tag","embeddable":true,"href":"https:\/\/neurovirtual.com\/br\/wp-json\/wp\/v2\/tags?post=815642"}],"curies":[{"name":"wp","href":"https:\/\/api.w.org\/{rel}","templated":true}]}}