{"id":815600,"date":"2023-06-25T12:55:02","date_gmt":"2023-06-25T15:55:02","guid":{"rendered":"https:\/\/neurovirtual.com\/br\/?p=815600"},"modified":"2023-07-21T17:29:21","modified_gmt":"2023-07-21T20:29:21","slug":"neurovirtual-na-vanguarda-destaques-do-xvi-congresso-panamericano-de-neurologia","status":"publish","type":"post","link":"https:\/\/neurovirtual.com\/br\/neurovirtual-na-vanguarda-destaques-do-xvi-congresso-panamericano-de-neurologia\/","title":{"rendered":"Neurovirtual na vanguarda: Destaques do XVI Congresso Panamericano de Neurologia"},"content":{"rendered":"\n<p class=\"has-drop-cap\">A participa\u00e7\u00e3o da Neurovirtual no <a href=\"https:\/\/grupomilenium.live\/event\/neurologia2023\/details\/es\" target=\"_blank\" data-type=\"URL\" data-id=\"https:\/\/grupomilenium.live\/event\/neurologia2023\/details\/es\" rel=\"noreferrer noopener\">XVI Congresso Panamericano de Neurologia<\/a>, realizado em Lima, Peru, de 8 a 10 de junho de 2023, foi marcada por uma presen\u00e7a significativa e pela apresenta\u00e7\u00e3o de equipamentos de \u00faltima gera\u00e7\u00e3o. A empresa esteve representada por Angie Medellin, representante comercial para a Am\u00e9rica Latina, e Andrea Parra, gerente de vendas da Am\u00e9rica Latina.<\/p>\n\n\n\n<p>No stand da Neurovirtual, foram exibidos diversos equipamentos, incluindo o <a href=\"https:\/\/neurovirtual.com\/br\/equipamento\/bwiii-eeg-plus-icu-monitoracao-eeg\/\" target=\"_blank\" data-type=\"URL\" data-id=\"https:\/\/neurovirtual.com\/br\/equipamento\/bwiii-eeg-plus-icu-monitoracao-eeg\/\" rel=\"noreferrer noopener\">Eletroencefal\u00f3grafo BWIII EEG Plus ICU Brain Monitor<\/a>, o <a href=\"https:\/\/neurovirtual.com\/br\/equipamento\/bw-iii-plus\/\" target=\"_blank\" data-type=\"URL\" data-id=\"https:\/\/neurovirtual.com\/br\/equipamento\/bw-iii-plus\/\" rel=\"noreferrer noopener\">BWIII EEG Plus<\/a>, o <a href=\"https:\/\/neurovirtual.com\/br\/equipamento\/bwmini-eeg\/\" target=\"_blank\" data-type=\"URL\" data-id=\"https:\/\/neurovirtual.com\/br\/equipamento\/bwmini-eeg\/\" rel=\"noreferrer noopener\">BWMini EEG<\/a> e o <a href=\"https:\/\/neurovirtual.com\/br\/equipamento\/bwiii-eeg\/\" target=\"_blank\" data-type=\"URL\" data-id=\"https:\/\/neurovirtual.com\/br\/equipamento\/bwiii-eeg\/\" rel=\"noreferrer noopener\">BWIII EEG<\/a>. Destaca-se especialmente o <a href=\"https:\/\/neurovirtual.com\/br\/equipamento\/bwiii-eeg\/\" target=\"_blank\" data-type=\"URL\" data-id=\"https:\/\/neurovirtual.com\/br\/equipamento\/bwiii-eeg\/\" rel=\"noreferrer noopener\">Eletroencefal\u00f3grafo BWIII EEG<\/a>, que chamou a aten\u00e7\u00e3o dos participantes e despertou interesse.<\/p>\n\n\n\n<p>Durante o congresso, importantes m\u00e9dicos neurologistas visitaram o estande da Neurovirtual, entre eles o<a href=\"https:\/\/neurovirtual.com\/br\/impactos-da-medicina-do-sono-na-psiquiatria-uma-conversa-com-o-dr-franklin-escobar\/\" target=\"_blank\" data-type=\"URL\" data-id=\"https:\/\/neurovirtual.com\/br\/impactos-da-medicina-do-sono-na-psiquiatria-uma-conversa-com-o-dr-franklin-escobar\/\" rel=\"noreferrer noopener\"> Dr. Franklin Escobar<\/a> e o Dr. Alejandro Escalaya. Sua presen\u00e7a evidenciou o reconhecimento da marca e sua relev\u00e2ncia no campo da neurologia.<\/p>\n\n\n\n<div class=\"wp-block-image\"><figure class=\"aligncenter size-large is-resized\"><a href=\"https:\/\/neurovirtual.com\/br\/wp-content\/uploads\/2023\/07\/1.-Congresso-Panamericano-de-Neurologia-2023-Peru.jpg\"><img decoding=\"async\" src=\"https:\/\/neurovirtual.com\/br\/wp-content\/uploads\/2023\/07\/1.-Congresso-Panamericano-de-Neurologia-2023-Peru-1024x990.jpg\" alt=\"\" class=\"wp-image-815635\" width=\"256\" height=\"248\" srcset=\"https:\/\/neurovirtual.com\/br\/wp-content\/uploads\/2023\/07\/1.-Congresso-Panamericano-de-Neurologia-2023-Peru-1024x990.jpg 1024w, https:\/\/neurovirtual.com\/br\/wp-content\/uploads\/2023\/07\/1.-Congresso-Panamericano-de-Neurologia-2023-Peru-300x290.jpg 300w, https:\/\/neurovirtual.com\/br\/wp-content\/uploads\/2023\/07\/1.-Congresso-Panamericano-de-Neurologia-2023-Peru-768x742.jpg 768w, https:\/\/neurovirtual.com\/br\/wp-content\/uploads\/2023\/07\/1.-Congresso-Panamericano-de-Neurologia-2023-Peru-259x250.jpg 259w, https:\/\/neurovirtual.com\/br\/wp-content\/uploads\/2023\/07\/1.-Congresso-Panamericano-de-Neurologia-2023-Peru-352x340.jpg 352w, https:\/\/neurovirtual.com\/br\/wp-content\/uploads\/2023\/07\/1.-Congresso-Panamericano-de-Neurologia-2023-Peru.jpg 1200w\" sizes=\"(max-width: 256px) 100vw, 256px\" \/><\/a><\/figure><\/div>\n\n\n\n<p>Com cerca de 600 participantes no evento, a Neurovirtual se destacou como fabricante direto, ressaltando que no Peru s\u00e3o poucas as distribuidoras estabelecidas h\u00e1 muito tempo. Isso proporcionou \u00e0 empresa uma posi\u00e7\u00e3o de destaque, demonstrando qualidade e garantindo um excelente servi\u00e7o p\u00f3s-venda em outras filiais no Peru.<\/p>\n\n\n\n<p>A participa\u00e7\u00e3o da Neurovirtual no XVI Congresso Panamericano de Neurologia foi um sucesso, permitindo \u00e0 empresa fortalecer sua presen\u00e7a no mercado latino-americano e estabelecer contatos importantes com profissionais de destaque no campo da neurologia.<\/p>\n","protected":false},"excerpt":{"rendered":"<p>A participa\u00e7\u00e3o da Neurovirtual no XVI Congresso Panamericano de Neurologia, realizado em Lima, Peru, de 8 a 10 de junho de 2023, foi marcada por uma presen\u00e7a significativa e pela apresenta\u00e7\u00e3o de equipamentos de \u00faltima gera\u00e7\u00e3o. A empresa esteve representada por Angie Medellin, representante comercial para a Am\u00e9rica Latina, e Andrea Parra, gerente de vendas&#8230;<\/p>\n","protected":false},"author":6,"featured_media":815638,"comment_status":"open","ping_status":"open","sticky":false,"template":"","format":"standard","meta":{"_acf_changed":false,"_joinchat":[],"footnotes":""},"categories":[15,43,20],"tags":[],"acf":[],"_links":{"self":[{"href":"https:\/\/neurovirtual.com\/br\/wp-json\/wp\/v2\/posts\/815600"}],"collection":[{"href":"https:\/\/neurovirtual.com\/br\/wp-json\/wp\/v2\/posts"}],"about":[{"href":"https:\/\/neurovirtual.com\/br\/wp-json\/wp\/v2\/types\/post"}],"author":[{"embeddable":true,"href":"https:\/\/neurovirtual.com\/br\/wp-json\/wp\/v2\/users\/6"}],"replies":[{"embeddable":true,"href":"https:\/\/neurovirtual.com\/br\/wp-json\/wp\/v2\/comments?post=815600"}],"version-history":[{"count":13,"href":"https:\/\/neurovirtual.com\/br\/wp-json\/wp\/v2\/posts\/815600\/revisions"}],"predecessor-version":[{"id":815657,"href":"https:\/\/neurovirtual.com\/br\/wp-json\/wp\/v2\/posts\/815600\/revisions\/815657"}],"wp:featuredmedia":[{"embeddable":true,"href":"https:\/\/neurovirtual.com\/br\/wp-json\/wp\/v2\/media\/815638"}],"wp:attachment":[{"href":"https:\/\/neurovirtual.com\/br\/wp-json\/wp\/v2\/media?parent=815600"}],"wp:term":[{"taxonomy":"category","embeddable":true,"href":"https:\/\/neurovirtual.com\/br\/wp-json\/wp\/v2\/categories?post=815600"},{"taxonomy":"post_tag","embeddable":true,"href":"https:\/\/neurovirtual.com\/br\/wp-json\/wp\/v2\/tags?post=815600"}],"curies":[{"name":"wp","href":"https:\/\/api.w.org\/{rel}","templated":true}]}}