{"id":815589,"date":"2023-06-15T14:10:24","date_gmt":"2023-06-15T17:10:24","guid":{"rendered":"https:\/\/neurovirtual.com\/br\/?p=815589"},"modified":"2023-06-15T14:10:26","modified_gmt":"2023-06-15T17:10:26","slug":"avancos-em-eletroencefalografia-neurovirtual-marca-presenca-no-congresso-paulista-de-neurologia","status":"publish","type":"post","link":"https:\/\/neurovirtual.com\/br\/avancos-em-eletroencefalografia-neurovirtual-marca-presenca-no-congresso-paulista-de-neurologia\/","title":{"rendered":"Avan\u00e7os em eletroencefalografia: Neurovirtual marca presen\u00e7a no Congresso Paulista de Neurologia"},"content":{"rendered":"\n<p>A Neurovirtual marcou presen\u00e7a no <a href=\"https:\/\/congressopaulistadeneurologia.com\/cpn2023\" target=\"_blank\" data-type=\"URL\" data-id=\"https:\/\/congressopaulistadeneurologia.com\/cpn2023\" rel=\"noreferrer noopener\">Congresso Paulista de Neurologia 2023<\/a>, realizado em Santos &#8211; SP, de 31 de maio a 3 de junho. A empresa foi representada pelos especialistas Sandro Senra e Alex Oliveira, respectivamente, especialista cl\u00ednico e gerente de vendas.<\/p>\n\n\n\n<p>Durante o evento, a Neurovirtual apresentou uma linha completa de Eletroencefal\u00f3grafos de \u00faltima gera\u00e7\u00e3o, incluindo o <a href=\"https:\/\/neurovirtual.com\/br\/equipamento\/bwiii-eeg-plus-icu-monitoracao-eeg\/\" target=\"_blank\" data-type=\"URL\" data-id=\"https:\/\/neurovirtual.com\/br\/equipamento\/bwiii-eeg-plus-icu-monitoracao-eeg\/\" rel=\"noreferrer noopener\">BWIII EEG Plus ICU Monitoriza\u00e7\u00e3o EEG<\/a>, <a href=\"https:\/\/neurovirtual.com\/br\/equipamento\/bw-iii-plus\/\" target=\"_blank\" data-type=\"URL\" data-id=\"https:\/\/neurovirtual.com\/br\/equipamento\/bw-iii-plus\/\" rel=\"noreferrer noopener\">BWIII EEG Plus<\/a>, <a href=\"https:\/\/neurovirtual.com\/br\/equipamento\/bwmini-eeg\/\" target=\"_blank\" data-type=\"URL\" data-id=\"https:\/\/neurovirtual.com\/br\/equipamento\/bwmini-eeg\/\" rel=\"noreferrer noopener\">BWMini EEG <\/a>e <a href=\"https:\/\/neurovirtual.com\/br\/equipamento\/bwiii-eeg\/\" target=\"_blank\" data-type=\"URL\" data-id=\"https:\/\/neurovirtual.com\/br\/equipamento\/bwiii-eeg\/\" rel=\"noreferrer noopener\">BWIII EEG<\/a>. Esses dispositivos inovadores oferecem avan\u00e7ada monitoriza\u00e7\u00e3o eletroencefalogr\u00e1fica, proporcionando aos profissionais da neurologia recursos tecnol\u00f3gicos de alta qualidade.<\/p>\n\n\n\n<figure class=\"wp-block-gallery columns-2 is-cropped wp-block-gallery-1 is-layout-flex wp-block-gallery-is-layout-flex\"><ul class=\"blocks-gallery-grid\"><li class=\"blocks-gallery-item\"><figure><a href=\"https:\/\/neurovirtual.com\/br\/wp-content\/uploads\/2023\/06\/Congresso-Paulista-de-Neurologia-2023.jpg\"><img decoding=\"async\" width=\"1000\" height=\"785\" src=\"https:\/\/neurovirtual.com\/br\/wp-content\/uploads\/2023\/06\/Congresso-Paulista-de-Neurologia-2023.jpg\" alt=\"\" data-id=\"815593\" data-full-url=\"https:\/\/neurovirtual.com\/br\/wp-content\/uploads\/2023\/06\/Congresso-Paulista-de-Neurologia-2023.jpg\" data-link=\"https:\/\/neurovirtual.com\/br\/?attachment_id=815593\" class=\"wp-image-815593\" srcset=\"https:\/\/neurovirtual.com\/br\/wp-content\/uploads\/2023\/06\/Congresso-Paulista-de-Neurologia-2023.jpg 1000w, https:\/\/neurovirtual.com\/br\/wp-content\/uploads\/2023\/06\/Congresso-Paulista-de-Neurologia-2023-300x236.jpg 300w, https:\/\/neurovirtual.com\/br\/wp-content\/uploads\/2023\/06\/Congresso-Paulista-de-Neurologia-2023-768x603.jpg 768w, https:\/\/neurovirtual.com\/br\/wp-content\/uploads\/2023\/06\/Congresso-Paulista-de-Neurologia-2023-318x250.jpg 318w, https:\/\/neurovirtual.com\/br\/wp-content\/uploads\/2023\/06\/Congresso-Paulista-de-Neurologia-2023-433x340.jpg 433w\" sizes=\"(max-width: 1000px) 100vw, 1000px\" \/><\/a><\/figure><\/li><li class=\"blocks-gallery-item\"><figure><a href=\"https:\/\/neurovirtual.com\/br\/wp-content\/uploads\/2023\/06\/Congresso-Paulista-de-Neurologia-2023-2.jpg\"><img decoding=\"async\" width=\"1000\" height=\"828\" src=\"https:\/\/neurovirtual.com\/br\/wp-content\/uploads\/2023\/06\/Congresso-Paulista-de-Neurologia-2023-2.jpg\" alt=\"\" data-id=\"815594\" data-full-url=\"https:\/\/neurovirtual.com\/br\/wp-content\/uploads\/2023\/06\/Congresso-Paulista-de-Neurologia-2023-2.jpg\" data-link=\"https:\/\/neurovirtual.com\/br\/?attachment_id=815594\" class=\"wp-image-815594\" srcset=\"https:\/\/neurovirtual.com\/br\/wp-content\/uploads\/2023\/06\/Congresso-Paulista-de-Neurologia-2023-2.jpg 1000w, https:\/\/neurovirtual.com\/br\/wp-content\/uploads\/2023\/06\/Congresso-Paulista-de-Neurologia-2023-2-300x248.jpg 300w, https:\/\/neurovirtual.com\/br\/wp-content\/uploads\/2023\/06\/Congresso-Paulista-de-Neurologia-2023-2-768x636.jpg 768w, https:\/\/neurovirtual.com\/br\/wp-content\/uploads\/2023\/06\/Congresso-Paulista-de-Neurologia-2023-2-302x250.jpg 302w, https:\/\/neurovirtual.com\/br\/wp-content\/uploads\/2023\/06\/Congresso-Paulista-de-Neurologia-2023-2-411x340.jpg 411w\" sizes=\"(max-width: 1000px) 100vw, 1000px\" \/><\/a><\/figure><\/li><\/ul><\/figure>\n\n\n\n<p>Um dos grandes destaques da Neurovirtual no congresso foi o Software <a href=\"https:\/\/neurovirtual.com\/br\/equipamento\/bwanalysis_software\/\" target=\"_blank\" data-type=\"URL\" data-id=\"https:\/\/neurovirtual.com\/br\/equipamento\/bwanalysis_software\/\" rel=\"noreferrer noopener\">BWAnalysis EEG\/ICU\/LTM<\/a>. Esse software, al\u00e9m de ser altamente personaliz\u00e1vel, \u00e9 de f\u00e1cil utiliza\u00e7\u00e3o, contando ainda com atualiza\u00e7\u00f5es gratuitas e a vantagem de oferecer modelos de relat\u00f3rios ilimitados. Essa solu\u00e7\u00e3o inovadora agrega valor aos servi\u00e7os prestados pelos profissionais da \u00e1rea, facilitando a an\u00e1lise e o diagn\u00f3stico de pacientes com dist\u00farbios neurol\u00f3gicos.<\/p>\n\n\n\n<p>A participa\u00e7\u00e3o da Neurovirtual no Congresso Paulista de Neurologia consolidou sua posi\u00e7\u00e3o como l\u00edder em tecnologia de neurologia, demonstrando seu compromisso em fornecer solu\u00e7\u00f5es avan\u00e7adas e de alta qualidade para a comunidade m\u00e9dica.<\/p>\n","protected":false},"excerpt":{"rendered":"<p>A Neurovirtual marcou presen\u00e7a no Congresso Paulista de Neurologia 2023, realizado em Santos &#8211; SP, de 31 de maio a 3 de junho. A empresa foi representada pelos especialistas Sandro Senra e Alex Oliveira, respectivamente, especialista cl\u00ednico e gerente de vendas. Durante o evento, a Neurovirtual apresentou uma linha completa de Eletroencefal\u00f3grafos de \u00faltima gera\u00e7\u00e3o,&#8230;<\/p>\n","protected":false},"author":6,"featured_media":815596,"comment_status":"open","ping_status":"open","sticky":false,"template":"","format":"standard","meta":{"_acf_changed":false,"_joinchat":[],"footnotes":""},"categories":[15,43],"tags":[],"acf":[],"_links":{"self":[{"href":"https:\/\/neurovirtual.com\/br\/wp-json\/wp\/v2\/posts\/815589"}],"collection":[{"href":"https:\/\/neurovirtual.com\/br\/wp-json\/wp\/v2\/posts"}],"about":[{"href":"https:\/\/neurovirtual.com\/br\/wp-json\/wp\/v2\/types\/post"}],"author":[{"embeddable":true,"href":"https:\/\/neurovirtual.com\/br\/wp-json\/wp\/v2\/users\/6"}],"replies":[{"embeddable":true,"href":"https:\/\/neurovirtual.com\/br\/wp-json\/wp\/v2\/comments?post=815589"}],"version-history":[{"count":4,"href":"https:\/\/neurovirtual.com\/br\/wp-json\/wp\/v2\/posts\/815589\/revisions"}],"predecessor-version":[{"id":815595,"href":"https:\/\/neurovirtual.com\/br\/wp-json\/wp\/v2\/posts\/815589\/revisions\/815595"}],"wp:featuredmedia":[{"embeddable":true,"href":"https:\/\/neurovirtual.com\/br\/wp-json\/wp\/v2\/media\/815596"}],"wp:attachment":[{"href":"https:\/\/neurovirtual.com\/br\/wp-json\/wp\/v2\/media?parent=815589"}],"wp:term":[{"taxonomy":"category","embeddable":true,"href":"https:\/\/neurovirtual.com\/br\/wp-json\/wp\/v2\/categories?post=815589"},{"taxonomy":"post_tag","embeddable":true,"href":"https:\/\/neurovirtual.com\/br\/wp-json\/wp\/v2\/tags?post=815589"}],"curies":[{"name":"wp","href":"https:\/\/api.w.org\/{rel}","templated":true}]}}