{"id":815541,"date":"2023-05-16T09:28:24","date_gmt":"2023-05-16T12:28:24","guid":{"rendered":"https:\/\/neurovirtual.com\/br\/?p=815541"},"modified":"2023-05-16T09:39:31","modified_gmt":"2023-05-16T12:39:31","slug":"momentos-destacados-do-xv-congresso-nacional-de-medicina-do-sono","status":"publish","type":"post","link":"https:\/\/neurovirtual.com\/br\/momentos-destacados-do-xv-congresso-nacional-de-medicina-do-sono\/","title":{"rendered":"Momentos destacados do XV Congresso Nacional de Medicina do Sono!"},"content":{"rendered":"\n<p>De 8 a 11 de mar\u00e7o, tivemos o privil\u00e9gio de participar do <a href=\"https:\/\/www.acmes.com.co\/xv-congreso-nacional-de-medicina-del-sueno\/\" target=\"_blank\" data-type=\"URL\" data-id=\"https:\/\/www.acmes.com.co\/xv-congreso-nacional-de-medicina-del-sueno\/\" rel=\"noreferrer noopener\">XV Congresso Nacional de Medicina do Sono<\/a> em Barranquilla, Col\u00f4mbia. A Neurovirtual esteve presente como um dos principais patrocinadores, e queremos compartilhar com voc\u00eas nossa experi\u00eancia neste importante evento.<\/p>\n\n\n\n<p>Durante o congresso, apresentamos nossos produtos em destaque, o <strong><a href=\"https:\/\/neurovirtual.com\/br\/equipamento\/bw-iii-psg-plus\/\" target=\"_blank\" data-type=\"URL\" data-id=\"https:\/\/neurovirtual.com\/br\/equipamento\/bw-iii-psg-plus\/\" rel=\"noreferrer noopener\">BWIII PSG PLUS <\/a><\/strong>e o<strong> <a href=\"https:\/\/neurovirtual.com\/br\/equipamento\/bw-mini-psg\/\" target=\"_blank\" data-type=\"URL\" data-id=\"https:\/\/neurovirtual.com\/br\/equipamento\/bw-mini-psg\/\" rel=\"noreferrer noopener\">BWMINI PSG<\/a><\/strong>, que despertaram grande interesse entre os participantes. Nossa equipe de representantes, composta por Katerin Laverde, Andrea Parra e Angie Medellin, forneceu informa\u00e7\u00f5es detalhadas e demonstra\u00e7\u00f5es desses produtos inovadores aos visitantes de nosso estande.<\/p>\n\n\n\n<div class=\"wp-block-image\"><figure class=\"alignleft size-full is-resized\"><a href=\"https:\/\/neurovirtual.com\/br\/wp-content\/uploads\/2023\/05\/foto-3.jpeg\"><img decoding=\"async\" src=\"https:\/\/neurovirtual.com\/br\/wp-content\/uploads\/2023\/05\/foto-3.jpeg\" alt=\"\" class=\"wp-image-815542\" width=\"512\" height=\"384\" srcset=\"https:\/\/neurovirtual.com\/br\/wp-content\/uploads\/2023\/05\/foto-3.jpeg 1024w, https:\/\/neurovirtual.com\/br\/wp-content\/uploads\/2023\/05\/foto-3-300x225.jpeg 300w, https:\/\/neurovirtual.com\/br\/wp-content\/uploads\/2023\/05\/foto-3-768x576.jpeg 768w, https:\/\/neurovirtual.com\/br\/wp-content\/uploads\/2023\/05\/foto-3-333x250.jpeg 333w, https:\/\/neurovirtual.com\/br\/wp-content\/uploads\/2023\/05\/foto-3-453x340.jpeg 453w\" sizes=\"(max-width: 512px) 100vw, 512px\" \/><\/a><\/figure><\/div>\n\n\n\n<p>Al\u00e9m disso, tivemos a honra de receber a visita de renomados profissionais da medicina, como <a href=\"https:\/\/neurovirtual.com\/br\/entrevista-com-a-dra-maria-angelica-bazurto-zapata-presidente-da-associacao-colombiana-de-medicina-do-sono\/\" target=\"_blank\" data-type=\"URL\" data-id=\"https:\/\/neurovirtual.com\/br\/entrevista-com-a-dra-maria-angelica-bazurto-zapata-presidente-da-associacao-colombiana-de-medicina-do-sono\/\" rel=\"noreferrer noopener\">Dra. Maria Angelica Bazurto<\/a>, Dr. Rafael Lobelo, <a href=\"https:\/\/neurovirtual.com\/br\/impactos-da-medicina-do-sono-na-psiquiatria-uma-conversa-com-o-dr-franklin-escobar\/\" target=\"_blank\" data-type=\"URL\" data-id=\"https:\/\/neurovirtual.com\/br\/impactos-da-medicina-do-sono-na-psiquiatria-uma-conversa-com-o-dr-franklin-escobar\/\" rel=\"noreferrer noopener\">Dr. Franklin Escobar<\/a> e Dr. Carlos Bodero do Equador. Foi uma oportunidade inestim\u00e1vel para estabelecer conex\u00f5es e compartilhar conhecimentos com esses m\u00e9dicos influentes.<\/p>\n\n\n\n<p>Com a participa\u00e7\u00e3o de aproximadamente 300 profissionais, o XV Congresso Nacional de Medicina do Sono foi um sucesso retumbante. Sentimo-nos honrados por termos sido reconhecidos como uma das marcas patrocinadoras com maior impacto no mercado. Agradecemos a todos os participantes pelo seu apoio e confian\u00e7a na Neurovirtual.<\/p>\n\n\n\n<p>Estamos animados com os novos desafios e oportunidades que nos esperam no futuro, e continuaremos a oferecer solu\u00e7\u00f5es inovadoras no campo da medicina do sono. Fiquem atentos \u00e0s nossas atualiza\u00e7\u00f5es e n\u00e3o hesitem em entrar em contato conosco para obter mais informa\u00e7\u00f5es sobre nossos produtos e servi\u00e7os.<\/p>\n\n\n\n<p>At\u00e9 o pr\u00f3ximo congresso!<\/p>\n","protected":false},"excerpt":{"rendered":"<p>De 8 a 11 de mar\u00e7o, tivemos o privil\u00e9gio de participar do XV Congresso Nacional de Medicina do Sono em Barranquilla, Col\u00f4mbia. A Neurovirtual esteve presente como um dos principais patrocinadores, e queremos compartilhar com voc\u00eas nossa experi\u00eancia neste importante evento. Durante o congresso, apresentamos nossos produtos em destaque, o BWIII PSG PLUS e o&#8230;<\/p>\n","protected":false},"author":6,"featured_media":815544,"comment_status":"open","ping_status":"open","sticky":false,"template":"","format":"standard","meta":{"_acf_changed":false,"_joinchat":[],"footnotes":""},"categories":[1],"tags":[],"acf":[],"_links":{"self":[{"href":"https:\/\/neurovirtual.com\/br\/wp-json\/wp\/v2\/posts\/815541"}],"collection":[{"href":"https:\/\/neurovirtual.com\/br\/wp-json\/wp\/v2\/posts"}],"about":[{"href":"https:\/\/neurovirtual.com\/br\/wp-json\/wp\/v2\/types\/post"}],"author":[{"embeddable":true,"href":"https:\/\/neurovirtual.com\/br\/wp-json\/wp\/v2\/users\/6"}],"replies":[{"embeddable":true,"href":"https:\/\/neurovirtual.com\/br\/wp-json\/wp\/v2\/comments?post=815541"}],"version-history":[{"count":5,"href":"https:\/\/neurovirtual.com\/br\/wp-json\/wp\/v2\/posts\/815541\/revisions"}],"predecessor-version":[{"id":815548,"href":"https:\/\/neurovirtual.com\/br\/wp-json\/wp\/v2\/posts\/815541\/revisions\/815548"}],"wp:featuredmedia":[{"embeddable":true,"href":"https:\/\/neurovirtual.com\/br\/wp-json\/wp\/v2\/media\/815544"}],"wp:attachment":[{"href":"https:\/\/neurovirtual.com\/br\/wp-json\/wp\/v2\/media?parent=815541"}],"wp:term":[{"taxonomy":"category","embeddable":true,"href":"https:\/\/neurovirtual.com\/br\/wp-json\/wp\/v2\/categories?post=815541"},{"taxonomy":"post_tag","embeddable":true,"href":"https:\/\/neurovirtual.com\/br\/wp-json\/wp\/v2\/tags?post=815541"}],"curies":[{"name":"wp","href":"https:\/\/api.w.org\/{rel}","templated":true}]}}