{"id":815513,"date":"2023-05-10T07:42:30","date_gmt":"2023-05-10T10:42:30","guid":{"rendered":"https:\/\/neurovirtual.com\/br\/?p=815513"},"modified":"2023-05-10T07:42:33","modified_gmt":"2023-05-10T10:42:33","slug":"o-hospital-rodriguez-zambrano-fortalece-seus-servicos-de-diagnostico-com-o-equipamento-neurovirtual-bwiii-eeg-plus-icu-brain-monitor","status":"publish","type":"post","link":"https:\/\/neurovirtual.com\/br\/o-hospital-rodriguez-zambrano-fortalece-seus-servicos-de-diagnostico-com-o-equipamento-neurovirtual-bwiii-eeg-plus-icu-brain-monitor\/","title":{"rendered":"O Hospital Rodr\u00edguez Zambrano fortalece seus servi\u00e7os de diagn\u00f3stico com o equipamento Neurovirtual BWIII EEG Plus ICU Brain Monitor"},"content":{"rendered":"\n<p>O Hospital Rodr\u00edguez Zambrano deu um passo importante no compromisso de fornecer servi\u00e7os de diagn\u00f3stico de alta qualidade ao ativar o servi\u00e7o de Video-eletroencefalografia. Para realizar essa iniciativa, o hospital adquiriu o equipamento <a href=\"https:\/\/neurovirtual.com\/br\/equipamento\/bwiii-eeg-plus-icu-monitoracao-eeg\/\" target=\"_blank\" data-type=\"URL\" data-id=\"https:\/\/neurovirtual.com\/br\/equipamento\/bwiii-eeg-plus-icu-monitoracao-eeg\/\" rel=\"noreferrer noopener\">Neurovirtual BWIII EEG Plus ICU Brain Monitor<\/a>, que se adiciona \u00e0 sua carteira de servi\u00e7os como parte do processo de equipamento integral que vive esta institui\u00e7\u00e3o de sa\u00fade.<\/p>\n\n\n\n<div class=\"wp-block-image\"><figure class=\"aligncenter size-large is-resized\"><a href=\"https:\/\/neurovirtual.com\/br\/wp-content\/uploads\/2023\/05\/345026530_260805219669099_1453516293964956571_n.jpg\"><img decoding=\"async\" src=\"https:\/\/neurovirtual.com\/br\/wp-content\/uploads\/2023\/05\/345026530_260805219669099_1453516293964956571_n-1024x872.jpg\" alt=\"\" class=\"wp-image-815515\" width=\"512\" height=\"436\" srcset=\"https:\/\/neurovirtual.com\/br\/wp-content\/uploads\/2023\/05\/345026530_260805219669099_1453516293964956571_n-1024x872.jpg 1024w, https:\/\/neurovirtual.com\/br\/wp-content\/uploads\/2023\/05\/345026530_260805219669099_1453516293964956571_n-300x255.jpg 300w, https:\/\/neurovirtual.com\/br\/wp-content\/uploads\/2023\/05\/345026530_260805219669099_1453516293964956571_n-768x654.jpg 768w, https:\/\/neurovirtual.com\/br\/wp-content\/uploads\/2023\/05\/345026530_260805219669099_1453516293964956571_n-1536x1308.jpg 1536w, https:\/\/neurovirtual.com\/br\/wp-content\/uploads\/2023\/05\/345026530_260805219669099_1453516293964956571_n-294x250.jpg 294w, https:\/\/neurovirtual.com\/br\/wp-content\/uploads\/2023\/05\/345026530_260805219669099_1453516293964956571_n-399x340.jpg 399w, https:\/\/neurovirtual.com\/br\/wp-content\/uploads\/2023\/05\/345026530_260805219669099_1453516293964956571_n.jpg 2048w\" sizes=\"(max-width: 512px) 100vw, 512px\" \/><\/a><\/figure><\/div>\n\n\n\n<p>Com a ativa\u00e7\u00e3o deste importante recurso, o hospital poder\u00e1 cobrir as necessidades diagn\u00f3sticas de Emerg\u00eancia e Hospitaliza\u00e7\u00e3o. Al\u00e9m disso, as autoridades do hospital planejam ampliar a cobertura do servi\u00e7o nas pr\u00f3ximas semanas e atender a todos os estudos necess\u00e1rios em todas as \u00e1reas de atendimento deste centro de sa\u00fade de segundo n\u00edvel.<\/p>\n\n\n\n<p>A doa\u00e7\u00e3o de video-eletroencefal\u00f3grafos feita pelo Minist\u00e9rio da Sa\u00fade P\u00fablica do Equador foi fundamental para a implementa\u00e7\u00e3o deste servi\u00e7o no Hospital Rodr\u00edguez Zambrano. Dessa forma, a capacidade do hospital de oferecer diagn\u00f3sticos precisos e oportunos aos pacientes \u00e9 fortalecida, o que contribui para melhorar a qualidade de atendimento e consolidar sua posi\u00e7\u00e3o como um dos centros de sa\u00fade mais importantes da regi\u00e3o.<\/p>\n\n\n\n<p><a href=\"https:\/\/www.facebook.com\/photo\/?fbid=633338578832828&amp;set=a.481130064053681\" target=\"_blank\" data-type=\"URL\" data-id=\"https:\/\/www.facebook.com\/photo\/?fbid=633338578832828&amp;set=a.481130064053681\" rel=\"noreferrer noopener\">Clique aqui<\/a> para ler a not\u00edcia na p\u00e1gina do Hospital Rodr\u00edguez Zambrano &#8211; HRZ Manta.<\/p>\n","protected":false},"excerpt":{"rendered":"<p>O Hospital Rodr\u00edguez Zambrano deu um passo importante no compromisso de fornecer servi\u00e7os de diagn\u00f3stico de alta qualidade ao ativar o servi\u00e7o de Video-eletroencefalografia. Para realizar essa iniciativa, o hospital adquiriu o equipamento Neurovirtual BWIII EEG Plus ICU Brain Monitor, que se adiciona \u00e0 sua carteira de servi\u00e7os como parte do processo de equipamento integral&#8230;<\/p>\n","protected":false},"author":6,"featured_media":815517,"comment_status":"open","ping_status":"open","sticky":false,"template":"","format":"standard","meta":{"_acf_changed":false,"_joinchat":[],"footnotes":""},"categories":[20,43,16],"tags":[],"acf":[],"_links":{"self":[{"href":"https:\/\/neurovirtual.com\/br\/wp-json\/wp\/v2\/posts\/815513"}],"collection":[{"href":"https:\/\/neurovirtual.com\/br\/wp-json\/wp\/v2\/posts"}],"about":[{"href":"https:\/\/neurovirtual.com\/br\/wp-json\/wp\/v2\/types\/post"}],"author":[{"embeddable":true,"href":"https:\/\/neurovirtual.com\/br\/wp-json\/wp\/v2\/users\/6"}],"replies":[{"embeddable":true,"href":"https:\/\/neurovirtual.com\/br\/wp-json\/wp\/v2\/comments?post=815513"}],"version-history":[{"count":3,"href":"https:\/\/neurovirtual.com\/br\/wp-json\/wp\/v2\/posts\/815513\/revisions"}],"predecessor-version":[{"id":815518,"href":"https:\/\/neurovirtual.com\/br\/wp-json\/wp\/v2\/posts\/815513\/revisions\/815518"}],"wp:featuredmedia":[{"embeddable":true,"href":"https:\/\/neurovirtual.com\/br\/wp-json\/wp\/v2\/media\/815517"}],"wp:attachment":[{"href":"https:\/\/neurovirtual.com\/br\/wp-json\/wp\/v2\/media?parent=815513"}],"wp:term":[{"taxonomy":"category","embeddable":true,"href":"https:\/\/neurovirtual.com\/br\/wp-json\/wp\/v2\/categories?post=815513"},{"taxonomy":"post_tag","embeddable":true,"href":"https:\/\/neurovirtual.com\/br\/wp-json\/wp\/v2\/tags?post=815513"}],"curies":[{"name":"wp","href":"https:\/\/api.w.org\/{rel}","templated":true}]}}