{"id":815477,"date":"2023-03-20T09:24:00","date_gmt":"2023-03-20T12:24:00","guid":{"rendered":"https:\/\/neurovirtual.com\/br\/?p=815477"},"modified":"2023-05-05T10:40:42","modified_gmt":"2023-05-05T13:40:42","slug":"xxv-aniversario-da-clinica-de-disturbios-do-sono-da-unam","status":"publish","type":"post","link":"https:\/\/neurovirtual.com\/br\/xxv-aniversario-da-clinica-de-disturbios-do-sono-da-unam\/","title":{"rendered":"XXV Anivers\u00e1rio da Cl\u00ednica de Dist\u00farbios do Sono da UNAM"},"content":{"rendered":"\n<p>A <a href=\"https:\/\/clinicadelsueno.facmed.unam.mx\/index.php\" target=\"_blank\" data-type=\"URL\" data-id=\"https:\/\/clinicadelsueno.facmed.unam.mx\/index.php\" rel=\"noreferrer noopener\">Cl\u00ednica de Dist\u00farbios do Sono da Universidade Nacional Aut\u00f4noma do M\u00e9xico (UNAM)<\/a> celebrou em 17 de mar\u00e7o seu XXV anivers\u00e1rio e, para comemorar este evento, um congresso foi realizado com a participa\u00e7\u00e3o de m\u00e9dicos e especialistas no tema do sono. No evento, v\u00e1rios produtos da Neurovirtual foram apresentados, incluindo o <a href=\"https:\/\/neurovirtual.com\/br\/equipamento\/bw-mini-hst\/\" target=\"_blank\" data-type=\"URL\" data-id=\"https:\/\/neurovirtual.com\/br\/equipamento\/bw-mini-hst\/\" rel=\"noreferrer noopener\">BWMini HST<\/a> e o <a href=\"https:\/\/neurovirtual.com\/br\/equipamento\/bwmini-hst-compass\/\" target=\"_blank\" data-type=\"URL\" data-id=\"https:\/\/neurovirtual.com\/br\/equipamento\/bwmini-hst-compass\/\" rel=\"noreferrer noopener\">HST Compass,<\/a> destacando especialmente o <a href=\"https:\/\/neurovirtual.com\/br\/equipamento\/bw-mini-hst\/\" target=\"_blank\" data-type=\"URL\" data-id=\"https:\/\/neurovirtual.com\/br\/equipamento\/bw-mini-hst\/\" rel=\"noreferrer noopener\">BWMini HST<\/a>, que chamou a aten\u00e7\u00e3o dos participantes por sua praticidade e conforto.<\/p>\n\n\n\n<div class=\"wp-block-image\"><figure class=\"aligncenter size-large is-resized\"><a href=\"https:\/\/neurovirtual.com\/br\/wp-content\/uploads\/2023\/05\/Aniversario-de-la-clinica-de-trastornos-del-sueno-de-la-UNAM-2.jpg\"><img decoding=\"async\" src=\"https:\/\/neurovirtual.com\/br\/wp-content\/uploads\/2023\/05\/Aniversario-de-la-clinica-de-trastornos-del-sueno-de-la-UNAM-2-972x1024.jpg\" alt=\"\" class=\"wp-image-815479\" width=\"346\" height=\"364\" srcset=\"https:\/\/neurovirtual.com\/br\/wp-content\/uploads\/2023\/05\/Aniversario-de-la-clinica-de-trastornos-del-sueno-de-la-UNAM-2-972x1024.jpg 972w, https:\/\/neurovirtual.com\/br\/wp-content\/uploads\/2023\/05\/Aniversario-de-la-clinica-de-trastornos-del-sueno-de-la-UNAM-2-285x300.jpg 285w, https:\/\/neurovirtual.com\/br\/wp-content\/uploads\/2023\/05\/Aniversario-de-la-clinica-de-trastornos-del-sueno-de-la-UNAM-2-768x809.jpg 768w, https:\/\/neurovirtual.com\/br\/wp-content\/uploads\/2023\/05\/Aniversario-de-la-clinica-de-trastornos-del-sueno-de-la-UNAM-2-237x250.jpg 237w, https:\/\/neurovirtual.com\/br\/wp-content\/uploads\/2023\/05\/Aniversario-de-la-clinica-de-trastornos-del-sueno-de-la-UNAM-2-323x340.jpg 323w, https:\/\/neurovirtual.com\/br\/wp-content\/uploads\/2023\/05\/Aniversario-de-la-clinica-de-trastornos-del-sueno-de-la-UNAM-2.jpg 1200w\" sizes=\"(max-width: 346px) 100vw, 346px\" \/><\/a><\/figure><\/div>\n\n\n\n<p>A equipe da Neurovirtual, representada por Joseph Pardo e Diego Barrientos, teve a oportunidade de apresentar seus produtos aos m\u00e9dicos do evento, incluindo o Dr. Rafael Santana Miranda, respons\u00e1vel pela Cl\u00ednica de Dist\u00farbios do Sono da UNAM, o Dr. Gabriel Cruz Zorrilla, presidente da Academia Mexicana de Medicina do Sono A.C. e a Dra. Mar\u00eda Lourdes Galicia Polo, t\u00e9cnica em Polissonografia. Al\u00e9m disso, para comprovar a efic\u00e1cia do <a href=\"https:\/\/neurovirtual.com\/br\/equipamento\/bw-mini-hst\/\" target=\"_blank\" data-type=\"URL\" data-id=\"https:\/\/neurovirtual.com\/br\/equipamento\/bw-mini-hst\/\" rel=\"noreferrer noopener\">BWMini HST<\/a>, foi realizada uma demonstra\u00e7\u00e3o t\u00e9cnica para apresentar todas as suas vantagens e fun\u00e7\u00f5es durante o evento.<\/p>\n\n\n\n<p>Descubra toda a linha de equipamentos de sono da Neurovirtual <a href=\"https:\/\/neurovirtual.com\/br\/segmentos\/medicina-do-sono\/\" target=\"_blank\" data-type=\"URL\" data-id=\"https:\/\/neurovirtual.com\/br\/segmentos\/medicina-do-sono\/\" rel=\"noreferrer noopener\">clicando aqui<\/a>.<\/p>\n","protected":false},"excerpt":{"rendered":"<p>A Cl\u00ednica de Dist\u00farbios do Sono da Universidade Nacional Aut\u00f4noma do M\u00e9xico (UNAM) celebrou em 17 de mar\u00e7o seu XXV anivers\u00e1rio e, para comemorar este evento, um congresso foi realizado com a participa\u00e7\u00e3o de m\u00e9dicos e especialistas no tema do sono. No evento, v\u00e1rios produtos da Neurovirtual foram apresentados, incluindo o BWMini HST e o&#8230;<\/p>\n","protected":false},"author":6,"featured_media":815482,"comment_status":"open","ping_status":"open","sticky":false,"template":"","format":"standard","meta":{"_acf_changed":false,"_joinchat":[],"footnotes":""},"categories":[15,20],"tags":[],"acf":[],"_links":{"self":[{"href":"https:\/\/neurovirtual.com\/br\/wp-json\/wp\/v2\/posts\/815477"}],"collection":[{"href":"https:\/\/neurovirtual.com\/br\/wp-json\/wp\/v2\/posts"}],"about":[{"href":"https:\/\/neurovirtual.com\/br\/wp-json\/wp\/v2\/types\/post"}],"author":[{"embeddable":true,"href":"https:\/\/neurovirtual.com\/br\/wp-json\/wp\/v2\/users\/6"}],"replies":[{"embeddable":true,"href":"https:\/\/neurovirtual.com\/br\/wp-json\/wp\/v2\/comments?post=815477"}],"version-history":[{"count":5,"href":"https:\/\/neurovirtual.com\/br\/wp-json\/wp\/v2\/posts\/815477\/revisions"}],"predecessor-version":[{"id":815484,"href":"https:\/\/neurovirtual.com\/br\/wp-json\/wp\/v2\/posts\/815477\/revisions\/815484"}],"wp:featuredmedia":[{"embeddable":true,"href":"https:\/\/neurovirtual.com\/br\/wp-json\/wp\/v2\/media\/815482"}],"wp:attachment":[{"href":"https:\/\/neurovirtual.com\/br\/wp-json\/wp\/v2\/media?parent=815477"}],"wp:term":[{"taxonomy":"category","embeddable":true,"href":"https:\/\/neurovirtual.com\/br\/wp-json\/wp\/v2\/categories?post=815477"},{"taxonomy":"post_tag","embeddable":true,"href":"https:\/\/neurovirtual.com\/br\/wp-json\/wp\/v2\/tags?post=815477"}],"curies":[{"name":"wp","href":"https:\/\/api.w.org\/{rel}","templated":true}]}}