{"id":815443,"date":"2023-03-14T14:21:43","date_gmt":"2023-03-14T17:21:43","guid":{"rendered":"https:\/\/neurovirtual.com\/br\/?p=815443"},"modified":"2023-03-14T14:59:26","modified_gmt":"2023-03-14T17:59:26","slug":"entrevista-com-a-dra-maria-angelica-bazurto-zapata-presidente-da-associacao-colombiana-de-medicina-do-sono","status":"publish","type":"post","link":"https:\/\/neurovirtual.com\/br\/entrevista-com-a-dra-maria-angelica-bazurto-zapata-presidente-da-associacao-colombiana-de-medicina-do-sono\/","title":{"rendered":"Entrevista com a Dra. Mar\u00eda Ang\u00e9lica Bazurto Zapata, presidente da Associa\u00e7\u00e3o Colombiana de Medicina do Sono"},"content":{"rendered":"\n<div class=\"wp-block-image\"><figure class=\"alignleft size-full is-resized\"><a href=\"https:\/\/neurovirtual.com\/br\/wp-content\/uploads\/2023\/03\/Doutora-Maria-Angelica-Bazurto-Zapata-presidente-da-Associacao-Colombiana-de-Medicina-do-Sono.png\"><img decoding=\"async\" src=\"https:\/\/neurovirtual.com\/br\/wp-content\/uploads\/2023\/03\/Doutora-Maria-Angelica-Bazurto-Zapata-presidente-da-Associacao-Colombiana-de-Medicina-do-Sono.png\" alt=\"\" class=\"wp-image-815451\" width=\"355\" height=\"323\" srcset=\"https:\/\/neurovirtual.com\/br\/wp-content\/uploads\/2023\/03\/Doutora-Maria-Angelica-Bazurto-Zapata-presidente-da-Associacao-Colombiana-de-Medicina-do-Sono.png 838w, https:\/\/neurovirtual.com\/br\/wp-content\/uploads\/2023\/03\/Doutora-Maria-Angelica-Bazurto-Zapata-presidente-da-Associacao-Colombiana-de-Medicina-do-Sono-300x273.png 300w, https:\/\/neurovirtual.com\/br\/wp-content\/uploads\/2023\/03\/Doutora-Maria-Angelica-Bazurto-Zapata-presidente-da-Associacao-Colombiana-de-Medicina-do-Sono-768x699.png 768w, https:\/\/neurovirtual.com\/br\/wp-content\/uploads\/2023\/03\/Doutora-Maria-Angelica-Bazurto-Zapata-presidente-da-Associacao-Colombiana-de-Medicina-do-Sono-275x250.png 275w, https:\/\/neurovirtual.com\/br\/wp-content\/uploads\/2023\/03\/Doutora-Maria-Angelica-Bazurto-Zapata-presidente-da-Associacao-Colombiana-de-Medicina-do-Sono-373x340.png 373w\" sizes=\"(max-width: 355px) 100vw, 355px\" \/><\/a><\/figure><\/div>\n\n\n\n<h3 class=\"wp-block-heading\">Doutora Bazurto, poderia contar um pouco sobre sua trajet\u00f3ria profissional e acad\u00eamica?<\/h3>\n\n\n\n<p>Bom, sou m\u00e9dica da Universidade El Bosque. E fiz resid\u00eancia em Medicina Interna e Pneumologia na Universidade El Bosque. \u00a0Pouco depois de me formar, comecei a trabalhar na F<a href=\"https:\/\/www.neumologica.org\/\" target=\"_blank\" data-type=\"URL\" data-id=\"https:\/\/www.neumologica.org\/\" rel=\"noreferrer noopener\">unda\u00e7\u00e3o Neumol\u00f3gica Colombiana<\/a>. Atualmente, sou a presidente da <a href=\"https:\/\/www.acmes.com.co\/\" target=\"_blank\" data-type=\"URL\" data-id=\"https:\/\/www.acmes.com.co\/\" rel=\"noreferrer noopener\">Associa\u00e7\u00e3o Colombiana de Medicina do Sono.<\/a><\/p>\n\n\n\n<h3 class=\"wp-block-heading\">Como tem sido sua experi\u00eancia como presidente da Associa\u00e7\u00e3o Colombiana de Medicina do Sono? Quais s\u00e3o os principais desafios?<\/h3>\n\n\n\n<p>Ser presidente de uma associa\u00e7\u00e3o cient\u00edfica \u00e9 realmente uma oportunidade, tem sido dif\u00edcil porque essas tarefas s\u00e3o feitas nas horas extras e com a quantidade de trabalho que temos, n\u00e3o \u00e9 f\u00e1cil, mas realmente tem sido uma experi\u00eancia muito enriquecedora. Fizemos trabalhos muito importantes na educa\u00e7\u00e3o m\u00e9dica como conscientizar os doutores da aten\u00e7\u00e3o prim\u00e1ria sobre a import\u00e2ncia de diagnosticar alguns dist\u00farbios do sono, especialmente a apneia obstrutiva.<\/p>\n\n\n\n<h3 class=\"wp-block-heading\">Como tem sido sua experi\u00eancia em seu cargo de diretora do servi\u00e7o de laborat\u00f3rio do sono na <a href=\"https:\/\/www.neumologica.org\/\" target=\"_blank\" data-type=\"URL\" data-id=\"https:\/\/www.neumologica.org\/\" rel=\"noreferrer noopener\">Funda\u00e7\u00e3o Neumol\u00f3gica da Col\u00f4mbia<\/a>?<\/h3>\n\n\n\n<p>Trabalhar na <a href=\"https:\/\/www.neumologica.org\/\" target=\"_blank\" data-type=\"URL\" data-id=\"https:\/\/www.neumologica.org\/\" rel=\"noreferrer noopener\">Funda\u00e7\u00e3o Neumol\u00f3gica<\/a> \u00e9 uma experi\u00eancia muito importante. Ser chefe dessa \u00e1rea tem implicado um desafio permanente de crescimento, mas tamb\u00e9m de manter a qualidade, apesar desse crescimento. Por outro lado, estar aqui me permitiu fazer pesquisa, que \u00e9 algo que sou apaixonada. J\u00e1 temos v\u00e1rios trabalhos publicados e, com base neles, pude ensinar. Aqui, residentes de v\u00e1rias especialidades, especialmente pneumologia, passam pelo laborat\u00f3rio do sono. Tivemos a oportunidade de formar especialistas que v\u00eam da Col\u00f4mbia e de alguns pa\u00edses da Am\u00e9rica Latina. Essa experi\u00eancia docente \u00e9 muito importante para a Funda\u00e7\u00e3o Neumol\u00f3gica, \u00e9 parte de sua miss\u00e3o, e realmente \u00e9 algo que me preenche muito.<\/p>\n\n\n\n<h3 class=\"wp-block-heading\">A Neurovirtual teve a honra de trabalhar com voc\u00ea na realiza\u00e7\u00e3o do Simp\u00f3sio Latino-Americano de Atualiza\u00e7\u00e3o em Medicina do Sono, no qual voc\u00ea ministrou uma importante confer\u00eancia sobre os exames em casa. Quais s\u00e3o as maiores vantagens e cuidados ao realizar os exames de polissonografia em casa?<\/h3>\n\n\n\n<p>As polissonografias domiciliares permitem que o paciente durma no seu pr\u00f3prio lar. Isso \u00e9 muito importante, pois alguns pacientes preferem assim, podem dormir melhor e se sentem mais confort\u00e1veis. Claro que tem suas dificuldades, entre elas est\u00e1 a perda de sinais do estudo, mas a quantidade de estudos que temos que repetir por perda de sinais n\u00e3o \u00e9 t\u00e3o alta. \u00c9 uma dificuldade que se pode superar sem problemas. A outra vantagem \u00e9 que n\u00e3o ocupa os espa\u00e7os dos laborat\u00f3rio do sono com leitos, tornando o estudo mais oportuno e n\u00e3o tenhamos listas de espera t\u00e3o prolongadas.<\/p>\n\n\n\n<h3 class=\"wp-block-heading\">Outro t\u00f3pico abordado por voc\u00ea foi a indica\u00e7\u00e3o de oxig\u00eanio em polissonografia. A que aspectos o m\u00e9dico deve prestar aten\u00e7\u00e3o ao realizar essa indica\u00e7\u00e3o?<\/h3>\n\n\n\n<p>A indica\u00e7\u00e3o de oxig\u00eanio durante um estudo de polissonografia pode ser para pacientes que t\u00eam doen\u00e7as pulmonares cr\u00f4nicas e j\u00e1 apresentam dessatura\u00e7\u00e3o basal, se quisermos ver como o oxig\u00eanio se comporta durante o sono e, particularmente em grandes altitudes, usamos muito o oxig\u00eanio para o tratamento de algumas apneias centrais. Ent\u00e3o, acredito que esses dois t\u00f3picos seriam as recomenda\u00e7\u00f5es mais importantes em adultos. Em crian\u00e7as, quando h\u00e1 apneias centrais, por exemplo, em prematuros, tamb\u00e9m \u00e9 muito importante essa indica\u00e7\u00e3o no estudo do sono.<\/p>\n\n\n\n<h3 class=\"wp-block-heading\">Em que medida a indica\u00e7\u00e3o m\u00e9dica incerta ou ausente, al\u00e9m de fatores econ\u00f4micos, impacta na continuidade de um tratamento de pacientes com SAOS na Am\u00e9rica Latina?<\/h3>\n\n\n\n<p>Bem, na Am\u00e9rica Latina, digamos que a Col\u00f4mbia \u00e9 particularmente privilegiada porque o servi\u00e7o de sa\u00fade cobre o tratamento da apneia obstrutiva do sono com dispositivos de press\u00e3o positiva. Isso n\u00e3o ocorre em outros pa\u00edses da Am\u00e9rica Latina e os pacientes t\u00eam que arcar com o custo desse tratamento com seu pr\u00f3prio dinheiro, o que definitivamente afeta o acesso ao tratamento. Realizamos um estudo no qual a Funda\u00e7\u00e3o Neumol\u00f3gica participou, um estudo multic\u00eantrico latino-americano, e descobrimos que mais da metade dos pacientes que tinham indica\u00e7\u00e3o de CPAP n\u00e3o puderam iniciar o tratamento. A principal causa foi curiosamente a falta de uma indica\u00e7\u00e3o precisa do m\u00e9dico. Ent\u00e3o, isso denota, em parte, falta de forma\u00e7\u00e3o em dist\u00farbios do sono na comunidade m\u00e9dica.<\/p>\n\n\n\n<h3 class=\"wp-block-heading\">Doutora, acredita que a forma\u00e7\u00e3o adequada na realiza\u00e7\u00e3o de exames de polissonografia para adultos e crian\u00e7as \u00e9 um dos desafios na Am\u00e9rica Latina?<\/h3>\n\n\n\n<p>Sim, acredito que a forma\u00e7\u00e3o n\u00e3o apenas em polissonografia, mas em todos os aspectos da medicina do sono, ainda \u00e9 fraco na Am\u00e9rica Latina. Nas faculdades de medicina, o sono n\u00e3o \u00e9 ensinado em outras especialidades da sa\u00fade ou em outras profiss\u00f5es da sa\u00fade tamb\u00e9m n\u00e3o se fala sobre esse tema. \u00c9 realmente necess\u00e1rio muito treinamento em toda a Am\u00e9rica Latina.<\/p>\n\n\n\n<h3 class=\"wp-block-heading\">Como tem sido sua experi\u00eancia com a marca Neurovirtual?<\/h3>\n\n\n\n<p>N\u00f3s temos os equipamentos Neurovirtual h\u00e1 pouco tempo; a experi\u00eancia tem sido boa, recebemos muito suporte da empresa, digamos, com os problemas que tivemos, mas como tudo, temos aprendido sobre os equipamentos e nos adaptado \u00e0 nova tecnologia.<\/p>\n\n\n\n<h3 class=\"wp-block-heading\">Doutora, como voc\u00ea avalia o suporte t\u00e9cnico da Neurovirtual?<\/h3>\n\n\n\n<p>Acredito que o suporte t\u00e9cnico da Neurovirtual \u00e9 uma de suas grandes fortalezas. \u00c9 excelente. Sempre temos acesso 24 horas por dia e realmente temos suporte, n\u00e3o apenas da parte m\u00e9dica, mas tamb\u00e9m da parte t\u00e9cnica; \u00e0 noite, sempre temos acesso ao suporte t\u00e9cnico, por exemplo.<\/p>\n\n\n\n<h3 class=\"wp-block-heading\">Quais vantagens ou facilidades do software utilizado voc\u00ea destacaria como as mais importantes?<\/h3>\n\n\n\n<p>Acredito que o software \u00e9 muito amig\u00e1vel, pode ser personalizado e essa \u00e9 uma das vantagens para mim. Acredito que, \u00e9 claro, h\u00e1 coisas a melhorar, mas uma coisa que destacaria \u00e9 que a equipe t\u00e9cnica leva muito em considera\u00e7\u00e3o as sugest\u00f5es dos m\u00e9dicos e t\u00e9cnicos e tentam implementar ou incluir as mudan\u00e7as que sugerimos.<\/p>\n\n\n\n<h3 class=\"wp-block-heading\">Voc\u00ea recomendaria a marca para outros m\u00e9dicos?<\/h3>\n\n\n\n<p>Sim, eu recomendaria. Acredito que o software \u00e9 muito amig\u00e1vel como eu j\u00e1 disse, eles t\u00eam equipamentos muito vers\u00e1teis que podem ser usados em casa e no laborat\u00f3rio.<\/p>\n\n\n\n<h3 class=\"wp-block-heading\">Quais modelos de equipamentos Neurovirtual voc\u00ea possui atualmente?<\/h3>\n\n\n\n<p>Temos cinco <a href=\"https:\/\/neurovirtual.com\/br\/equipamento\/bw-mini-psg\/\" target=\"_blank\" data-type=\"URL\" data-id=\"https:\/\/neurovirtual.com\/br\/equipamento\/bw-mini-psg\/\" rel=\"noreferrer noopener\">BWMini <\/a>e dois <a href=\"https:\/\/neurovirtual.com\/br\/equipamento\/bw-iii-psg-plus\/\" target=\"_blank\" data-type=\"URL\" data-id=\"https:\/\/neurovirtual.com\/br\/equipamento\/bw-iii-psg-plus\/\" rel=\"noreferrer noopener\">BWIII<\/a>.<\/p>\n\n\n\n<h3 class=\"wp-block-heading\">Como foi a experi\u00eancia de transi\u00e7\u00e3o de seus equipamentos antigos para a Neurovirtual?<\/h3>\n\n\n\n<p>Como toda transi\u00e7\u00e3o, teve seus obst\u00e1culos, mas realmente todos n\u00f3s os superamos de m\u00e3os dadas com o suporte t\u00e9cnico e a empresa, que sempre estiveram l\u00e1 conosco. T\u00e9cnicos e m\u00e9dicos estamos implementando todas as mudan\u00e7as necess\u00e1rias e eu acredito que estamos indo muito bem.<\/p>\n","protected":false},"excerpt":{"rendered":"<p>Doutora Bazurto, poderia contar um pouco sobre sua trajet\u00f3ria profissional e acad\u00eamica? Bom, sou m\u00e9dica da Universidade El Bosque. E fiz resid\u00eancia em Medicina Interna e Pneumologia na Universidade El Bosque. \u00a0Pouco depois de me formar, comecei a trabalhar na Funda\u00e7\u00e3o Neumol\u00f3gica Colombiana. Atualmente, sou a presidente da Associa\u00e7\u00e3o Colombiana de Medicina do Sono. Como&#8230;<\/p>\n","protected":false},"author":6,"featured_media":815445,"comment_status":"open","ping_status":"open","sticky":false,"template":"","format":"standard","meta":{"_acf_changed":false,"_joinchat":[],"footnotes":""},"categories":[19,20],"tags":[],"acf":[],"_links":{"self":[{"href":"https:\/\/neurovirtual.com\/br\/wp-json\/wp\/v2\/posts\/815443"}],"collection":[{"href":"https:\/\/neurovirtual.com\/br\/wp-json\/wp\/v2\/posts"}],"about":[{"href":"https:\/\/neurovirtual.com\/br\/wp-json\/wp\/v2\/types\/post"}],"author":[{"embeddable":true,"href":"https:\/\/neurovirtual.com\/br\/wp-json\/wp\/v2\/users\/6"}],"replies":[{"embeddable":true,"href":"https:\/\/neurovirtual.com\/br\/wp-json\/wp\/v2\/comments?post=815443"}],"version-history":[{"count":10,"href":"https:\/\/neurovirtual.com\/br\/wp-json\/wp\/v2\/posts\/815443\/revisions"}],"predecessor-version":[{"id":815455,"href":"https:\/\/neurovirtual.com\/br\/wp-json\/wp\/v2\/posts\/815443\/revisions\/815455"}],"wp:featuredmedia":[{"embeddable":true,"href":"https:\/\/neurovirtual.com\/br\/wp-json\/wp\/v2\/media\/815445"}],"wp:attachment":[{"href":"https:\/\/neurovirtual.com\/br\/wp-json\/wp\/v2\/media?parent=815443"}],"wp:term":[{"taxonomy":"category","embeddable":true,"href":"https:\/\/neurovirtual.com\/br\/wp-json\/wp\/v2\/categories?post=815443"},{"taxonomy":"post_tag","embeddable":true,"href":"https:\/\/neurovirtual.com\/br\/wp-json\/wp\/v2\/tags?post=815443"}],"curies":[{"name":"wp","href":"https:\/\/api.w.org\/{rel}","templated":true}]}}