{"id":815428,"date":"2022-11-23T19:41:00","date_gmt":"2022-11-23T22:41:00","guid":{"rendered":"https:\/\/neurovirtual.com\/br\/?p=815428"},"modified":"2023-03-01T18:10:06","modified_gmt":"2023-03-01T21:10:06","slug":"neurovirtual-incentiva-a-corrida-para-dormir-bem-em-evento-da-associacao-colombiana-da-medicina-do-sonho","status":"publish","type":"post","link":"https:\/\/neurovirtual.com\/br\/neurovirtual-incentiva-a-corrida-para-dormir-bem-em-evento-da-associacao-colombiana-da-medicina-do-sonho\/","title":{"rendered":"Neurovirtual incentiva a corrida para dormir bem em evento da Associa\u00e7\u00e3o Colombiana da Medicina do Sonho"},"content":{"rendered":"\n<p>Sempre pensando no bem-estar de seus clientes e de quem precisa&nbsp;diagn\u00f3sticos da medicina do sono, a Neurovirtual esteve presente no <a href=\"https:\/\/www.acmes.com.co\/simposio-regional-de-trastornos-del-sueno-paipa-2022\/\" target=\"_blank\" data-type=\"URL\" data-id=\"https:\/\/www.acmes.com.co\/simposio-regional-de-trastornos-del-sueno-paipa-2022\/\" rel=\"noreferrer noopener\">Simp\u00f3sio Regional de Transtornos do Sono<\/a>, promovido pela Associa\u00e7\u00e3o Colombiana de Medicina do Sono (<a href=\"https:\/\/www.acmes.com.co\/\" target=\"_blank\" data-type=\"URL\" data-id=\"https:\/\/www.acmes.com.co\/\" rel=\"noreferrer noopener\">ACMES<\/a>), nos dias 18 e 19 de novembro, em Boyaca, na Col\u00f4mbia. A equipe da Neurovirtual apresentou produtos importantes da \u00e1rea da medicina do sono em seu estande no evento:<a href=\"https:\/\/neurovirtual.com\/latam\/equipamento\/bw-iii-psg-plus\/\" target=\"_blank\" data-type=\"URL\" data-id=\"https:\/\/neurovirtual.com\/latam\/equipamento\/bw-iii-psg-plus\/\" rel=\"noreferrer noopener\"> BWIII PSG PLUS<\/a>&nbsp;e <a href=\"https:\/\/neurovirtual.com\/latam\/equipamento\/bwmini-psg\/\" target=\"_blank\" data-type=\"URL\" data-id=\"https:\/\/neurovirtual.com\/latam\/equipamento\/bwmini-psg\/\" rel=\"noreferrer noopener\">BWMINI PSG<\/a>. M\u00e9dicos renomados na \u00e1rea como Dra.  Mar\u00eda Ang\u00e9lica Bazurto e Dr. Rafael Lobelo visitaram o estande e conferiram de perto os equipamentos e servi\u00e7os da marca.&nbsp;<br><br>Aproximadamente 100 pessoas presentes no Simp\u00f3sio puderam assistir importantes palestras como&nbsp;<em>sono e epilepsia,<\/em>&nbsp;dirigida pelo Dr. Wils\u00f3n Rinc\u00f3n,&nbsp;<em>sono normal: a import\u00e2ncia do sono em crian\u00e7as e adultos<\/em>, palestrada pelo Dr. Miguel Suarez e Dra. Mar\u00eda Ang\u00e9lica Bazurto, entre outros. Al\u00e9m das apresenta\u00e7\u00f5es, foi promovida uma corrida de 3 quil\u00f4metros com a hashtag #YoCorroParaDormirBien como uma forma de incentivar esse esporte para uma melhora na qualidade do sono e, consequentemente, de vida.&nbsp;<\/p>\n\n\n\n<figure class=\"wp-block-gallery columns-3 is-cropped wp-block-gallery-1 is-layout-flex wp-block-gallery-is-layout-flex\"><ul class=\"blocks-gallery-grid\"><li class=\"blocks-gallery-item\"><figure><a href=\"https:\/\/neurovirtual.com\/br\/wp-content\/uploads\/2023\/02\/foto-2.jpeg\"><img decoding=\"async\" width=\"1003\" height=\"685\" src=\"https:\/\/neurovirtual.com\/br\/wp-content\/uploads\/2023\/02\/foto-2.jpeg\" alt=\"\" data-id=\"815434\" data-full-url=\"https:\/\/neurovirtual.com\/br\/wp-content\/uploads\/2023\/02\/foto-2.jpeg\" data-link=\"https:\/\/neurovirtual.com\/br\/?attachment_id=815434\" class=\"wp-image-815434\" srcset=\"https:\/\/neurovirtual.com\/br\/wp-content\/uploads\/2023\/02\/foto-2.jpeg 1003w, https:\/\/neurovirtual.com\/br\/wp-content\/uploads\/2023\/02\/foto-2-300x205.jpeg 300w, https:\/\/neurovirtual.com\/br\/wp-content\/uploads\/2023\/02\/foto-2-768x525.jpeg 768w, https:\/\/neurovirtual.com\/br\/wp-content\/uploads\/2023\/02\/foto-2-366x250.jpeg 366w, https:\/\/neurovirtual.com\/br\/wp-content\/uploads\/2023\/02\/foto-2-460x314.jpeg 460w\" sizes=\"(max-width: 1003px) 100vw, 1003px\" \/><\/a><\/figure><\/li><li class=\"blocks-gallery-item\"><figure><a href=\"https:\/\/neurovirtual.com\/br\/wp-content\/uploads\/2023\/02\/foto-9.jpeg\"><img decoding=\"async\" width=\"768\" height=\"835\" src=\"https:\/\/neurovirtual.com\/br\/wp-content\/uploads\/2023\/02\/foto-9.jpeg\" alt=\"\" data-id=\"815435\" data-full-url=\"https:\/\/neurovirtual.com\/br\/wp-content\/uploads\/2023\/02\/foto-9.jpeg\" data-link=\"https:\/\/neurovirtual.com\/br\/?attachment_id=815435\" class=\"wp-image-815435\" srcset=\"https:\/\/neurovirtual.com\/br\/wp-content\/uploads\/2023\/02\/foto-9.jpeg 768w, https:\/\/neurovirtual.com\/br\/wp-content\/uploads\/2023\/02\/foto-9-276x300.jpeg 276w, https:\/\/neurovirtual.com\/br\/wp-content\/uploads\/2023\/02\/foto-9-230x250.jpeg 230w, https:\/\/neurovirtual.com\/br\/wp-content\/uploads\/2023\/02\/foto-9-313x340.jpeg 313w\" sizes=\"(max-width: 768px) 100vw, 768px\" \/><\/a><\/figure><\/li><li class=\"blocks-gallery-item\"><figure><a href=\"https:\/\/neurovirtual.com\/br\/wp-content\/uploads\/2023\/02\/foto-12.jpeg\"><img decoding=\"async\" width=\"1024\" height=\"757\" src=\"https:\/\/neurovirtual.com\/br\/wp-content\/uploads\/2023\/02\/foto-12.jpeg\" alt=\"\" data-id=\"815436\" data-full-url=\"https:\/\/neurovirtual.com\/br\/wp-content\/uploads\/2023\/02\/foto-12.jpeg\" data-link=\"https:\/\/neurovirtual.com\/br\/?attachment_id=815436\" class=\"wp-image-815436\" srcset=\"https:\/\/neurovirtual.com\/br\/wp-content\/uploads\/2023\/02\/foto-12.jpeg 1024w, https:\/\/neurovirtual.com\/br\/wp-content\/uploads\/2023\/02\/foto-12-300x222.jpeg 300w, https:\/\/neurovirtual.com\/br\/wp-content\/uploads\/2023\/02\/foto-12-768x568.jpeg 768w, https:\/\/neurovirtual.com\/br\/wp-content\/uploads\/2023\/02\/foto-12-338x250.jpeg 338w, https:\/\/neurovirtual.com\/br\/wp-content\/uploads\/2023\/02\/foto-12-460x340.jpeg 460w\" sizes=\"(max-width: 1024px) 100vw, 1024px\" \/><\/a><\/figure><\/li><\/ul><\/figure>\n\n\n\n<p>A corrida aconteceu entre 7 e 10 da manh\u00e3, no \u00faltimo dia do encontro, s\u00e1bado (19). Logo ap\u00f3s foi realizado um caf\u00e9 da manh\u00e3, antes de iniciarem as seguintes palestras do dia:&nbsp;<em>higiene do sono e outras estrat\u00e9gias para lidar com os transtornos do sono e casos cl\u00ednicos<\/em>, palestrados pelo Dr. Jorge Echeverry, Dra. Sonia Restrepo, Dra. Ana Mar\u00eda Gonzalez. Por sempre valorizar e impulsionar a medicina do sono pelo mundo, a Neurovirtual patrocinou a corrida.&nbsp;<\/p>\n","protected":false},"excerpt":{"rendered":"<p>Sempre pensando no bem-estar de seus clientes e de quem precisa&nbsp;diagn\u00f3sticos da medicina do sono, a Neurovirtual esteve presente no Simp\u00f3sio Regional de Transtornos do Sono, promovido pela Associa\u00e7\u00e3o Colombiana de Medicina do Sono (ACMES), nos dias 18 e 19 de novembro, em Boyaca, na Col\u00f4mbia. A equipe da Neurovirtual apresentou produtos importantes da \u00e1rea&#8230;<\/p>\n","protected":false},"author":6,"featured_media":815440,"comment_status":"open","ping_status":"open","sticky":false,"template":"","format":"standard","meta":{"_acf_changed":false,"_joinchat":[],"footnotes":""},"categories":[15,20],"tags":[],"acf":[],"_links":{"self":[{"href":"https:\/\/neurovirtual.com\/br\/wp-json\/wp\/v2\/posts\/815428"}],"collection":[{"href":"https:\/\/neurovirtual.com\/br\/wp-json\/wp\/v2\/posts"}],"about":[{"href":"https:\/\/neurovirtual.com\/br\/wp-json\/wp\/v2\/types\/post"}],"author":[{"embeddable":true,"href":"https:\/\/neurovirtual.com\/br\/wp-json\/wp\/v2\/users\/6"}],"replies":[{"embeddable":true,"href":"https:\/\/neurovirtual.com\/br\/wp-json\/wp\/v2\/comments?post=815428"}],"version-history":[{"count":9,"href":"https:\/\/neurovirtual.com\/br\/wp-json\/wp\/v2\/posts\/815428\/revisions"}],"predecessor-version":[{"id":815441,"href":"https:\/\/neurovirtual.com\/br\/wp-json\/wp\/v2\/posts\/815428\/revisions\/815441"}],"wp:featuredmedia":[{"embeddable":true,"href":"https:\/\/neurovirtual.com\/br\/wp-json\/wp\/v2\/media\/815440"}],"wp:attachment":[{"href":"https:\/\/neurovirtual.com\/br\/wp-json\/wp\/v2\/media?parent=815428"}],"wp:term":[{"taxonomy":"category","embeddable":true,"href":"https:\/\/neurovirtual.com\/br\/wp-json\/wp\/v2\/categories?post=815428"},{"taxonomy":"post_tag","embeddable":true,"href":"https:\/\/neurovirtual.com\/br\/wp-json\/wp\/v2\/tags?post=815428"}],"curies":[{"name":"wp","href":"https:\/\/api.w.org\/{rel}","templated":true}]}}