{"id":815386,"date":"2023-01-20T17:31:59","date_gmt":"2023-01-20T20:31:59","guid":{"rendered":"https:\/\/neurovirtual.com\/br\/?p=815386"},"modified":"2023-05-17T13:39:07","modified_gmt":"2023-05-17T16:39:07","slug":"xix-congresso-brasileiro-do-sono-conta-com-a-exposicao-de-equipamentos-polissonigrafos-da-neurovirtual","status":"publish","type":"post","link":"https:\/\/neurovirtual.com\/br\/xix-congresso-brasileiro-do-sono-conta-com-a-exposicao-de-equipamentos-polissonigrafos-da-neurovirtual\/","title":{"rendered":"XIX Congresso Brasileiro do Sono conta com a exposi\u00e7\u00e3o de equipamentos polisson\u00edgrafos da Neurovirtual"},"content":{"rendered":"\n<p>A import\u00e2ncia do sono para a sa\u00fade e qualidade de vida deve ser sempre lembrada, levando em considera\u00e7\u00e3o a vida corrida do dia a dia. A Neurovirtual valoriza esses princ\u00edpios e sempre busca estar presente nos principais congressos do mundo da medicina do sono para apresentar o que a empresa tem feito para colaborar com esse setor, sempre pensando no cliente e no paciente. E em 2022 n\u00e3o foi diferente: a Neurovirtual participou do <a href=\"https:\/\/www.sono2022.com.br\/\" target=\"_blank\" rel=\"noopener\">XIX Congresso Brasileiro do Sono<\/a> realizado entre 30 de novembro a 03 de dezembro de 2022, na cidade de Goi\u00e2nia (Goi\u00e1s), no Centro de Conven\u00e7\u00f5es.<\/p>\n\n\n\n<p>O presidente da Neurovirtual, Ed Faria, esteve no evento e ressaltou a import\u00e2ncia da marca de estar presente no meio de tantos m\u00e9dicos e palestrantes renomados. <em>\u201cDesde 2017, participamos deste congresso. Somos uma empresa focada e especializada em medicina do sono e em neurologia. E estar em espa\u00e7os como este possibilita discuss\u00f5es e elabora\u00e7\u00f5es cient\u00edficas sobre PSG e diagn\u00f3sticos de transtornos do sono. Com tanto conhecimento compartilhado, podemos aprimorar cada vez mais nossos equipamentos e servi\u00e7os, sempre pensando no cliente e no paciente\u201d, <\/em>pontuou. A presidente do Congresso Brasileiro do Sono, Giuliana Macedo Mendes, refor\u00e7ou a fala do presidente da Neurovirtual. <em>\u201cA grande mensagem deste Congresso \u00e9 que se devam abordar os pacientes com Transtornos de Sono, de forma individual, personalizada e pr\u00e1tica.\u201d<\/em>, observou.<\/p>\n\n\n\n<p>A Neurovirtual apresentou os seguintes equipamentos: Polisson\u00edgrafos &#8211; <a href=\"https:\/\/neurovirtual.com\/br\/equipamento\/bw-iii-psg-plus\/\" target=\"_blank\" data-type=\"URL\" data-id=\"https:\/\/neurovirtual.com\/br\/equipamento\/bw-iii-psg-plus\/\" rel=\"noreferrer noopener\">BWIII PSG Plus<\/a>, <a href=\"https:\/\/neurovirtual.com\/br\/equipamento\/bw-mini-psg\/\" target=\"_blank\" data-type=\"URL\" data-id=\"https:\/\/neurovirtual.com\/br\/equipamento\/bw-mini-psg\/\" rel=\"noreferrer noopener\">BWMini PSG<\/a>, <a href=\"https:\/\/neurovirtual.com\/br\/equipamento\/bw-mini-hst\/\" target=\"_blank\" data-type=\"URL\" data-id=\"https:\/\/neurovirtual.com\/br\/equipamento\/bw-mini-hst\/\" rel=\"noreferrer noopener\">BWMini HST<\/a>, <a href=\"https:\/\/neurovirtual.com\/br\/equipamento\/bwmini-hst-compass\/\" target=\"_blank\" data-type=\"URL\" data-id=\"https:\/\/neurovirtual.com\/br\/equipamento\/bwmini-hst-compass\/\" rel=\"noreferrer noopener\">HST Compass<\/a>, <a href=\"https:\/\/neurovirtual.com\/br\/equipamento\/bwiii-psg\/\" target=\"_blank\" data-type=\"URL\" data-id=\"https:\/\/neurovirtual.com\/br\/equipamento\/bwiii-psg\/\" rel=\"noreferrer noopener\">BWIII PSG<\/a>. O diretor cl\u00ednico da Neurovirtual, Sandro Senra, e o gerente de vendas, Alex Oliveira, acompanharam o CEO da Neurovirtual, Ed Faria, na exposi\u00e7\u00e3o dos produtos em um stand proporcionado pela marca. Alguns m\u00e9dicos parceiros da Neurovirtual que visitaram o espa\u00e7o foram: <a href=\"https:\/\/neurovirtual.com\/br\/opiniao-o-diagnostico-e-o-tratamento-de-%20%20disturbios-de-sono-no-brasil-por-dr-geraldo-rizzo\/\">Dr. Geraldo Rizzo<\/a> , <a href=\"https:\/\/neurovirtual.com\/br\/entrevista-com-dr-raimundo-%20%20nonato-sobre-narcolepsia\/\">Dr. Nonato<\/a>, e a doutora neurologista Ester London.<\/p>\n\n\n\n<figure class=\"wp-block-gallery columns-2 is-cropped wp-block-gallery-1 is-layout-flex wp-block-gallery-is-layout-flex\"><ul class=\"blocks-gallery-grid\"><li class=\"blocks-gallery-item\"><figure><a href=\"https:\/\/neurovirtual.com\/br\/wp-content\/uploads\/2023\/01\/Congresso-Brasileiro-do-sono-2.jpg\"><img decoding=\"async\" width=\"1024\" height=\"677\" src=\"https:\/\/neurovirtual.com\/br\/wp-content\/uploads\/2023\/01\/Congresso-Brasileiro-do-sono-2-1024x677.jpg\" alt=\"\" data-id=\"815391\" data-full-url=\"https:\/\/neurovirtual.com\/br\/wp-content\/uploads\/2023\/01\/Congresso-Brasileiro-do-sono-2.jpg\" data-link=\"https:\/\/neurovirtual.com\/br\/?attachment_id=815391\" class=\"wp-image-815391\" srcset=\"https:\/\/neurovirtual.com\/br\/wp-content\/uploads\/2023\/01\/Congresso-Brasileiro-do-sono-2-1024x677.jpg 1024w, https:\/\/neurovirtual.com\/br\/wp-content\/uploads\/2023\/01\/Congresso-Brasileiro-do-sono-2-300x198.jpg 300w, https:\/\/neurovirtual.com\/br\/wp-content\/uploads\/2023\/01\/Congresso-Brasileiro-do-sono-2-768x507.jpg 768w, https:\/\/neurovirtual.com\/br\/wp-content\/uploads\/2023\/01\/Congresso-Brasileiro-do-sono-2-378x250.jpg 378w, https:\/\/neurovirtual.com\/br\/wp-content\/uploads\/2023\/01\/Congresso-Brasileiro-do-sono-2-460x304.jpg 460w, https:\/\/neurovirtual.com\/br\/wp-content\/uploads\/2023\/01\/Congresso-Brasileiro-do-sono-2.jpg 1500w\" sizes=\"(max-width: 1024px) 100vw, 1024px\" \/><\/a><\/figure><\/li><li class=\"blocks-gallery-item\"><figure><a href=\"https:\/\/neurovirtual.com\/br\/wp-content\/uploads\/2023\/01\/congresso-Brasileiro-do-sono.jpeg\"><img decoding=\"async\" width=\"1024\" height=\"842\" src=\"https:\/\/neurovirtual.com\/br\/wp-content\/uploads\/2023\/01\/congresso-Brasileiro-do-sono-1024x842.jpeg\" alt=\"\" data-id=\"815392\" data-full-url=\"https:\/\/neurovirtual.com\/br\/wp-content\/uploads\/2023\/01\/congresso-Brasileiro-do-sono.jpeg\" data-link=\"https:\/\/neurovirtual.com\/br\/?attachment_id=815392\" class=\"wp-image-815392\" srcset=\"https:\/\/neurovirtual.com\/br\/wp-content\/uploads\/2023\/01\/congresso-Brasileiro-do-sono-1024x842.jpeg 1024w, https:\/\/neurovirtual.com\/br\/wp-content\/uploads\/2023\/01\/congresso-Brasileiro-do-sono-300x247.jpeg 300w, https:\/\/neurovirtual.com\/br\/wp-content\/uploads\/2023\/01\/congresso-Brasileiro-do-sono-768x631.jpeg 768w, https:\/\/neurovirtual.com\/br\/wp-content\/uploads\/2023\/01\/congresso-Brasileiro-do-sono-304x250.jpeg 304w, https:\/\/neurovirtual.com\/br\/wp-content\/uploads\/2023\/01\/congresso-Brasileiro-do-sono-414x340.jpeg 414w, https:\/\/neurovirtual.com\/br\/wp-content\/uploads\/2023\/01\/congresso-Brasileiro-do-sono.jpeg 1500w\" sizes=\"(max-width: 1024px) 100vw, 1024px\" \/><\/a><\/figure><\/li><\/ul><\/figure>\n\n\n\n<p>O congresso contou com 7 palestrantes internacionais e 162 nacionais, 9 cursos pr\u00e9-congresso, 3 plen\u00e1rias simult\u00e2neas, 3 confer\u00eancias, 7 simp\u00f3sios sat\u00e9lites, apresenta\u00e7\u00e3o de p\u00f4steres e encontro das Ligas Acad\u00eamicas de Sono. Destacam-se os seguintes temas da programa\u00e7\u00e3o do evento: Polissonografia em crian\u00e7as: estagnamento do sono e marca\u00e7\u00e3o de eventos associados (ministrado pelo Dr. Gustavo A Moreira; exames e diagn\u00f3sticos do sono: como interpretar a Polissonografia, (Dr George do Lago Pinheiro) e Interpreta\u00e7\u00e3o do laudo de Polissonografia, Dra. Stella Marcia Azevedo Tavares.<\/p>\n\n\n\n<p><a href=\"https:\/\/neurovirtual.com\/br\/segmentos\/medicina-do-sono\/\" target=\"_blank\" data-type=\"URL\" data-id=\"https:\/\/neurovirtual.com\/br\/segmentos\/medicina-do-sono\/\" rel=\"noreferrer noopener\">Clique aqui <\/a>e fique por dentro das principais not\u00edcias sobre medicina do sono e neurologia.<\/p>\n","protected":false},"excerpt":{"rendered":"<p>A import\u00e2ncia do sono para a sa\u00fade e qualidade de vida deve ser sempre lembrada, levando em considera\u00e7\u00e3o a vida corrida do dia a dia. A Neurovirtual valoriza esses princ\u00edpios e sempre busca estar presente nos principais congressos do mundo da medicina do sono para apresentar o que a empresa tem feito para colaborar com&#8230;<\/p>\n","protected":false},"author":6,"featured_media":815394,"comment_status":"open","ping_status":"open","sticky":false,"template":"","format":"standard","meta":{"_acf_changed":false,"_joinchat":[],"footnotes":""},"categories":[15],"tags":[],"acf":[],"_links":{"self":[{"href":"https:\/\/neurovirtual.com\/br\/wp-json\/wp\/v2\/posts\/815386"}],"collection":[{"href":"https:\/\/neurovirtual.com\/br\/wp-json\/wp\/v2\/posts"}],"about":[{"href":"https:\/\/neurovirtual.com\/br\/wp-json\/wp\/v2\/types\/post"}],"author":[{"embeddable":true,"href":"https:\/\/neurovirtual.com\/br\/wp-json\/wp\/v2\/users\/6"}],"replies":[{"embeddable":true,"href":"https:\/\/neurovirtual.com\/br\/wp-json\/wp\/v2\/comments?post=815386"}],"version-history":[{"count":7,"href":"https:\/\/neurovirtual.com\/br\/wp-json\/wp\/v2\/posts\/815386\/revisions"}],"predecessor-version":[{"id":815568,"href":"https:\/\/neurovirtual.com\/br\/wp-json\/wp\/v2\/posts\/815386\/revisions\/815568"}],"wp:featuredmedia":[{"embeddable":true,"href":"https:\/\/neurovirtual.com\/br\/wp-json\/wp\/v2\/media\/815394"}],"wp:attachment":[{"href":"https:\/\/neurovirtual.com\/br\/wp-json\/wp\/v2\/media?parent=815386"}],"wp:term":[{"taxonomy":"category","embeddable":true,"href":"https:\/\/neurovirtual.com\/br\/wp-json\/wp\/v2\/categories?post=815386"},{"taxonomy":"post_tag","embeddable":true,"href":"https:\/\/neurovirtual.com\/br\/wp-json\/wp\/v2\/tags?post=815386"}],"curies":[{"name":"wp","href":"https:\/\/api.w.org\/{rel}","templated":true}]}}