{"id":815158,"date":"2022-10-18T19:39:59","date_gmt":"2022-10-18T22:39:59","guid":{"rendered":"https:\/\/neurovirtual.com\/br\/?p=815158"},"modified":"2022-10-20T20:12:41","modified_gmt":"2022-10-20T23:12:41","slug":"unica-representante-do-setor-neurovirtual-participa-do-congresso-da-academia-brasileira-de-neurologia","status":"publish","type":"post","link":"https:\/\/neurovirtual.com\/br\/unica-representante-do-setor-neurovirtual-participa-do-congresso-da-academia-brasileira-de-neurologia\/","title":{"rendered":"\u00danica representante do setor: Neurovirtual participa do Congresso da Academia Brasileira de Neurologia"},"content":{"rendered":"\n<figure class=\"wp-block-image size-full\"><a href=\"https:\/\/neurovirtual.com\/br\/wp-content\/uploads\/2022\/10\/congresso-Brasileiro-de-Neurologia-2022.png\"><img decoding=\"async\" width=\"887\" height=\"229\" src=\"https:\/\/neurovirtual.com\/br\/wp-content\/uploads\/2022\/10\/congresso-Brasileiro-de-Neurologia-2022.png\" alt=\"\" class=\"wp-image-815163\" srcset=\"https:\/\/neurovirtual.com\/br\/wp-content\/uploads\/2022\/10\/congresso-Brasileiro-de-Neurologia-2022.png 887w, https:\/\/neurovirtual.com\/br\/wp-content\/uploads\/2022\/10\/congresso-Brasileiro-de-Neurologia-2022-300x77.png 300w, https:\/\/neurovirtual.com\/br\/wp-content\/uploads\/2022\/10\/congresso-Brasileiro-de-Neurologia-2022-768x198.png 768w, https:\/\/neurovirtual.com\/br\/wp-content\/uploads\/2022\/10\/congresso-Brasileiro-de-Neurologia-2022-460x119.png 460w\" sizes=\"(max-width: 887px) 100vw, 887px\" \/><\/a><\/figure>\n\n\n\n<p>O estado do Cear\u00e1 foi o palco de mais uma edi\u00e7\u00e3o desse grande evento promovido pela Academia Brasileira de Neurologia. Fortaleza abrigou durante os dias 21 a 24 de setembro de 2022, esse excelente congresso comumente chamado de Neuro 2022 que contou com a Neurovirtual como expositora e \u00fanica representante do mercado de equipamentos de EEG e PSG.<\/p>\n\n\n\n<p>Para levar conhecimento, troca de experi\u00eancias e muita informa\u00e7\u00e3o, o evento esteve dividido em diferentes sess\u00f5es com temas variados. Os participantes puderam discutir a neurologia atrav\u00e9s de casos cl\u00ednicos comuns na pr\u00e1tica di\u00e1ria, conferir renomados palestrantes nacionais e internacionais abordando temas atuais, participar de cursos <em>Hands on<\/em> e Oficinas. Como novidade o Congresso apostou pela sess\u00e3o Bai\u00e3o Neurol\u00f3gico, onde foram discutidas de forma l\u00fadica a hist\u00f3ria da neurologia atrav\u00e9s do cinema e da arte.<\/p>\n\n\n\n<p>Com tantos aportes para a Neurologia, era inevit\u00e1vel,&nbsp; <a href=\"https:\/\/neurovirtual.com\/br\/xxviii-congresso-brasileiro-de-neurologia-conhecimento-dinamismo-e-interatividade\/\">mais uma vez<\/a>, a participa\u00e7\u00e3o de uma empresa que realmente se preocupa com o setor. Por isso, a Neurovirtual estava l\u00e1 com seus <a href=\"https:\/\/neurovirtual.com\/br\/equipamento\/bwiii-eeg-plus-icu-monitoracao-eeg\/\">Eletroencefal\u00f3grafos BWIII EEG Plus ICU Monitoriza\u00e7\u00e3o EEG<\/a>, <a href=\"https:\/\/neurovirtual.com\/br\/equipamento\/bwmini-eeg\/\">&nbsp;&nbsp;BWMini EEG<\/a>, <a href=\"https:\/\/neurovirtual.com\/br\/equipamento\/bw-iii-plus\/\">&nbsp;BWIII EEG Plus<\/a> e o <a href=\"https:\/\/neurovirtual.com\/br\/equipamento\/bwiii-eeg\/\">BWIII EEG<\/a>. Tudo isso apresentado pelas m\u00e3os -e mentes- do gerente de vendas, Alex Oliveira, e do diretor cl\u00ednico, Sandro Senra.<\/p>\n\n\n\n<figure class=\"wp-block-gallery aligncenter columns-3 is-cropped wp-block-gallery-1 is-layout-flex wp-block-gallery-is-layout-flex\"><ul class=\"blocks-gallery-grid\"><li class=\"blocks-gallery-item\"><figure><a href=\"https:\/\/neurovirtual.com\/br\/wp-content\/uploads\/2022\/10\/Brasileiro-de-Neurologia-2022.png\"><img decoding=\"async\" width=\"1000\" height=\"924\" src=\"https:\/\/neurovirtual.com\/br\/wp-content\/uploads\/2022\/10\/Brasileiro-de-Neurologia-2022.png\" alt=\"\" data-id=\"815160\" class=\"wp-image-815160\" srcset=\"https:\/\/neurovirtual.com\/br\/wp-content\/uploads\/2022\/10\/Brasileiro-de-Neurologia-2022.png 1000w, https:\/\/neurovirtual.com\/br\/wp-content\/uploads\/2022\/10\/Brasileiro-de-Neurologia-2022-300x277.png 300w, https:\/\/neurovirtual.com\/br\/wp-content\/uploads\/2022\/10\/Brasileiro-de-Neurologia-2022-768x710.png 768w, https:\/\/neurovirtual.com\/br\/wp-content\/uploads\/2022\/10\/Brasileiro-de-Neurologia-2022-271x250.png 271w, https:\/\/neurovirtual.com\/br\/wp-content\/uploads\/2022\/10\/Brasileiro-de-Neurologia-2022-368x340.png 368w\" sizes=\"(max-width: 1000px) 100vw, 1000px\" \/><\/a><figcaption class=\"blocks-gallery-item__caption\">Dra. Giuliana Macedo, Dr. Alexandre Henrique Martori e Sandro Senra<\/figcaption><\/figure><\/li><li class=\"blocks-gallery-item\"><figure><a href=\"https:\/\/neurovirtual.com\/br\/wp-content\/uploads\/2022\/10\/Brasileiro-de-Neurologia-2022-2.jpg\"><img decoding=\"async\" width=\"1000\" height=\"981\" src=\"https:\/\/neurovirtual.com\/br\/wp-content\/uploads\/2022\/10\/Brasileiro-de-Neurologia-2022-2.jpg\" alt=\"\" data-id=\"815167\" data-full-url=\"https:\/\/neurovirtual.com\/br\/wp-content\/uploads\/2022\/10\/Brasileiro-de-Neurologia-2022-2.jpg\" data-link=\"https:\/\/neurovirtual.com\/br\/unica-representante-do-setor-neurovirtual-participa-do-congresso-da-academia-brasileira-de-neurologia\/brasileiro-de-neurologia-2022-2\/\" class=\"wp-image-815167\" srcset=\"https:\/\/neurovirtual.com\/br\/wp-content\/uploads\/2022\/10\/Brasileiro-de-Neurologia-2022-2.jpg 1000w, https:\/\/neurovirtual.com\/br\/wp-content\/uploads\/2022\/10\/Brasileiro-de-Neurologia-2022-2-300x294.jpg 300w, https:\/\/neurovirtual.com\/br\/wp-content\/uploads\/2022\/10\/Brasileiro-de-Neurologia-2022-2-768x753.jpg 768w, https:\/\/neurovirtual.com\/br\/wp-content\/uploads\/2022\/10\/Brasileiro-de-Neurologia-2022-2-255x250.jpg 255w, https:\/\/neurovirtual.com\/br\/wp-content\/uploads\/2022\/10\/Brasileiro-de-Neurologia-2022-2-347x340.jpg 347w\" sizes=\"(max-width: 1000px) 100vw, 1000px\" \/><\/a><figcaption class=\"blocks-gallery-item__caption\">Dra. Marta Alice Pires e Alex Oliveira<\/figcaption><\/figure><\/li><li class=\"blocks-gallery-item\"><figure><a href=\"https:\/\/neurovirtual.com\/br\/wp-content\/uploads\/2022\/10\/Brasileiro-de-Neurologia-2022-3.jpg\"><img decoding=\"async\" width=\"1000\" height=\"885\" src=\"https:\/\/neurovirtual.com\/br\/wp-content\/uploads\/2022\/10\/Brasileiro-de-Neurologia-2022-3.jpg\" alt=\"\" data-id=\"815168\" data-full-url=\"https:\/\/neurovirtual.com\/br\/wp-content\/uploads\/2022\/10\/Brasileiro-de-Neurologia-2022-3.jpg\" data-link=\"https:\/\/neurovirtual.com\/br\/unica-representante-do-setor-neurovirtual-participa-do-congresso-da-academia-brasileira-de-neurologia\/brasileiro-de-neurologia-2022-3\/\" class=\"wp-image-815168\" srcset=\"https:\/\/neurovirtual.com\/br\/wp-content\/uploads\/2022\/10\/Brasileiro-de-Neurologia-2022-3.jpg 1000w, https:\/\/neurovirtual.com\/br\/wp-content\/uploads\/2022\/10\/Brasileiro-de-Neurologia-2022-3-300x266.jpg 300w, https:\/\/neurovirtual.com\/br\/wp-content\/uploads\/2022\/10\/Brasileiro-de-Neurologia-2022-3-768x680.jpg 768w, https:\/\/neurovirtual.com\/br\/wp-content\/uploads\/2022\/10\/Brasileiro-de-Neurologia-2022-3-282x250.jpg 282w, https:\/\/neurovirtual.com\/br\/wp-content\/uploads\/2022\/10\/Brasileiro-de-Neurologia-2022-3-384x340.jpg 384w\" sizes=\"(max-width: 1000px) 100vw, 1000px\" \/><\/a><figcaption class=\"blocks-gallery-item__caption\">Dr. Tercio Luz Barbosa e Alex de Oliveira<br><\/figcaption><\/figure><\/li><\/ul><\/figure>\n\n\n\n<p>\u00c9 o pr\u00f3prio Sandro quem nos conta um pouco sobre a experi\u00eancia do evento:<em><strong> <\/strong>\u201cFoi uma enorme honra participar do XXX Congresso da Academia Brasileira de Neurologia e ter tido a oportunidade de compartilhar conhecimento e aprender sempre mais com os Neurologistas de todo o Brasil\u201d<\/em>, comenta. O pr\u00f3ximo passo \u00e9 a participa\u00e7\u00e3o no Congresso de Neurologia na Argentina, mostrando que n\u00e3o importa qual seja o pa\u00eds, o compromisso da Neurovirtual com a medicina \u00e9 inabal\u00e1vel.<\/p>\n","protected":false},"excerpt":{"rendered":"<p>O estado do Cear\u00e1 foi o palco de mais uma edi\u00e7\u00e3o desse grande evento promovido pela Academia Brasileira de Neurologia. Fortaleza abrigou durante os dias 21 a 24 de setembro de 2022, esse excelente congresso comumente chamado de Neuro 2022 que contou com a Neurovirtual como expositora e \u00fanica representante do mercado de equipamentos de&#8230;<\/p>\n","protected":false},"author":6,"featured_media":815166,"comment_status":"open","ping_status":"open","sticky":false,"template":"","format":"standard","meta":{"_acf_changed":false,"_joinchat":[],"footnotes":""},"categories":[15],"tags":[],"acf":[],"_links":{"self":[{"href":"https:\/\/neurovirtual.com\/br\/wp-json\/wp\/v2\/posts\/815158"}],"collection":[{"href":"https:\/\/neurovirtual.com\/br\/wp-json\/wp\/v2\/posts"}],"about":[{"href":"https:\/\/neurovirtual.com\/br\/wp-json\/wp\/v2\/types\/post"}],"author":[{"embeddable":true,"href":"https:\/\/neurovirtual.com\/br\/wp-json\/wp\/v2\/users\/6"}],"replies":[{"embeddable":true,"href":"https:\/\/neurovirtual.com\/br\/wp-json\/wp\/v2\/comments?post=815158"}],"version-history":[{"count":9,"href":"https:\/\/neurovirtual.com\/br\/wp-json\/wp\/v2\/posts\/815158\/revisions"}],"predecessor-version":[{"id":815173,"href":"https:\/\/neurovirtual.com\/br\/wp-json\/wp\/v2\/posts\/815158\/revisions\/815173"}],"wp:featuredmedia":[{"embeddable":true,"href":"https:\/\/neurovirtual.com\/br\/wp-json\/wp\/v2\/media\/815166"}],"wp:attachment":[{"href":"https:\/\/neurovirtual.com\/br\/wp-json\/wp\/v2\/media?parent=815158"}],"wp:term":[{"taxonomy":"category","embeddable":true,"href":"https:\/\/neurovirtual.com\/br\/wp-json\/wp\/v2\/categories?post=815158"},{"taxonomy":"post_tag","embeddable":true,"href":"https:\/\/neurovirtual.com\/br\/wp-json\/wp\/v2\/tags?post=815158"}],"curies":[{"name":"wp","href":"https:\/\/api.w.org\/{rel}","templated":true}]}}