{"id":815087,"date":"2022-09-28T18:08:01","date_gmt":"2022-09-28T21:08:01","guid":{"rendered":"https:\/\/neurovirtual.com\/br\/?p=815087"},"modified":"2022-10-03T19:46:17","modified_gmt":"2022-10-03T22:46:17","slug":"neurovirtual-organiza-um-encontro-durante-a-camelice-2022","status":"publish","type":"post","link":"https:\/\/neurovirtual.com\/br\/neurovirtual-organiza-um-encontro-durante-a-camelice-2022\/","title":{"rendered":"Neurovirtual organiza um encontro durante a CAMELICE 2022"},"content":{"rendered":"\n<p>Diariamente, o objetivo do Cap\u00edtulo Mexicano da Liga Internacional Contra a Epilepsia (<a href=\"https:\/\/twitter.com\/camelice\/status\/1525145072391561217\" target=\"_blank\" data-type=\"URL\" data-id=\"https:\/\/twitter.com\/camelice\/status\/1525145072391561217\" rel=\"noreferrer noopener\">CAMELICE<\/a>) \u00e9 trabalhar para estimular pesquisas sobre epilepsia no pa\u00eds. Esse tamb\u00e9m \u00e9 o prop\u00f3sito de suas Reuni\u00f5es Anuais, nas quais a presen\u00e7a da Neurovirtual \u00e9 quase uma constante.<\/p>\n\n\n\n<p>A XLIV edi\u00e7\u00e3o deste importante congresso aconteceu em Guadalajara, M\u00e9xico, entre os dias 10 e 13 do \u00faltimo m\u00eas de agosto. Em formato h\u00edbrido, o evento conseguiu reunir associados ativos, correspondentes e grandes empresas interessadas em contribuir ativamente para o desenvolvimento de estudos no M\u00e9xico, dentre elas a Neurovirtual.<\/p>\n\n\n\n<figure class=\"wp-block-gallery columns-3 is-cropped wp-block-gallery-1 is-layout-flex wp-block-gallery-is-layout-flex\"><ul class=\"blocks-gallery-grid\"><li class=\"blocks-gallery-item\"><figure><a href=\"https:\/\/neurovirtual.com\/br\/wp-content\/uploads\/2022\/09\/2.-foto-1-9-Dr.-Paul-Shkurovich.jpg\"><img decoding=\"async\" width=\"820\" height=\"480\" src=\"https:\/\/neurovirtual.com\/br\/wp-content\/uploads\/2022\/09\/2.-foto-1-9-Dr.-Paul-Shkurovich.jpg\" alt=\"\" data-id=\"815094\" data-full-url=\"https:\/\/neurovirtual.com\/br\/wp-content\/uploads\/2022\/09\/2.-foto-1-9-Dr.-Paul-Shkurovich.jpg\" data-link=\"https:\/\/neurovirtual.com\/br\/neurovirtual-organiza-um-encontro-durante-a-camelice-2022\/2-foto-1-9-dr-paul-shkurovich\/\" class=\"wp-image-815094\" srcset=\"https:\/\/neurovirtual.com\/br\/wp-content\/uploads\/2022\/09\/2.-foto-1-9-Dr.-Paul-Shkurovich.jpg 820w, https:\/\/neurovirtual.com\/br\/wp-content\/uploads\/2022\/09\/2.-foto-1-9-Dr.-Paul-Shkurovich-300x176.jpg 300w, https:\/\/neurovirtual.com\/br\/wp-content\/uploads\/2022\/09\/2.-foto-1-9-Dr.-Paul-Shkurovich-768x450.jpg 768w, https:\/\/neurovirtual.com\/br\/wp-content\/uploads\/2022\/09\/2.-foto-1-9-Dr.-Paul-Shkurovich-427x250.jpg 427w, https:\/\/neurovirtual.com\/br\/wp-content\/uploads\/2022\/09\/2.-foto-1-9-Dr.-Paul-Shkurovich-460x269.jpg 460w\" sizes=\"(max-width: 820px) 100vw, 820px\" \/><\/a><figcaption class=\"blocks-gallery-item__caption\">Ed Faria, Dr. Paul Shkurovich,  Andrea Parra e Joseph Pardo.  <\/figcaption><\/figure><\/li><li class=\"blocks-gallery-item\"><figure><a href=\"https:\/\/neurovirtual.com\/br\/wp-content\/uploads\/2022\/09\/3.-foto-1-6-Dr.-Mario-Arturo-Alonso.jpg\"><img decoding=\"async\" width=\"1000\" height=\"872\" src=\"https:\/\/neurovirtual.com\/br\/wp-content\/uploads\/2022\/09\/3.-foto-1-6-Dr.-Mario-Arturo-Alonso.jpg\" alt=\"\" data-id=\"815095\" data-full-url=\"https:\/\/neurovirtual.com\/br\/wp-content\/uploads\/2022\/09\/3.-foto-1-6-Dr.-Mario-Arturo-Alonso.jpg\" data-link=\"https:\/\/neurovirtual.com\/br\/neurovirtual-organiza-um-encontro-durante-a-camelice-2022\/3-foto-1-6-dr-mario-arturo-alonso\/\" class=\"wp-image-815095\" srcset=\"https:\/\/neurovirtual.com\/br\/wp-content\/uploads\/2022\/09\/3.-foto-1-6-Dr.-Mario-Arturo-Alonso.jpg 1000w, https:\/\/neurovirtual.com\/br\/wp-content\/uploads\/2022\/09\/3.-foto-1-6-Dr.-Mario-Arturo-Alonso-300x262.jpg 300w, https:\/\/neurovirtual.com\/br\/wp-content\/uploads\/2022\/09\/3.-foto-1-6-Dr.-Mario-Arturo-Alonso-768x670.jpg 768w, https:\/\/neurovirtual.com\/br\/wp-content\/uploads\/2022\/09\/3.-foto-1-6-Dr.-Mario-Arturo-Alonso-287x250.jpg 287w, https:\/\/neurovirtual.com\/br\/wp-content\/uploads\/2022\/09\/3.-foto-1-6-Dr.-Mario-Arturo-Alonso-390x340.jpg 390w\" sizes=\"(max-width: 1000px) 100vw, 1000px\" \/><\/a><figcaption class=\"blocks-gallery-item__caption\">Joseph Pardo, Andrea Parra e Dr. Mario Arturo Alonso.<\/figcaption><\/figure><\/li><li class=\"blocks-gallery-item\"><figure><a href=\"https:\/\/neurovirtual.com\/br\/wp-content\/uploads\/2022\/09\/4.jpg\"><img decoding=\"async\" width=\"824\" height=\"685\" src=\"https:\/\/neurovirtual.com\/br\/wp-content\/uploads\/2022\/09\/4.jpg\" alt=\"\" data-id=\"815096\" data-full-url=\"https:\/\/neurovirtual.com\/br\/wp-content\/uploads\/2022\/09\/4.jpg\" data-link=\"https:\/\/neurovirtual.com\/br\/neurovirtual-organiza-um-encontro-durante-a-camelice-2022\/4-9\/\" class=\"wp-image-815096\" srcset=\"https:\/\/neurovirtual.com\/br\/wp-content\/uploads\/2022\/09\/4.jpg 824w, https:\/\/neurovirtual.com\/br\/wp-content\/uploads\/2022\/09\/4-300x249.jpg 300w, https:\/\/neurovirtual.com\/br\/wp-content\/uploads\/2022\/09\/4-768x638.jpg 768w, https:\/\/neurovirtual.com\/br\/wp-content\/uploads\/2022\/09\/4-301x250.jpg 301w, https:\/\/neurovirtual.com\/br\/wp-content\/uploads\/2022\/09\/4-409x340.jpg 409w\" sizes=\"(max-width: 824px) 100vw, 824px\" \/><\/a><figcaption class=\"blocks-gallery-item__caption\">Diego Barrientos e Andrea Parra.<\/figcaption><\/figure><\/li><li class=\"blocks-gallery-item\"><figure><a href=\"https:\/\/neurovirtual.com\/br\/wp-content\/uploads\/2022\/09\/1.jpg\"><img decoding=\"async\" width=\"800\" height=\"589\" src=\"https:\/\/neurovirtual.com\/br\/wp-content\/uploads\/2022\/09\/1.jpg\" alt=\"\" data-id=\"815093\" data-full-url=\"https:\/\/neurovirtual.com\/br\/wp-content\/uploads\/2022\/09\/1.jpg\" data-link=\"https:\/\/neurovirtual.com\/br\/neurovirtual-organiza-um-encontro-durante-a-camelice-2022\/1-33\/\" class=\"wp-image-815093\" srcset=\"https:\/\/neurovirtual.com\/br\/wp-content\/uploads\/2022\/09\/1.jpg 800w, https:\/\/neurovirtual.com\/br\/wp-content\/uploads\/2022\/09\/1-300x221.jpg 300w, https:\/\/neurovirtual.com\/br\/wp-content\/uploads\/2022\/09\/1-768x565.jpg 768w, https:\/\/neurovirtual.com\/br\/wp-content\/uploads\/2022\/09\/1-340x250.jpg 340w, https:\/\/neurovirtual.com\/br\/wp-content\/uploads\/2022\/09\/1-460x340.jpg 460w\" sizes=\"(max-width: 800px) 100vw, 800px\" \/><\/a><figcaption class=\"blocks-gallery-item__caption\">Ed Faria, Dr. Daniel San Juan, Joseph Pardo, Dr. Ruben Ramirez e Andrea Parra.<\/figcaption><\/figure><\/li><\/ul><\/figure>\n\n\n\n<p>No espa\u00e7o projetado pela marca, foi poss\u00edvel receber grandes nomes da Neurologia e Neurocirurgia mexicana e internacional, apresentando os equipamentos <a href=\"https:\/\/neurovirtual.com\/br\/equipamento\/bw-iii-plus\/\" target=\"_blank\" data-type=\"URL\" data-id=\"https:\/\/neurovirtual.com\/br\/equipamento\/bw-iii-plus\/\" rel=\"noreferrer noopener\">BWIII EEG PLUS <\/a>e <a href=\"https:\/\/neurovirtual.com\/br\/equipamento\/bwiii-eeg\/\" target=\"_blank\" data-type=\"URL\" data-id=\"https:\/\/neurovirtual.com\/br\/equipamento\/bwiii-eeg\/\" rel=\"noreferrer noopener\">BWIII EEG<\/a>, dispon\u00edveis no estande. Os presidentes da ILAE e CAMELICE, Dr. Mario Arturo Alonso Vanegas e Dr. Daniel San Juan respectivamente, foram alguns dos nomes que puderam verificar as funcionalidades destas solu\u00e7\u00f5es durante a amostra comercial.<\/p>\n\n\n\n<p><a href=\"https:\/\/neurovirtual.com\/latam\/xxxviii-reunion-anual-del-capitulo-mexicano-de-la-liga-internacional-contra-la-epilepsia\/\">Patrocinadora desde 2015<\/a>, a Neurovirtual fez parte de v\u00e1rios espa\u00e7os de conviv\u00eancia dispon\u00edveis durante os dias do evento. Como o cocktail de boas-vindas, onde o CEO da empresa, Ed Faria, dedicou algumas palavras de agradecimento a todos os presentes e ao apoio constante da CAMELICE. Para fortalecer ainda mais o networking e a troca de experi\u00eancias, a Neurovirtual tamb\u00e9m organizou um jantar, liderado por Ed Faria durante o encontro. Mais uma reuni\u00e3o fundamental para o caminho da medicina neurol\u00f3gica internacional!<\/p>\n","protected":false},"excerpt":{"rendered":"<p>Diariamente, o objetivo do Cap\u00edtulo Mexicano da Liga Internacional Contra a Epilepsia (CAMELICE) \u00e9 trabalhar para estimular pesquisas sobre epilepsia no pa\u00eds. Esse tamb\u00e9m \u00e9 o prop\u00f3sito de suas Reuni\u00f5es Anuais, nas quais a presen\u00e7a da Neurovirtual \u00e9 quase uma constante. A XLIV edi\u00e7\u00e3o deste importante congresso aconteceu em Guadalajara, M\u00e9xico, entre os dias 10&#8230;<\/p>\n","protected":false},"author":6,"featured_media":815088,"comment_status":"open","ping_status":"open","sticky":false,"template":"","format":"standard","meta":{"_acf_changed":false,"_joinchat":[],"footnotes":""},"categories":[1],"tags":[],"acf":[],"_links":{"self":[{"href":"https:\/\/neurovirtual.com\/br\/wp-json\/wp\/v2\/posts\/815087"}],"collection":[{"href":"https:\/\/neurovirtual.com\/br\/wp-json\/wp\/v2\/posts"}],"about":[{"href":"https:\/\/neurovirtual.com\/br\/wp-json\/wp\/v2\/types\/post"}],"author":[{"embeddable":true,"href":"https:\/\/neurovirtual.com\/br\/wp-json\/wp\/v2\/users\/6"}],"replies":[{"embeddable":true,"href":"https:\/\/neurovirtual.com\/br\/wp-json\/wp\/v2\/comments?post=815087"}],"version-history":[{"count":12,"href":"https:\/\/neurovirtual.com\/br\/wp-json\/wp\/v2\/posts\/815087\/revisions"}],"predecessor-version":[{"id":815141,"href":"https:\/\/neurovirtual.com\/br\/wp-json\/wp\/v2\/posts\/815087\/revisions\/815141"}],"wp:featuredmedia":[{"embeddable":true,"href":"https:\/\/neurovirtual.com\/br\/wp-json\/wp\/v2\/media\/815088"}],"wp:attachment":[{"href":"https:\/\/neurovirtual.com\/br\/wp-json\/wp\/v2\/media?parent=815087"}],"wp:term":[{"taxonomy":"category","embeddable":true,"href":"https:\/\/neurovirtual.com\/br\/wp-json\/wp\/v2\/categories?post=815087"},{"taxonomy":"post_tag","embeddable":true,"href":"https:\/\/neurovirtual.com\/br\/wp-json\/wp\/v2\/tags?post=815087"}],"curies":[{"name":"wp","href":"https:\/\/api.w.org\/{rel}","templated":true}]}}