{"id":815077,"date":"2022-09-28T17:58:45","date_gmt":"2022-09-28T20:58:45","guid":{"rendered":"https:\/\/neurovirtual.com\/br\/?p=815077"},"modified":"2022-10-03T19:58:59","modified_gmt":"2022-10-03T22:58:59","slug":"eeg-e-um-dos-destaques-da-39o-congresso-da-liga-brasileira-de-epilepsia","status":"publish","type":"post","link":"https:\/\/neurovirtual.com\/br\/eeg-e-um-dos-destaques-da-39o-congresso-da-liga-brasileira-de-epilepsia\/","title":{"rendered":"EEG \u00e9 um dos destaques da 39\u00ba Congresso da Liga Brasileira de Epilepsia"},"content":{"rendered":"\n<p><a href=\"https:\/\/neurovirtual.com\/br\/neurovirtual-participa-do-36o-congresso-da-liga-brasileira-de-epilepsia\/\">Desde 2016<\/a>, a <a href=\"https:\/\/www.epilepsia.org.br\/\" target=\"_blank\" data-type=\"URL\" data-id=\"https:\/\/www.epilepsia.org.br\/\" rel=\"noreferrer noopener\">Liga Brasileira de Epilepsia <\/a>conta com a presen\u00e7a Neurovirtual em seus congressos dedicados \u00e0 neurologia. E a 39\u00aa edi\u00e7\u00e3o n\u00e3o poderia ser diferente. Durante os dias 11 a 13 de agosto de 2022, em Campinas-SP, profissionais da \u00e1rea puderam acudir ao espa\u00e7o da marca para conhecer de perto suas solu\u00e7\u00f5es para eletroencefalograma. A Neurovritual foi a \u00fanica empresa do setor presente e p\u00f4de apresentar:<\/p>\n\n\n\n<ul><li><a href=\"https:\/\/neurovirtual.com\/br\/equipamento\/bwmini-eeg\/\">Eletroencefal\u00f3grafo <\/a><a href=\"https:\/\/neurovirtual.com\/br\/equipamento\/bwmini-eeg\/\">BWMini<\/a><a href=\"https:\/\/neurovirtual.com\/br\/equipamento\/bwmini-eeg\/\"> <\/a><a href=\"https:\/\/neurovirtual.com\/br\/equipamento\/bwmini-eeg\/\">EEG<\/a><a href=\"https:\/\/neurovirtual.com\/br\/equipamento\/bwiii-eeg-plus-icu-monitoracao-eeg\/\"><\/a><\/li><li><a href=\"https:\/\/neurovirtual.com\/br\/equipamento\/bwiii-eeg-plus-icu-monitoracao-eeg\/\">Eletroencefal\u00f3grafo BWIII EEG Plus ICU Monitoriza\u00e7\u00e3o EEG<\/a> <a href=\"https:\/\/neurovirtual.com\/br\/equipamento\/bw-iii-plus\/\">&nbsp;<\/a><\/li><li><a href=\"https:\/\/neurovirtual.com\/br\/equipamento\/bw-iii-plus\/\">Eletroencefal\u00f3grafo <\/a><a href=\"https:\/\/neurovirtual.com\/br\/equipamento\/bw-iii-plus\/\">BWIII<\/a><a href=\"https:\/\/neurovirtual.com\/br\/equipamento\/bw-iii-plus\/\"> EEG Plus<\/a><a href=\"https:\/\/neurovirtual.com\/br\/equipamento\/bwiii-eeg\/\"><\/a><\/li><li><a href=\"https:\/\/neurovirtual.com\/br\/equipamento\/bwiii-eeg\/\">Eletroencefal\u00f3grafo <\/a><a href=\"https:\/\/neurovirtual.com\/br\/equipamento\/bwiii-eeg\/\">BWIII<\/a><a href=\"https:\/\/neurovirtual.com\/br\/equipamento\/bwiii-eeg\/\"> EEG<\/a><\/li><\/ul>\n\n\n\n<p>Reconhecido como um espa\u00e7o para a troca das melhores pr\u00e1ticas em epilepsia, pesquisas inovadoras e aprendizado incompar\u00e1vel, os assistentes puderam desfrutar de mais de 100 horas de conte\u00fado educacional e um networking de qualidade.<\/p>\n\n\n\n<figure class=\"wp-block-gallery columns-4 is-cropped wp-block-gallery-1 is-layout-flex wp-block-gallery-is-layout-flex\"><ul class=\"blocks-gallery-grid\"><li class=\"blocks-gallery-item\"><figure><a href=\"https:\/\/neurovirtual.com\/br\/wp-content\/uploads\/2022\/09\/Foto-01.jpg\"><img decoding=\"async\" width=\"800\" height=\"908\" src=\"https:\/\/neurovirtual.com\/br\/wp-content\/uploads\/2022\/09\/Foto-01.jpg\" alt=\"\" data-id=\"815081\" data-full-url=\"https:\/\/neurovirtual.com\/br\/wp-content\/uploads\/2022\/09\/Foto-01.jpg\" data-link=\"https:\/\/neurovirtual.com\/br\/?attachment_id=815081\" class=\"wp-image-815081\" srcset=\"https:\/\/neurovirtual.com\/br\/wp-content\/uploads\/2022\/09\/Foto-01.jpg 800w, https:\/\/neurovirtual.com\/br\/wp-content\/uploads\/2022\/09\/Foto-01-264x300.jpg 264w, https:\/\/neurovirtual.com\/br\/wp-content\/uploads\/2022\/09\/Foto-01-768x872.jpg 768w, https:\/\/neurovirtual.com\/br\/wp-content\/uploads\/2022\/09\/Foto-01-220x250.jpg 220w, https:\/\/neurovirtual.com\/br\/wp-content\/uploads\/2022\/09\/Foto-01-300x340.jpg 300w\" sizes=\"(max-width: 800px) 100vw, 800px\" \/><\/a><figcaption class=\"blocks-gallery-item__caption\">Dr. Marcos Ant\u00f4nio Pereira do Rego. e Sandro Senra (Diretor Neurovirtual)<\/figcaption><\/figure><\/li><li class=\"blocks-gallery-item\"><figure><a href=\"https:\/\/neurovirtual.com\/br\/wp-content\/uploads\/2022\/09\/Foto-03.jpg\"><img decoding=\"async\" width=\"1024\" height=\"956\" src=\"https:\/\/neurovirtual.com\/br\/wp-content\/uploads\/2022\/09\/Foto-03-1024x956.jpg\" alt=\"\" data-id=\"815082\" data-full-url=\"https:\/\/neurovirtual.com\/br\/wp-content\/uploads\/2022\/09\/Foto-03.jpg\" data-link=\"https:\/\/neurovirtual.com\/br\/?attachment_id=815082\" class=\"wp-image-815082\" srcset=\"https:\/\/neurovirtual.com\/br\/wp-content\/uploads\/2022\/09\/Foto-03-1024x956.jpg 1024w, https:\/\/neurovirtual.com\/br\/wp-content\/uploads\/2022\/09\/Foto-03-300x280.jpg 300w, https:\/\/neurovirtual.com\/br\/wp-content\/uploads\/2022\/09\/Foto-03-768x717.jpg 768w, https:\/\/neurovirtual.com\/br\/wp-content\/uploads\/2022\/09\/Foto-03-1536x1434.jpg 1536w, https:\/\/neurovirtual.com\/br\/wp-content\/uploads\/2022\/09\/Foto-03-268x250.jpg 268w, https:\/\/neurovirtual.com\/br\/wp-content\/uploads\/2022\/09\/Foto-03-364x340.jpg 364w, https:\/\/neurovirtual.com\/br\/wp-content\/uploads\/2022\/09\/Foto-03.jpg 1920w\" sizes=\"(max-width: 1024px) 100vw, 1024px\" \/><\/a><figcaption class=\"blocks-gallery-item__caption\">Dr. Oswaldo Couto Junior, Sandro Senra (Diretor Neurovirtual) e Dr. M\u00e1rio Silva Jorge. <\/figcaption><\/figure><\/li><li class=\"blocks-gallery-item\"><figure><a href=\"https:\/\/neurovirtual.com\/br\/wp-content\/uploads\/2022\/09\/Foto-4.jpg\"><img decoding=\"async\" width=\"1024\" height=\"954\" src=\"https:\/\/neurovirtual.com\/br\/wp-content\/uploads\/2022\/09\/Foto-4-1024x954.jpg\" alt=\"\" data-id=\"815083\" data-full-url=\"https:\/\/neurovirtual.com\/br\/wp-content\/uploads\/2022\/09\/Foto-4.jpg\" data-link=\"https:\/\/neurovirtual.com\/br\/?attachment_id=815083\" class=\"wp-image-815083\" srcset=\"https:\/\/neurovirtual.com\/br\/wp-content\/uploads\/2022\/09\/Foto-4-1024x954.jpg 1024w, https:\/\/neurovirtual.com\/br\/wp-content\/uploads\/2022\/09\/Foto-4-300x280.jpg 300w, https:\/\/neurovirtual.com\/br\/wp-content\/uploads\/2022\/09\/Foto-4-768x716.jpg 768w, https:\/\/neurovirtual.com\/br\/wp-content\/uploads\/2022\/09\/Foto-4-268x250.jpg 268w, https:\/\/neurovirtual.com\/br\/wp-content\/uploads\/2022\/09\/Foto-4-365x340.jpg 365w, https:\/\/neurovirtual.com\/br\/wp-content\/uploads\/2022\/09\/Foto-4.jpg 1288w\" sizes=\"(max-width: 1024px) 100vw, 1024px\" \/><\/a><figcaption class=\"blocks-gallery-item__caption\">Dra. Camila Fedato Batalha, Alex Oliveira (Gerente Neurovirtual) e  Dra. Patricia Maria Pedrosa Pantoja.<\/figcaption><\/figure><\/li><li class=\"blocks-gallery-item\"><figure><a href=\"https:\/\/neurovirtual.com\/br\/wp-content\/uploads\/2022\/09\/LBE-2.jpg\"><img decoding=\"async\" width=\"900\" height=\"967\" src=\"https:\/\/neurovirtual.com\/br\/wp-content\/uploads\/2022\/09\/LBE-2.jpg\" alt=\"\" data-id=\"815084\" data-full-url=\"https:\/\/neurovirtual.com\/br\/wp-content\/uploads\/2022\/09\/LBE-2.jpg\" data-link=\"https:\/\/neurovirtual.com\/br\/?attachment_id=815084\" class=\"wp-image-815084\" srcset=\"https:\/\/neurovirtual.com\/br\/wp-content\/uploads\/2022\/09\/LBE-2.jpg 900w, https:\/\/neurovirtual.com\/br\/wp-content\/uploads\/2022\/09\/LBE-2-279x300.jpg 279w, https:\/\/neurovirtual.com\/br\/wp-content\/uploads\/2022\/09\/LBE-2-768x825.jpg 768w, https:\/\/neurovirtual.com\/br\/wp-content\/uploads\/2022\/09\/LBE-2-233x250.jpg 233w, https:\/\/neurovirtual.com\/br\/wp-content\/uploads\/2022\/09\/LBE-2-316x340.jpg 316w\" sizes=\"(max-width: 900px) 100vw, 900px\" \/><\/a><figcaption class=\"blocks-gallery-item__caption\">Dra. Rosa Hasan e Sandro Senra (Diretor Neurovirtual)<\/figcaption><\/figure><\/li><\/ul><\/figure>\n\n\n\n<p>O segundo dia de congresso esteve totalmente dedicado \u00e0 pr\u00e1tica de eletroencefalograma na \u00e1rea neonatal. Os temas das palestras flutuavam entre aspectos t\u00e9cnicos e classifica\u00e7\u00e3o do exame, at\u00e9 as caracter\u00edsticas de um EEG normal e anormal em rec\u00e9m-nascidos. Notoriamente reconhecido, o EEG \u00e9 fundamental para diagnosticar crises epil\u00e9pticas neonatais, como apn\u00e9ia, taquipn\u00e9ia e mastiga\u00e7\u00e3o, al\u00e9m da possibilidade de detectar diferentes modalidades de inflama\u00e7\u00f5es no enc\u00e9falo.<\/p>\n\n\n\n<p>O Congresso LBE ainda teve espa\u00e7o para apresentar outros assuntos relevantes para neurologia como: Neuroimagem em Epilepsia, um Workshop sobre Semiologia das crises e s\u00edndromes epil\u00e9pticas \u00e0 luz da classifica\u00e7\u00e3o da ILAE de 2022 e o Primeiro Simp\u00f3sio de Pesquisa b\u00e1sica da LBE. Como um excelente interc\u00e2mbio cient\u00edfico, o Congresso foi uma \u00f3tima oportunidade de interagir com colegas neurologistas do Brasil, da Am\u00e9rica Latina e do mundo.<\/p>\n","protected":false},"excerpt":{"rendered":"<p>Desde 2016, a Liga Brasileira de Epilepsia conta com a presen\u00e7a Neurovirtual em seus congressos dedicados \u00e0 neurologia. E a 39\u00aa edi\u00e7\u00e3o n\u00e3o poderia ser diferente. Durante os dias 11 a 13 de agosto de 2022, em Campinas-SP, profissionais da \u00e1rea puderam acudir ao espa\u00e7o da marca para conhecer de perto suas solu\u00e7\u00f5es para eletroencefalograma&#8230;.<\/p>\n","protected":false},"author":6,"featured_media":815080,"comment_status":"open","ping_status":"open","sticky":false,"template":"","format":"standard","meta":{"_acf_changed":false,"_joinchat":[],"footnotes":""},"categories":[15],"tags":[],"acf":[],"_links":{"self":[{"href":"https:\/\/neurovirtual.com\/br\/wp-json\/wp\/v2\/posts\/815077"}],"collection":[{"href":"https:\/\/neurovirtual.com\/br\/wp-json\/wp\/v2\/posts"}],"about":[{"href":"https:\/\/neurovirtual.com\/br\/wp-json\/wp\/v2\/types\/post"}],"author":[{"embeddable":true,"href":"https:\/\/neurovirtual.com\/br\/wp-json\/wp\/v2\/users\/6"}],"replies":[{"embeddable":true,"href":"https:\/\/neurovirtual.com\/br\/wp-json\/wp\/v2\/comments?post=815077"}],"version-history":[{"count":6,"href":"https:\/\/neurovirtual.com\/br\/wp-json\/wp\/v2\/posts\/815077\/revisions"}],"predecessor-version":[{"id":815143,"href":"https:\/\/neurovirtual.com\/br\/wp-json\/wp\/v2\/posts\/815077\/revisions\/815143"}],"wp:featuredmedia":[{"embeddable":true,"href":"https:\/\/neurovirtual.com\/br\/wp-json\/wp\/v2\/media\/815080"}],"wp:attachment":[{"href":"https:\/\/neurovirtual.com\/br\/wp-json\/wp\/v2\/media?parent=815077"}],"wp:term":[{"taxonomy":"category","embeddable":true,"href":"https:\/\/neurovirtual.com\/br\/wp-json\/wp\/v2\/categories?post=815077"},{"taxonomy":"post_tag","embeddable":true,"href":"https:\/\/neurovirtual.com\/br\/wp-json\/wp\/v2\/tags?post=815077"}],"curies":[{"name":"wp","href":"https:\/\/api.w.org\/{rel}","templated":true}]}}