{"id":815066,"date":"2022-05-09T14:30:00","date_gmt":"2022-05-09T17:30:00","guid":{"rendered":"https:\/\/neurovirtual.com\/br\/?p=815066"},"modified":"2022-08-25T14:36:35","modified_gmt":"2022-08-25T17:36:35","slug":"panama-apresenta-sua-primeira-conferencia-introdutoria-sobre-medicina-do-sono","status":"publish","type":"post","link":"https:\/\/neurovirtual.com\/br\/panama-apresenta-sua-primeira-conferencia-introdutoria-sobre-medicina-do-sono\/","title":{"rendered":"Panam\u00e1 apresenta sua primeira Confer\u00eancia Introdut\u00f3ria sobre Medicina do Sono"},"content":{"rendered":"\n<p>Primeira Confer\u00eancia Internacional de Introdu\u00e7\u00e3o \u00e0 Medicina do Sono, na Cidade do Panam\u00e1. A marca americana n\u00e3o perdeu esta oportunidade de se aproximar ao p\u00fablico panamenho entregando informa\u00e7\u00f5es e demonstra\u00e7\u00f5es de seus excelentes equipamentos <a href=\"https:\/\/neurovirtual.com\/br\/equipamento\/bwiii-psg\/\" data-type=\"URL\" data-id=\"https:\/\/neurovirtual.com\/br\/equipamento\/bwiii-psg\/\">BWIII PSG<\/a> e <a href=\"https:\/\/neurovirtual.com\/br\/equipamento\/bw-mini-psg\/\" target=\"_blank\" data-type=\"URL\" data-id=\"https:\/\/neurovirtual.com\/br\/equipamento\/bw-mini-psg\/\" rel=\"noreferrer noopener\">BWMINI PSG.<\/a><\/p>\n\n\n\n<p>O evento ofereceu uma experi\u00eancia completa aos mais de 40 inscritos. Em um formato h\u00edbrido, os participantes come\u00e7aram o dia com apresenta\u00e7\u00f5es sobre os mecanismos neurais e aspectos neurofisiol\u00f3gicos do sono normal e terminaram o dia com discuss\u00f5es sobre a epilepsia durante o sono.<\/p>\n\n\n\n<figure class=\"wp-block-gallery columns-3 is-cropped wp-block-gallery-1 is-layout-flex wp-block-gallery-is-layout-flex\"><ul class=\"blocks-gallery-grid\"><li class=\"blocks-gallery-item\"><figure><a href=\"https:\/\/neurovirtual.com\/br\/wp-content\/uploads\/2022\/08\/Foto-1-Dr-Diego-Garcia-Borreguero.jpg\"><img decoding=\"async\" width=\"819\" height=\"1024\" src=\"https:\/\/neurovirtual.com\/br\/wp-content\/uploads\/2022\/08\/Foto-1-Dr-Diego-Garcia-Borreguero-819x1024.jpg\" alt=\"\" data-id=\"815068\" data-full-url=\"https:\/\/neurovirtual.com\/br\/wp-content\/uploads\/2022\/08\/Foto-1-Dr-Diego-Garcia-Borreguero.jpg\" data-link=\"https:\/\/neurovirtual.com\/br\/?attachment_id=815068\" class=\"wp-image-815068\" srcset=\"https:\/\/neurovirtual.com\/br\/wp-content\/uploads\/2022\/08\/Foto-1-Dr-Diego-Garcia-Borreguero-819x1024.jpg 819w, https:\/\/neurovirtual.com\/br\/wp-content\/uploads\/2022\/08\/Foto-1-Dr-Diego-Garcia-Borreguero-240x300.jpg 240w, https:\/\/neurovirtual.com\/br\/wp-content\/uploads\/2022\/08\/Foto-1-Dr-Diego-Garcia-Borreguero-768x960.jpg 768w, https:\/\/neurovirtual.com\/br\/wp-content\/uploads\/2022\/08\/Foto-1-Dr-Diego-Garcia-Borreguero-200x250.jpg 200w, https:\/\/neurovirtual.com\/br\/wp-content\/uploads\/2022\/08\/Foto-1-Dr-Diego-Garcia-Borreguero-272x340.jpg 272w, https:\/\/neurovirtual.com\/br\/wp-content\/uploads\/2022\/08\/Foto-1-Dr-Diego-Garcia-Borreguero.jpg 1080w\" sizes=\"(max-width: 819px) 100vw, 819px\" \/><\/a><\/figure><\/li><li class=\"blocks-gallery-item\"><figure><a href=\"https:\/\/neurovirtual.com\/br\/wp-content\/uploads\/2022\/08\/Foto-2-Moderadores.jpeg\"><img decoding=\"async\" width=\"819\" height=\"1024\" src=\"https:\/\/neurovirtual.com\/br\/wp-content\/uploads\/2022\/08\/Foto-2-Moderadores-819x1024.jpeg\" alt=\"\" data-id=\"815069\" data-full-url=\"https:\/\/neurovirtual.com\/br\/wp-content\/uploads\/2022\/08\/Foto-2-Moderadores.jpeg\" data-link=\"https:\/\/neurovirtual.com\/br\/?attachment_id=815069\" class=\"wp-image-815069\" srcset=\"https:\/\/neurovirtual.com\/br\/wp-content\/uploads\/2022\/08\/Foto-2-Moderadores-819x1024.jpeg 819w, https:\/\/neurovirtual.com\/br\/wp-content\/uploads\/2022\/08\/Foto-2-Moderadores-240x300.jpeg 240w, https:\/\/neurovirtual.com\/br\/wp-content\/uploads\/2022\/08\/Foto-2-Moderadores-768x960.jpeg 768w, https:\/\/neurovirtual.com\/br\/wp-content\/uploads\/2022\/08\/Foto-2-Moderadores-200x250.jpeg 200w, https:\/\/neurovirtual.com\/br\/wp-content\/uploads\/2022\/08\/Foto-2-Moderadores-272x340.jpeg 272w, https:\/\/neurovirtual.com\/br\/wp-content\/uploads\/2022\/08\/Foto-2-Moderadores.jpeg 1080w\" sizes=\"(max-width: 819px) 100vw, 819px\" \/><\/a><\/figure><\/li><li class=\"blocks-gallery-item\"><figure><a href=\"https:\/\/neurovirtual.com\/br\/wp-content\/uploads\/2022\/08\/Foto-3-Stand-Katerin-Laverde-y-Esteban-Vargas.jpeg\"><img decoding=\"async\" width=\"819\" height=\"1024\" src=\"https:\/\/neurovirtual.com\/br\/wp-content\/uploads\/2022\/08\/Foto-3-Stand-Katerin-Laverde-y-Esteban-Vargas-819x1024.jpeg\" alt=\"\" data-id=\"815071\" data-full-url=\"https:\/\/neurovirtual.com\/br\/wp-content\/uploads\/2022\/08\/Foto-3-Stand-Katerin-Laverde-y-Esteban-Vargas.jpeg\" data-link=\"https:\/\/neurovirtual.com\/br\/?attachment_id=815071\" class=\"wp-image-815071\" srcset=\"https:\/\/neurovirtual.com\/br\/wp-content\/uploads\/2022\/08\/Foto-3-Stand-Katerin-Laverde-y-Esteban-Vargas-819x1024.jpeg 819w, https:\/\/neurovirtual.com\/br\/wp-content\/uploads\/2022\/08\/Foto-3-Stand-Katerin-Laverde-y-Esteban-Vargas-240x300.jpeg 240w, https:\/\/neurovirtual.com\/br\/wp-content\/uploads\/2022\/08\/Foto-3-Stand-Katerin-Laverde-y-Esteban-Vargas-768x960.jpeg 768w, https:\/\/neurovirtual.com\/br\/wp-content\/uploads\/2022\/08\/Foto-3-Stand-Katerin-Laverde-y-Esteban-Vargas-200x250.jpeg 200w, https:\/\/neurovirtual.com\/br\/wp-content\/uploads\/2022\/08\/Foto-3-Stand-Katerin-Laverde-y-Esteban-Vargas-272x340.jpeg 272w, https:\/\/neurovirtual.com\/br\/wp-content\/uploads\/2022\/08\/Foto-3-Stand-Katerin-Laverde-y-Esteban-Vargas.jpeg 1080w\" sizes=\"(max-width: 819px) 100vw, 819px\" \/><\/a><\/figure><\/li><\/ul><\/figure>\n\n\n\n<p>A confer\u00eancia aconteceu no dia 7 de maio de 2022, no Hotel W Panam\u00e1, com uma \u00f3tima acolhida por parte dos participantes. Este evento foi fruto de um trabalho conjunto entre a Universidade Interamericana do Panam\u00e1, o Instituto Europeu do Sono, a Funda\u00e7\u00e3o Instituto do Sono e a Faculdade de Medicina do Panam\u00e1.<\/p>\n\n\n\n<p>Participaram do evento 18 apresentadores especialistas vindos dos Estados Unidos, Espanha, Chile e Col\u00f4mbia, al\u00e9m de representantes locais. A organiza\u00e7\u00e3o e coordena\u00e7\u00e3o esteve a cargo dos m\u00e9dicos Diego Garc\u00eda-Borreguero, diretor internacional do Instituto Europeu do Sono (de Madri), e Fernando de Gracia, da Universidade Interamericana do Panam\u00e1 e do Hospital Santo Tom\u00e1s.<\/p>\n\n\n\n<p>Este foi definitivamente um encontro que promete deixar marcas nos caminhos da medicina do sono no Panam\u00e1.<\/p>\n","protected":false},"excerpt":{"rendered":"<p>Primeira Confer\u00eancia Internacional de Introdu\u00e7\u00e3o \u00e0 Medicina do Sono, na Cidade do Panam\u00e1. A marca americana n\u00e3o perdeu esta oportunidade de se aproximar ao p\u00fablico panamenho entregando informa\u00e7\u00f5es e demonstra\u00e7\u00f5es de seus excelentes equipamentos BWIII PSG e BWMINI PSG. O evento ofereceu uma experi\u00eancia completa aos mais de 40 inscritos. Em um formato h\u00edbrido, os&#8230;<\/p>\n","protected":false},"author":6,"featured_media":815070,"comment_status":"open","ping_status":"open","sticky":false,"template":"","format":"standard","meta":{"_acf_changed":false,"_joinchat":[],"footnotes":""},"categories":[1],"tags":[],"acf":[],"_links":{"self":[{"href":"https:\/\/neurovirtual.com\/br\/wp-json\/wp\/v2\/posts\/815066"}],"collection":[{"href":"https:\/\/neurovirtual.com\/br\/wp-json\/wp\/v2\/posts"}],"about":[{"href":"https:\/\/neurovirtual.com\/br\/wp-json\/wp\/v2\/types\/post"}],"author":[{"embeddable":true,"href":"https:\/\/neurovirtual.com\/br\/wp-json\/wp\/v2\/users\/6"}],"replies":[{"embeddable":true,"href":"https:\/\/neurovirtual.com\/br\/wp-json\/wp\/v2\/comments?post=815066"}],"version-history":[{"count":3,"href":"https:\/\/neurovirtual.com\/br\/wp-json\/wp\/v2\/posts\/815066\/revisions"}],"predecessor-version":[{"id":815073,"href":"https:\/\/neurovirtual.com\/br\/wp-json\/wp\/v2\/posts\/815066\/revisions\/815073"}],"wp:featuredmedia":[{"embeddable":true,"href":"https:\/\/neurovirtual.com\/br\/wp-json\/wp\/v2\/media\/815070"}],"wp:attachment":[{"href":"https:\/\/neurovirtual.com\/br\/wp-json\/wp\/v2\/media?parent=815066"}],"wp:term":[{"taxonomy":"category","embeddable":true,"href":"https:\/\/neurovirtual.com\/br\/wp-json\/wp\/v2\/categories?post=815066"},{"taxonomy":"post_tag","embeddable":true,"href":"https:\/\/neurovirtual.com\/br\/wp-json\/wp\/v2\/tags?post=815066"}],"curies":[{"name":"wp","href":"https:\/\/api.w.org\/{rel}","templated":true}]}}