{"id":814997,"date":"2022-06-05T14:03:00","date_gmt":"2022-06-05T17:03:00","guid":{"rendered":"https:\/\/neurovirtual.com\/br\/?p=814997"},"modified":"2022-07-19T14:09:31","modified_gmt":"2022-07-19T17:09:31","slug":"contamos-como-foi-o-primeiro-congresso-internacional-de-neurologia-eduardo-palacio-sanchez","status":"publish","type":"post","link":"https:\/\/neurovirtual.com\/br\/contamos-como-foi-o-primeiro-congresso-internacional-de-neurologia-eduardo-palacio-sanchez\/","title":{"rendered":"Contamos como foi o primeiro Congresso Internacional de Neurologia Eduardo Palacio S\u00e1nchez"},"content":{"rendered":"\n<p>Pioneira no setor em que atua, a Neurovirtual foi uma das empresas expositoras do primeiro <a href=\"https:\/\/portal.acnweb.org\/eventos-acn\/250-congreso-internacional-de-neurologia-eduardo-palacios-sanchez\" target=\"_blank\" data-type=\"URL\" data-id=\"https:\/\/portal.acnweb.org\/eventos-acn\/250-congreso-internacional-de-neurologia-eduardo-palacios-sanchez\" rel=\"noreferrer noopener\">Congresso Internacional de Neurologia Eduardo Palacio S\u00e1nchez<\/a>, na Col\u00f4mbia. Entre os dias 2 a 4 de junho de 2022, foi poss\u00edvel conversar com os especialistas da marca e explorar novos conhecimentos em um evento repleto de excelentes profissionais da \u00e1rea.<\/p>\n\n\n\n<p>Esta foi a primeira edi\u00e7\u00e3o do congresso que leva o nome do Dr. Eduardo Palacios S\u00e1nchez. Um prestigiado neurocirurgi\u00e3o colombiano que contribuiu com muitos estudos e livros para esta \u00e1rea da medicina. Gra\u00e7as \u00e0s suas participa\u00e7\u00f5es e associa\u00e7\u00f5es no pa\u00eds e internacionais, foi premiado com muitas distin\u00e7\u00f5es.<\/p>\n\n\n\n<figure class=\"wp-block-gallery columns-2 is-cropped wp-block-gallery-1 is-layout-flex wp-block-gallery-is-layout-flex\"><ul class=\"blocks-gallery-grid\"><li class=\"blocks-gallery-item\"><figure><a href=\"https:\/\/neurovirtual.com\/br\/wp-content\/uploads\/2022\/07\/1-1.jpeg\"><img decoding=\"async\" width=\"768\" height=\"1024\" src=\"https:\/\/neurovirtual.com\/br\/wp-content\/uploads\/2022\/07\/1-1.jpeg\" alt=\"\" data-id=\"815005\" class=\"wp-image-815005\" srcset=\"https:\/\/neurovirtual.com\/br\/wp-content\/uploads\/2022\/07\/1-1.jpeg 768w, https:\/\/neurovirtual.com\/br\/wp-content\/uploads\/2022\/07\/1-1-225x300.jpeg 225w, https:\/\/neurovirtual.com\/br\/wp-content\/uploads\/2022\/07\/1-1-188x250.jpeg 188w, https:\/\/neurovirtual.com\/br\/wp-content\/uploads\/2022\/07\/1-1-255x340.jpeg 255w\" sizes=\"(max-width: 768px) 100vw, 768px\" \/><\/a><\/figure><\/li><li class=\"blocks-gallery-item\"><figure><a href=\"https:\/\/neurovirtual.com\/br\/wp-content\/uploads\/2022\/07\/principal.jpeg\"><img decoding=\"async\" width=\"1024\" height=\"768\" src=\"https:\/\/neurovirtual.com\/br\/wp-content\/uploads\/2022\/07\/principal.jpeg\" alt=\"\" data-id=\"815007\" data-full-url=\"https:\/\/neurovirtual.com\/br\/wp-content\/uploads\/2022\/07\/principal.jpeg\" data-link=\"https:\/\/neurovirtual.com\/br\/?attachment_id=815007\" class=\"wp-image-815007\" srcset=\"https:\/\/neurovirtual.com\/br\/wp-content\/uploads\/2022\/07\/principal.jpeg 1024w, https:\/\/neurovirtual.com\/br\/wp-content\/uploads\/2022\/07\/principal-300x225.jpeg 300w, https:\/\/neurovirtual.com\/br\/wp-content\/uploads\/2022\/07\/principal-768x576.jpeg 768w, https:\/\/neurovirtual.com\/br\/wp-content\/uploads\/2022\/07\/principal-333x250.jpeg 333w, https:\/\/neurovirtual.com\/br\/wp-content\/uploads\/2022\/07\/principal-453x340.jpeg 453w\" sizes=\"(max-width: 1024px) 100vw, 1024px\" \/><\/a><\/figure><\/li><\/ul><\/figure>\n\n\n\n<p>Infelizmente, nos deixou em 2020 e a Associa\u00e7\u00e3o Colombiana de Neurologia viu neste novo congresso a oportunidade de prestar-lhe uma homenagem. Ao dar o nome ao evento, a entidade celebra com honra a sua carreira nas \u00e1reas da Medicina e da Neurologia.<\/p>\n\n\n\n<p>Os temas do congresso giravam em torno de epilepsia, esclerose m\u00faltipla, neurocirurgia, neuropediatria, \u00f3rf\u00e3os, dor de cabe\u00e7a, sono, acidente vascular cerebral, neuromuscular e movimentos anormais. Ao final de cada rodada de palestras, era aberto um espa\u00e7o para perguntas e discuss\u00f5es especializadas sobre o tema em quest\u00e3o.<\/p>\n\n\n\n<p>O evento aconteceu em Cartagena, na costa caribenha da Col\u00f4mbia, e durante quatro dias foram trocadas experi\u00eancias e novas descobertas. Obviamente, a Neurovirtual esteve presente e p\u00f4de compartilhar com os visitantes os benef\u00edcios e funcionalidades do equipamento <a href=\"https:\/\/neurovirtual.com\/br\/equipamento\/bwmini-eeg\/\" target=\"_blank\" data-type=\"URL\" data-id=\"https:\/\/neurovirtual.com\/br\/equipamento\/bwmini-eeg\/\" rel=\"noreferrer noopener\">BWMINI EEG.<\/a> Ao mesmo tempo, tamb\u00e9m foi poss\u00edvel conferir as solu\u00e7\u00f5es <a href=\"https:\/\/neurovirtual.com\/br\/equipamento\/bw-iii-plus\/\" target=\"_blank\" data-type=\"URL\" data-id=\"https:\/\/neurovirtual.com\/br\/equipamento\/bw-iii-plus\/\" rel=\"noreferrer noopener\">BWIII EEG PLUS<\/a> e <a href=\"https:\/\/neurovirtual.com\/br\/equipamento\/bwiii-eeg\/\" target=\"_blank\" data-type=\"URL\" data-id=\"https:\/\/neurovirtual.com\/br\/equipamento\/bwiii-eeg\/\" rel=\"noreferrer noopener\">BWIII EEG.<\/a><\/p>\n\n\n\n<h2 class=\"wp-block-heading\"><strong>Um lan\u00e7amento de sucesso para a Neurologia<\/strong><\/h2>\n\n\n\n<p>Quatro representantes da equipe Neurovirtual estiveram presentes para receber os convidados e apresentar as solu\u00e7\u00f5es inovadoras da marca para a \u00e1rea de neurologia e medicina do sono. Eles tiveram a oportunidade de receber no estande renomados nomes, como Dr. Walter Gonzalez, Dr. Ivan Gaona, Dr. Jes\u00fas Rodr\u00edguez, entre outros.<\/p>\n\n\n\n<p>A participa\u00e7\u00e3o foi grande e os representantes da Neurovirtual vislumbraram o bom posicionamento da marca e a possibilidade de estreitar relacionamentos com clientes importantes. Al\u00e9m de coletar novos prospectos. Para agradecer a participa\u00e7\u00e3o dos visitantes, foi realizado um sorteio de um tablet. O felizardo foi o Dr. Walter Gonzalez, que inclusive foi um dos palestrantes do congresso. Mais um evento conclu\u00eddo, muitas conquistas alcan\u00e7adas e o desejo pela pr\u00f3xima oportunidade permanece!<\/p>\n","protected":false},"excerpt":{"rendered":"<p>Pioneira no setor em que atua, a Neurovirtual foi uma das empresas expositoras do primeiro Congresso Internacional de Neurologia Eduardo Palacio S\u00e1nchez, na Col\u00f4mbia. Entre os dias 2 a 4 de junho de 2022, foi poss\u00edvel conversar com os especialistas da marca e explorar novos conhecimentos em um evento repleto de excelentes profissionais da \u00e1rea&#8230;.<\/p>\n","protected":false},"author":6,"featured_media":815001,"comment_status":"open","ping_status":"open","sticky":false,"template":"","format":"standard","meta":{"_acf_changed":false,"_joinchat":[],"footnotes":""},"categories":[15,20],"tags":[],"acf":[],"_links":{"self":[{"href":"https:\/\/neurovirtual.com\/br\/wp-json\/wp\/v2\/posts\/814997"}],"collection":[{"href":"https:\/\/neurovirtual.com\/br\/wp-json\/wp\/v2\/posts"}],"about":[{"href":"https:\/\/neurovirtual.com\/br\/wp-json\/wp\/v2\/types\/post"}],"author":[{"embeddable":true,"href":"https:\/\/neurovirtual.com\/br\/wp-json\/wp\/v2\/users\/6"}],"replies":[{"embeddable":true,"href":"https:\/\/neurovirtual.com\/br\/wp-json\/wp\/v2\/comments?post=814997"}],"version-history":[{"count":6,"href":"https:\/\/neurovirtual.com\/br\/wp-json\/wp\/v2\/posts\/814997\/revisions"}],"predecessor-version":[{"id":815008,"href":"https:\/\/neurovirtual.com\/br\/wp-json\/wp\/v2\/posts\/814997\/revisions\/815008"}],"wp:featuredmedia":[{"embeddable":true,"href":"https:\/\/neurovirtual.com\/br\/wp-json\/wp\/v2\/media\/815001"}],"wp:attachment":[{"href":"https:\/\/neurovirtual.com\/br\/wp-json\/wp\/v2\/media?parent=814997"}],"wp:term":[{"taxonomy":"category","embeddable":true,"href":"https:\/\/neurovirtual.com\/br\/wp-json\/wp\/v2\/categories?post=814997"},{"taxonomy":"post_tag","embeddable":true,"href":"https:\/\/neurovirtual.com\/br\/wp-json\/wp\/v2\/tags?post=814997"}],"curies":[{"name":"wp","href":"https:\/\/api.w.org\/{rel}","templated":true}]}}