{"id":804741,"date":"2020-02-14T15:25:20","date_gmt":"2020-02-14T17:25:20","guid":{"rendered":"https:\/\/neurovirtual.com\/br\/?p=804741"},"modified":"2024-03-07T11:47:32","modified_gmt":"2024-03-07T14:47:32","slug":"1o-simposio-internacional-de-neonatologia-no-mexico-aborda-cuidados-com-recem-nascidos","status":"publish","type":"post","link":"https:\/\/neurovirtual.com\/br\/1o-simposio-internacional-de-neonatologia-no-mexico-aborda-cuidados-com-recem-nascidos\/","title":{"rendered":"1\u00ba Simp\u00f3sio Internacional de Neonatologia, no M\u00e9xico, aborda cuidados com rec\u00e9m-nascidos"},"content":{"rendered":"\r\n\r\n\r\n\r\n\r\n<p>Ainda que os avan\u00e7os nos cuidados cr\u00edticos de rec\u00e9m-nascidos e prematuros contribuam para melhoria das taxas de mortalidade neonatal em todo o mundo, existe uma preocupa\u00e7\u00e3o relativa \u00e0s complica\u00e7\u00f5es e sequelas neurol\u00f3gicas que podem ocorrer. <em>\u201cPor este motivo, montamos este simp\u00f3sio, a fim de apresentar e discutir as novas tend\u00eancias para o cuidado destes pacientes\u201d<\/em>, justificou o Dr. Rafael Caso Monge, Diretor M\u00e9dico do Hospital Ginecol\u00f3gico e Obstetr\u00edcio de Monterrey.<\/p>\r\n\r\n\r\n\r\n<div class=\"wp-block-image\">\r\n<figure class=\"aligncenter is-resized\"><img decoding=\"async\" class=\"wp-image-804744\" src=\"https:\/\/neurovirtual.com\/br\/wp-content\/uploads\/2020\/03\/foto-1-892x1024.jpg\" alt=\"\" width=\"446\" height=\"512\" srcset=\"https:\/\/neurovirtual.com\/br\/wp-content\/uploads\/2020\/03\/foto-1-892x1024.jpg 892w, https:\/\/neurovirtual.com\/br\/wp-content\/uploads\/2020\/03\/foto-1-261x300.jpg 261w, https:\/\/neurovirtual.com\/br\/wp-content\/uploads\/2020\/03\/foto-1-768x882.jpg 768w, https:\/\/neurovirtual.com\/br\/wp-content\/uploads\/2020\/03\/foto-1-218x250.jpg 218w, https:\/\/neurovirtual.com\/br\/wp-content\/uploads\/2020\/03\/foto-1-296x340.jpg 296w, https:\/\/neurovirtual.com\/br\/wp-content\/uploads\/2020\/03\/foto-1.jpg 1672w\" sizes=\"(max-width: 446px) 100vw, 446px\" \/><\/figure>\r\n<\/div>\r\n\r\n\r\n\r\n<p>Essenciais para fomentar discuss\u00f5es e instrumentalizar as equipes, os temas abordados nos dois dias de programa\u00e7\u00e3o cient\u00edfica foram de grande valor para os participantes. Entre os destaques: Fatores perinatais associados ao dano neurol\u00f3gico; Ferramentas para monitoriza\u00e7\u00e3o neurol\u00f3gica (EEG, aEEG, NIRS); Abordagem e interven\u00e7\u00e3o precoce em hidrocefalia; Explora\u00e7\u00e3o neurol\u00f3gica neonatal; Identifica\u00e7\u00e3o precoce de transtorno do neurodesenvolvimento.<\/p>\r\n\r\n\r\n\r\n<p>\u00danica empresa de equipamentos voltada ao diagn\u00f3stico neurol\u00f3gico, a Neurovirtual marcou presen\u00e7a no evento com um estande, onde apresentou os equipamentos<a href=\"https:\/\/neurovirtual.com\/br\/equipamento\/bw-iii-plus\/\"> BWIII EEG<\/a>, <a href=\"https:\/\/neurovirtual.com\/br\/equipamento\/bwiii-eeg-plus-icu-monitoracao-eeg\/\">BWIII EEG PLUS ICU LTM;<\/a> B<a href=\"https:\/\/neurovirtual.com\/br\/equipamento\/bwmini-eeg\/\">WMini EEG, <\/a>al\u00e9m de insumos para EEG e PSG. Na ocasi\u00e3o, os colaboradores Joseph Pardo e Jessica Morales atenderam o p\u00fablico interessado e registraram elogios quanto \u00e0 praticidade dos equipamentos e a tecnologia inovadora empregada pela empresa.\u00a0<\/p>\r\n\r\n\r\n\r\n<p>Para cumprir o seu prop\u00f3sito, o evento contou com a participa\u00e7\u00e3o de m\u00e9dicos de renome e com grande trajet\u00f3ria profissional.<em> \u201cEles compartilharam experi\u00eancias nas diferentes disciplinas que fazem parte da terapia intensiva neonatal, com enfoque especial para neonatologia; neurologia pedi\u00e1trica; radiologia; neurocirurgia; medicina materno-fetal; desenvolvimento neurol\u00f3gico; e medicina de reabilita\u00e7\u00e3o\u201d<\/em>, explicou o Dr. Luis Gerardo Mart\u00ednez Valades, coordenador geral do comit\u00ea organizador.<\/p>\r\n","protected":false},"excerpt":{"rendered":"<p>Ainda que os avan\u00e7os nos cuidados cr\u00edticos de rec\u00e9m-nascidos e prematuros contribuam para melhoria das taxas de mortalidade neonatal em todo o mundo, existe uma preocupa\u00e7\u00e3o relativa \u00e0s complica\u00e7\u00f5es e sequelas neurol\u00f3gicas que podem ocorrer. \u201cPor este motivo, montamos este simp\u00f3sio, a fim de apresentar e discutir as novas tend\u00eancias para o cuidado destes pacientes\u201d,&#8230;<\/p>\n","protected":false},"author":6,"featured_media":815994,"comment_status":"open","ping_status":"open","sticky":false,"template":"","format":"standard","meta":{"_acf_changed":false,"_joinchat":[],"footnotes":""},"categories":[15,20],"tags":[],"acf":[],"_links":{"self":[{"href":"https:\/\/neurovirtual.com\/br\/wp-json\/wp\/v2\/posts\/804741"}],"collection":[{"href":"https:\/\/neurovirtual.com\/br\/wp-json\/wp\/v2\/posts"}],"about":[{"href":"https:\/\/neurovirtual.com\/br\/wp-json\/wp\/v2\/types\/post"}],"author":[{"embeddable":true,"href":"https:\/\/neurovirtual.com\/br\/wp-json\/wp\/v2\/users\/6"}],"replies":[{"embeddable":true,"href":"https:\/\/neurovirtual.com\/br\/wp-json\/wp\/v2\/comments?post=804741"}],"version-history":[{"count":7,"href":"https:\/\/neurovirtual.com\/br\/wp-json\/wp\/v2\/posts\/804741\/revisions"}],"predecessor-version":[{"id":815995,"href":"https:\/\/neurovirtual.com\/br\/wp-json\/wp\/v2\/posts\/804741\/revisions\/815995"}],"wp:featuredmedia":[{"embeddable":true,"href":"https:\/\/neurovirtual.com\/br\/wp-json\/wp\/v2\/media\/815994"}],"wp:attachment":[{"href":"https:\/\/neurovirtual.com\/br\/wp-json\/wp\/v2\/media?parent=804741"}],"wp:term":[{"taxonomy":"category","embeddable":true,"href":"https:\/\/neurovirtual.com\/br\/wp-json\/wp\/v2\/categories?post=804741"},{"taxonomy":"post_tag","embeddable":true,"href":"https:\/\/neurovirtual.com\/br\/wp-json\/wp\/v2\/tags?post=804741"}],"curies":[{"name":"wp","href":"https:\/\/api.w.org\/{rel}","templated":true}]}}