{"id":804597,"date":"2019-12-19T18:17:14","date_gmt":"2019-12-19T20:17:14","guid":{"rendered":"https:\/\/neurovirtual.com\/br\/?p=804597"},"modified":"2020-08-17T18:45:50","modified_gmt":"2020-08-17T21:45:50","slug":"neurovirtual-reforca-oferta-de-solucoes-no-17o-congresso-brasileiro-do-sono-2019","status":"publish","type":"post","link":"https:\/\/neurovirtual.com\/br\/neurovirtual-reforca-oferta-de-solucoes-no-17o-congresso-brasileiro-do-sono-2019\/","title":{"rendered":"Neurovirtual refor\u00e7a oferta de solu\u00e7\u00f5es no 17\u00ba Congresso Brasileiro do Sono 2019"},"content":{"rendered":"\n<figure class=\"wp-block-image\"><img decoding=\"async\" width=\"668\" height=\"168\" src=\"https:\/\/neurovirtual.com\/br\/wp-content\/uploads\/2020\/02\/congresso-brasileiro-so-sono_2.jpg\" alt=\"\" class=\"wp-image-804602\" srcset=\"https:\/\/neurovirtual.com\/br\/wp-content\/uploads\/2020\/02\/congresso-brasileiro-so-sono_2.jpg 668w, https:\/\/neurovirtual.com\/br\/wp-content\/uploads\/2020\/02\/congresso-brasileiro-so-sono_2-300x75.jpg 300w, https:\/\/neurovirtual.com\/br\/wp-content\/uploads\/2020\/02\/congresso-brasileiro-so-sono_2-460x116.jpg 460w\" sizes=\"(max-width: 668px) 100vw, 668px\" \/><\/figure>\n\n\n\n<p>Famosa por suas quedas d\u2019\u00e1gua e belezas naturais, a cidade de Foz de Igua\u00e7u, no Paran\u00e1, atraiu cerca de mil pessoas, entre os dias 4 e 7 de dezembro de 2019, por um motivo diferente: a realiza\u00e7\u00e3o da<a href=\"https:\/\/www.sono2019.com.br\/\" target=\"_blank\" rel=\"noopener\"> 17\u00aa edi\u00e7\u00e3o do Congresso Brasileiro do Sono<\/a>, que figura entre os principais da agenda nacional. Especialistas de diferentes estados brasileiros, al\u00e9m de congressistas internacionais de mais de 10 pa\u00edses, estiveram presentes para debater os principais temas relacionados \u00e0 medicina do sono.<\/p>\n\n\n\n<div class=\"wp-block-image\"><figure class=\"aligncenter is-resized\"><img decoding=\"async\" src=\"https:\/\/neurovirtual.com\/br\/wp-content\/uploads\/2020\/02\/congresso-brasileiro-do-sono-2019_2-812x1024.jpg\" alt=\"\" class=\"wp-image-804599\" width=\"203\" height=\"256\" srcset=\"https:\/\/neurovirtual.com\/br\/wp-content\/uploads\/2020\/02\/congresso-brasileiro-do-sono-2019_2-812x1024.jpg 812w, https:\/\/neurovirtual.com\/br\/wp-content\/uploads\/2020\/02\/congresso-brasileiro-do-sono-2019_2-238x300.jpg 238w, https:\/\/neurovirtual.com\/br\/wp-content\/uploads\/2020\/02\/congresso-brasileiro-do-sono-2019_2-768x968.jpg 768w, https:\/\/neurovirtual.com\/br\/wp-content\/uploads\/2020\/02\/congresso-brasileiro-do-sono-2019_2-198x250.jpg 198w, https:\/\/neurovirtual.com\/br\/wp-content\/uploads\/2020\/02\/congresso-brasileiro-do-sono-2019_2-270x340.jpg 270w, https:\/\/neurovirtual.com\/br\/wp-content\/uploads\/2020\/02\/congresso-brasileiro-do-sono-2019_2.jpg 1000w\" sizes=\"(max-width: 203px) 100vw, 203px\" \/><\/figure><\/div>\n\n\n\n<p>Promovido pela Associa\u00e7\u00e3o Brasileira do Sono (ABS); Associa\u00e7\u00e3o Brasileira de Medicina do Sono (ABMS) e Associa\u00e7\u00e3o Brasileira de Odontologia do Sono (ABROS), o evento teve um car\u00e1ter multidisciplinar, reunindo especialistas de diferentes \u00e1reas de atua\u00e7\u00e3o, entre m\u00e9dicos e n\u00e3o m\u00e9dicos. De forma concomitante, foi realizado o IV Congresso Brasileiro ABROS, promovido pela Associa\u00e7\u00e3o Brasileira de Odontologia do Sono e a aplica\u00e7\u00e3o de provas de Certifica\u00e7\u00e3o T\u00e9cnica em Polissonografia; Psicologia do Sono, Fonoaudiologia do Sono e Odontologia na Medicina do Sono.<\/p>\n\n\n\n<p>Os simp\u00f3sios, debates e palestras magnas abordaram temas e reuniram palestrantes cuidadosamente selecionados. Entre os assuntos abordados, destaque para: abordagem multidisciplinar dos dist\u00farbios do sono; altera\u00e7\u00f5es do sono na mulher e no envelhecimento; avan\u00e7os no tratamento da ins\u00f4nia; simplifica\u00e7\u00e3o do diagn\u00f3stico da apneia; e desafios e avan\u00e7os tecnol\u00f3gicos na ades\u00e3o ao CPAP.<\/p>\n\n\n\n<div class=\"wp-block-image\"><figure class=\"aligncenter is-resized\"><img decoding=\"async\" src=\"https:\/\/neurovirtual.com\/br\/wp-content\/uploads\/2020\/02\/congresso-brasileiro-do-sono-2019_3.jpg\" alt=\"\" class=\"wp-image-804600\" width=\"250\" height=\"198\" srcset=\"https:\/\/neurovirtual.com\/br\/wp-content\/uploads\/2020\/02\/congresso-brasileiro-do-sono-2019_3.jpg 1000w, https:\/\/neurovirtual.com\/br\/wp-content\/uploads\/2020\/02\/congresso-brasileiro-do-sono-2019_3-300x237.jpg 300w, https:\/\/neurovirtual.com\/br\/wp-content\/uploads\/2020\/02\/congresso-brasileiro-do-sono-2019_3-768x607.jpg 768w, https:\/\/neurovirtual.com\/br\/wp-content\/uploads\/2020\/02\/congresso-brasileiro-do-sono-2019_3-316x250.jpg 316w, https:\/\/neurovirtual.com\/br\/wp-content\/uploads\/2020\/02\/congresso-brasileiro-do-sono-2019_3-430x340.jpg 430w\" sizes=\"(max-width: 250px) 100vw, 250px\" \/><\/figure><\/div>\n\n\n\n<p><em>\u201cContamos com a presen\u00e7a de grandes nomes da Medicina do Sono mundial, abordando importantes fronteiras sobre o diagn\u00f3stico e o tratamento dos dist\u00farbios de sono\u201d<\/em>, destaca o cardiologista Dr. Luciano Drager, coordenador cient\u00edfico do congresso e professor associado do Departamento de Cl\u00ednica M\u00e9dica da FMUSP.<\/p>\n\n\n\n<p>A Neurovirtual marcou presen\u00e7a e refor\u00e7ou sua oferta de solu\u00e7\u00f5es para a medicina do sono junto aos participantes, com destaque para o compacto e moderno <a href=\"https:\/\/neurovirtual.com\/br\/equipamento\/bw-mini-psg\/\">BWMini PSG<\/a> e o robusto <a href=\"https:\/\/neurovirtual.com\/br\/equipamento\/bw-iii-psg-plus\/\">BWIII PSG Plus<\/a>. Sandro Senra, diretor cl\u00ednico, e Alex Oliveira, consultor de neg\u00f3cios, representaram a empresa durante o Congresso, esclarecendo d\u00favidas, promovendo os equipamentos e recebendo convidados, como o Dr. Mauricio Bagnato, do hospital S\u00edrio Liban\u00easde S\u00e3o Paulo e o Daniel Perez Chada, diretor cl\u00ednico do Sono, Hospital Universit\u00e1rio Austral (Argentina).<\/p>\n\n\n\n<div class=\"wp-block-image\"><figure class=\"aligncenter is-resized\"><img decoding=\"async\" src=\"https:\/\/neurovirtual.com\/br\/wp-content\/uploads\/2020\/02\/congresso-brasileiro-do-sono-2019_1-768x1024.jpg\" alt=\"\" class=\"wp-image-804598\" width=\"192\" height=\"256\" srcset=\"https:\/\/neurovirtual.com\/br\/wp-content\/uploads\/2020\/02\/congresso-brasileiro-do-sono-2019_1-768x1024.jpg 768w, https:\/\/neurovirtual.com\/br\/wp-content\/uploads\/2020\/02\/congresso-brasileiro-do-sono-2019_1-225x300.jpg 225w, https:\/\/neurovirtual.com\/br\/wp-content\/uploads\/2020\/02\/congresso-brasileiro-do-sono-2019_1-188x250.jpg 188w, https:\/\/neurovirtual.com\/br\/wp-content\/uploads\/2020\/02\/congresso-brasileiro-do-sono-2019_1-255x340.jpg 255w, https:\/\/neurovirtual.com\/br\/wp-content\/uploads\/2020\/02\/congresso-brasileiro-do-sono-2019_1.jpg 1000w\" sizes=\"(max-width: 192px) 100vw, 192px\" \/><\/figure><\/div>\n\n\n\n<p>Segundo a Dra. Carolina Ferraz de Paula Soares, presidente do Congresso, o evento foi um sucesso em termos de feedback dos participantes, al\u00e9m de <em>\u201cuma oportunidade de interagir com pesquisadores e profissionais nacionais e internacionais de reconhecida experi\u00eancia na \u00e1rea do Sono\u201d<\/em>. A pr\u00f3xima edi\u00e7\u00e3o j\u00e1 tem destino certo: ser\u00e1 realizada na cidade de S\u00e3o Paulo.<\/p>\n","protected":false},"excerpt":{"rendered":"<p>Famosa por suas quedas d\u2019\u00e1gua e belezas naturais, a cidade de Foz de Igua\u00e7u, no Paran\u00e1, atraiu cerca de mil pessoas, entre os dias 4 e 7 de dezembro de 2019, por um motivo diferente: a realiza\u00e7\u00e3o da 17\u00aa edi\u00e7\u00e3o do Congresso Brasileiro do Sono, que figura entre os principais da agenda nacional. Especialistas de&#8230;<\/p>\n","protected":false},"author":6,"featured_media":804601,"comment_status":"open","ping_status":"open","sticky":false,"template":"","format":"standard","meta":{"_acf_changed":false,"_joinchat":[],"footnotes":""},"categories":[1],"tags":[],"acf":[],"_links":{"self":[{"href":"https:\/\/neurovirtual.com\/br\/wp-json\/wp\/v2\/posts\/804597"}],"collection":[{"href":"https:\/\/neurovirtual.com\/br\/wp-json\/wp\/v2\/posts"}],"about":[{"href":"https:\/\/neurovirtual.com\/br\/wp-json\/wp\/v2\/types\/post"}],"author":[{"embeddable":true,"href":"https:\/\/neurovirtual.com\/br\/wp-json\/wp\/v2\/users\/6"}],"replies":[{"embeddable":true,"href":"https:\/\/neurovirtual.com\/br\/wp-json\/wp\/v2\/comments?post=804597"}],"version-history":[{"count":4,"href":"https:\/\/neurovirtual.com\/br\/wp-json\/wp\/v2\/posts\/804597\/revisions"}],"predecessor-version":[{"id":808158,"href":"https:\/\/neurovirtual.com\/br\/wp-json\/wp\/v2\/posts\/804597\/revisions\/808158"}],"wp:featuredmedia":[{"embeddable":true,"href":"https:\/\/neurovirtual.com\/br\/wp-json\/wp\/v2\/media\/804601"}],"wp:attachment":[{"href":"https:\/\/neurovirtual.com\/br\/wp-json\/wp\/v2\/media?parent=804597"}],"wp:term":[{"taxonomy":"category","embeddable":true,"href":"https:\/\/neurovirtual.com\/br\/wp-json\/wp\/v2\/categories?post=804597"},{"taxonomy":"post_tag","embeddable":true,"href":"https:\/\/neurovirtual.com\/br\/wp-json\/wp\/v2\/tags?post=804597"}],"curies":[{"name":"wp","href":"https:\/\/api.w.org\/{rel}","templated":true}]}}