{"id":804548,"date":"2020-02-04T16:08:37","date_gmt":"2020-02-04T18:08:37","guid":{"rendered":"https:\/\/neurovirtual.com\/br\/?p=804548"},"modified":"2020-02-04T16:10:29","modified_gmt":"2020-02-04T18:10:29","slug":"primeiro-curso-latinoamericano-teorico-pratico-de-eletroencefalografia-clinica-da-semiologia-ao-eeg","status":"publish","type":"post","link":"https:\/\/neurovirtual.com\/br\/primeiro-curso-latinoamericano-teorico-pratico-de-eletroencefalografia-clinica-da-semiologia-ao-eeg\/","title":{"rendered":"Primeiro Curso Latinoamericano te\u00f3rico-pr\u00e1tico de Eletroencefalografia Cl\u00ednica &#8220;Da Semiologia ao EEG&#8221;"},"content":{"rendered":"\n<div class=\"wp-block-image\"><figure class=\"aligncenter\"><img decoding=\"async\" width=\"575\" height=\"350\" src=\"https:\/\/neurovirtual.com\/br\/wp-content\/uploads\/2020\/02\/3095_principal.jpg\" alt=\"\" class=\"wp-image-804551\" srcset=\"https:\/\/neurovirtual.com\/br\/wp-content\/uploads\/2020\/02\/3095_principal.jpg 575w, https:\/\/neurovirtual.com\/br\/wp-content\/uploads\/2020\/02\/3095_principal-300x183.jpg 300w, https:\/\/neurovirtual.com\/br\/wp-content\/uploads\/2020\/02\/3095_principal-411x250.jpg 411w, https:\/\/neurovirtual.com\/br\/wp-content\/uploads\/2020\/02\/3095_principal-460x280.jpg 460w\" sizes=\"(max-width: 575px) 100vw, 575px\" \/><\/figure><\/div>\n\n\n\n<p>Voc\u00ea, mais do que\nningu\u00e9m, reconhece a import\u00e2ncia de se manter atualizado em rela\u00e7\u00e3o \u00e0s\nprincipais novidades e estudos no campo da epilepsia e neurologia. <\/p>\n\n\n\n<p>Por este motivo, te\nconvidamos para participar do Primeiro Curso Latinoamericano te\u00f3rico-pr\u00e1ctico de\nEletroencefalografia Cl\u00ednica &#8220;Da Semiologia ao EEG&#8221;, que ser\u00e1\nrealizado nos dias 2 e 3 de abril de 2020 no Chile e reunir\u00e1 especialistas\nrenomados da Am\u00e9rica Latina e Estados Unidos.<\/p>\n\n\n\n<p>Dirigido por uma equipe\nmultidisciplinar de profissionais, composta pela Dra. Loreto R\u00edos Pohl,\nespecialista em neurologia infantil e epilepsia; Francisca Serry Lorca,\nenfermeira com 10 anos de experi\u00eancia no tratamento de pacientes com epilepsia,\ne Kristal Gonz\u00e1lez Barrera, chefe t\u00e9cnica de EEG, o curso trar\u00e1 uma abordagem\nbastante abrangente. <\/p>\n\n\n\n<p>Entre os temas\ncontemplados pela programa\u00e7\u00e3o, est\u00e3o \u201cImport\u00e2ncia de um registro correto de um\nEEG\u201d; \u201cEEG em paciente neurocr\u00edtico&#8221;; &#8220;Import\u00e2ncia da Semiologia no\nEEG&#8221;; &#8220;EEG em encefalopatias epil\u00e9pticas&#8221;, entre outros assuntos\nfundamentais para neurologistas, epileptologistas, residentes, enfermeiros e\nt\u00e9cnicos em EEG.<\/p>\n\n\n\n<p>Confira a lista de\nconferencistas:<\/p>\n\n\n\n<ul><li>Dra. Alicia Bogacz (Uruguai)<\/li><li>Dra. Patricia Braga (Uruguai)<\/li><li>Dra. Guilca Contreras (Venezuela)<\/li><li>Dra. Elia Pestana- Knight (EUA)<\/li><li>Dra. Elza M\u00e1rcia\nYacubian (Brasil)<\/li><li>Dra. Anilu Daza (Venezuela)<\/li><li>Dra. Marlene Mayz (Brasil)<\/li><li>Tec. EEG. (REEGT) Lourdes Colon (EUA)<\/li><li>Tec. EEG. Lic.Laura Cristino (Uruguai)<\/li><\/ul>\n\n\n\n<p>A Neurovirtual \u00e9 uma das\napoiadoras do curso, como parte fundamental de seu compromisso em humanizar o\ndiagn\u00f3stico ao redor do mundo, e se orgulha em colaborar com a educa\u00e7\u00e3o e a\nforma\u00e7\u00e3o de m\u00e9dicos e t\u00e9cnicos.<\/p>\n\n\n\n<p>Comece o ano investindo\nem sua qualifica\u00e7\u00e3o: inscri\u00e7\u00f5es realizadas at\u00e9 o dia 29 de fevereiro garantem\n60% de desconto!<\/p>\n\n\n\n<p>Para mais informa\u00e7\u00f5es e\ninscri\u00e7\u00f5es, <a href=\"https:\/\/www.clinicaepilepsia.cl\/curso_electroencefalografia_clinica.php\" target=\"_blank\" rel=\"noopener\">clique aqui<\/a>.<\/p>\n","protected":false},"excerpt":{"rendered":"<p>Voc\u00ea, mais do que ningu\u00e9m, reconhece a import\u00e2ncia de se manter atualizado em rela\u00e7\u00e3o \u00e0s principais novidades e estudos no campo da epilepsia e neurologia. Por este motivo, te convidamos para participar do Primeiro Curso Latinoamericano te\u00f3rico-pr\u00e1ctico de Eletroencefalografia Cl\u00ednica &#8220;Da Semiologia ao EEG&#8221;, que ser\u00e1 realizado nos dias 2 e 3 de abril de&#8230;<\/p>\n","protected":false},"author":6,"featured_media":804550,"comment_status":"open","ping_status":"open","sticky":false,"template":"","format":"standard","meta":{"_acf_changed":false,"_joinchat":[],"footnotes":""},"categories":[1],"tags":[],"acf":[],"_links":{"self":[{"href":"https:\/\/neurovirtual.com\/br\/wp-json\/wp\/v2\/posts\/804548"}],"collection":[{"href":"https:\/\/neurovirtual.com\/br\/wp-json\/wp\/v2\/posts"}],"about":[{"href":"https:\/\/neurovirtual.com\/br\/wp-json\/wp\/v2\/types\/post"}],"author":[{"embeddable":true,"href":"https:\/\/neurovirtual.com\/br\/wp-json\/wp\/v2\/users\/6"}],"replies":[{"embeddable":true,"href":"https:\/\/neurovirtual.com\/br\/wp-json\/wp\/v2\/comments?post=804548"}],"version-history":[{"count":2,"href":"https:\/\/neurovirtual.com\/br\/wp-json\/wp\/v2\/posts\/804548\/revisions"}],"predecessor-version":[{"id":804553,"href":"https:\/\/neurovirtual.com\/br\/wp-json\/wp\/v2\/posts\/804548\/revisions\/804553"}],"wp:featuredmedia":[{"embeddable":true,"href":"https:\/\/neurovirtual.com\/br\/wp-json\/wp\/v2\/media\/804550"}],"wp:attachment":[{"href":"https:\/\/neurovirtual.com\/br\/wp-json\/wp\/v2\/media?parent=804548"}],"wp:term":[{"taxonomy":"category","embeddable":true,"href":"https:\/\/neurovirtual.com\/br\/wp-json\/wp\/v2\/categories?post=804548"},{"taxonomy":"post_tag","embeddable":true,"href":"https:\/\/neurovirtual.com\/br\/wp-json\/wp\/v2\/tags?post=804548"}],"curies":[{"name":"wp","href":"https:\/\/api.w.org\/{rel}","templated":true}]}}