{"id":803345,"date":"2019-10-19T18:21:19","date_gmt":"2019-10-19T21:21:19","guid":{"rendered":"https:\/\/neurovirtual.com\/br\/?p=803345"},"modified":"2024-03-07T11:50:57","modified_gmt":"2024-03-07T14:50:57","slug":"neurovirtual-e-unica-empresas-de-equipamentos-medicos-em-congresso-de-neurologia-infantil","status":"publish","type":"post","link":"https:\/\/neurovirtual.com\/br\/neurovirtual-e-unica-empresas-de-equipamentos-medicos-em-congresso-de-neurologia-infantil\/","title":{"rendered":"Neurovirtual \u00e9 \u00fanica empresas de equipamentos m\u00e9dicos em Congresso de Neurologia Infantil"},"content":{"rendered":"\r\n\r\n\r\n<p>Contribuindo para o progresso da neurologia infantil por meio de eventos, estudos e aconselhamento desde 1967, a Sociedade Argentina de Neurologia Infantil promoveu a XXXIX edi\u00e7\u00e3o do Congresso Argentino de Neurologia Infantil, de 17 a 19 de outubro, em Santa F\u00e9, Argentina.<\/p>\r\n\r\n\r\n\r\n<p>Cerca de 200 neuropediatras nacionais e internacionais participaram do evento, que contou com palestras, debates, al\u00e9m de reuni\u00e3o cient\u00edfica e apresenta\u00e7\u00f5es orais e em p\u00f4steres de trabalhos de pesquisa e desenvolvimento que abordaram diferentes aspectos relacionadas \u00e0 disciplina.<\/p>\r\n\r\n\r\n\r\n<p>A neuropediatra Dra. Maria Bel\u00e9n Ramos, uma das representantes profissionais do evento, em entrevista ao programa de <a href=\"https:\/\/www.youtube.com\/watch?v=ql75b1d5w_c\" target=\"_blank\" rel=\"noopener\">F5 Update<\/a>, enfatizou a relev\u00e2ncia da especialidade: \u201ca patologia relacionada ao desenvolvimento \u00e9 a mais frequente, sobretudo relacionada \u00e0 fala e aprendizagem e, ultimamente, temos abordado os dist\u00farbios do espectro do autismo, al\u00e9m de patologias como epilepsia, cefaleia \u201d.<\/p>\r\n\r\n\r\n\r\n<div class=\"wp-block-image\">\r\n<figure class=\"aligncenter\"><a href=\"https:\/\/neurovirtual.com\/br\/wp-content\/uploads\/2019\/12\/SANI-2019.png\"><img decoding=\"async\" width=\"440\" height=\"432\" class=\"wp-image-803348\" src=\"https:\/\/neurovirtual.com\/br\/wp-content\/uploads\/2019\/12\/SANI-2019.png\" alt=\"\" srcset=\"https:\/\/neurovirtual.com\/br\/wp-content\/uploads\/2019\/12\/SANI-2019.png 440w, https:\/\/neurovirtual.com\/br\/wp-content\/uploads\/2019\/12\/SANI-2019-300x295.png 300w, https:\/\/neurovirtual.com\/br\/wp-content\/uploads\/2019\/12\/SANI-2019-255x250.png 255w, https:\/\/neurovirtual.com\/br\/wp-content\/uploads\/2019\/12\/SANI-2019-346x340.png 346w\" sizes=\"(max-width: 440px) 100vw, 440px\" \/><\/a><\/figure>\r\n<\/div>\r\n\r\n\r\n\r\n<p>Alguns temas abordados durante a programa\u00e7\u00e3o foram: Diagn\u00f3sticos m\u00e9dicos no campo educacional: Dist\u00farbios do desenvolvimento neurol\u00f3gico, pela Dra. Nora Gra\u00f1ana; Epilepsia no primeiro ano de vida e crises neonatais, e Manejo cl\u00ednico cir\u00fargico de encefalopatias epil\u00e9pticas, ambas pela Dra. Elia Pestana Knight (Cleveland \u2013 EEUU); Considera\u00e7\u00f5es pr\u00e1ticas para terapia g\u00eanica na pr\u00e1tica cl\u00ednica, pelo Dr. Erick Sell (Canad\u00e1); Distonia e controle do status dist\u00f4nico, pelo Dr. Ricardo Maiola.<\/p>\r\n\r\n\r\n\r\n<p>\u00danica empresa de equipamentos m\u00e9dicos a participar do Congresso, a Neurovirtual registrou alto fluxo de interessados nas solu\u00e7\u00f5es apresentadas:\u00a0 os equipamentos <a href=\"https:\/\/neurovirtual.com\/br\/equipamento\/bwiii-eeg-2\/\">BWIII EEG Plus<\/a>, <a href=\"https:\/\/neurovirtual.com\/br\/equipamento\/bwiii-eeg-2\/\">BWIII EEG<\/a> e <a href=\"https:\/\/neurovirtual.com\/br\/equipamento\/bwmini-eeg\/\">BWMini EEG<\/a>. Al\u00e9m de prover informa\u00e7\u00f5es sobre as solu\u00e7\u00f5es da empresa, os colaboradores Dubraska Quevedo, Andres Losada e Marcela Ca\u00f1on capturaram oportunidades de neg\u00f3cios e receberam especialistas importantes no estande da empresa, como o Dr. Santiago Flesler e o Dr. Augusto Medici.<\/p>\r\n","protected":false},"excerpt":{"rendered":"<p>Contribuindo para o progresso da neurologia infantil por meio de eventos, estudos e aconselhamento desde 1967, a Sociedade Argentina de Neurologia Infantil promoveu a XXXIX edi\u00e7\u00e3o do Congresso Argentino de Neurologia Infantil, de 17 a 19 de outubro, em Santa F\u00e9, Argentina. Cerca de 200 neuropediatras nacionais e internacionais participaram do evento, que contou com&#8230;<\/p>\n","protected":false},"author":6,"featured_media":815997,"comment_status":"open","ping_status":"open","sticky":false,"template":"","format":"standard","meta":{"_acf_changed":false,"_joinchat":[],"footnotes":""},"categories":[15,20],"tags":[],"acf":[],"_links":{"self":[{"href":"https:\/\/neurovirtual.com\/br\/wp-json\/wp\/v2\/posts\/803345"}],"collection":[{"href":"https:\/\/neurovirtual.com\/br\/wp-json\/wp\/v2\/posts"}],"about":[{"href":"https:\/\/neurovirtual.com\/br\/wp-json\/wp\/v2\/types\/post"}],"author":[{"embeddable":true,"href":"https:\/\/neurovirtual.com\/br\/wp-json\/wp\/v2\/users\/6"}],"replies":[{"embeddable":true,"href":"https:\/\/neurovirtual.com\/br\/wp-json\/wp\/v2\/comments?post=803345"}],"version-history":[{"count":6,"href":"https:\/\/neurovirtual.com\/br\/wp-json\/wp\/v2\/posts\/803345\/revisions"}],"predecessor-version":[{"id":815998,"href":"https:\/\/neurovirtual.com\/br\/wp-json\/wp\/v2\/posts\/803345\/revisions\/815998"}],"wp:featuredmedia":[{"embeddable":true,"href":"https:\/\/neurovirtual.com\/br\/wp-json\/wp\/v2\/media\/815997"}],"wp:attachment":[{"href":"https:\/\/neurovirtual.com\/br\/wp-json\/wp\/v2\/media?parent=803345"}],"wp:term":[{"taxonomy":"category","embeddable":true,"href":"https:\/\/neurovirtual.com\/br\/wp-json\/wp\/v2\/categories?post=803345"},{"taxonomy":"post_tag","embeddable":true,"href":"https:\/\/neurovirtual.com\/br\/wp-json\/wp\/v2\/tags?post=803345"}],"curies":[{"name":"wp","href":"https:\/\/api.w.org\/{rel}","templated":true}]}}