{"id":803339,"date":"2019-11-09T17:58:01","date_gmt":"2019-11-09T19:58:01","guid":{"rendered":"https:\/\/neurovirtual.com\/br\/?p=803339"},"modified":"2019-12-04T18:01:04","modified_gmt":"2019-12-04T20:01:04","slug":"evento-esclarece-mitos-relacionados-a-transtornos-do-sono","status":"publish","type":"post","link":"https:\/\/neurovirtual.com\/br\/evento-esclarece-mitos-relacionados-a-transtornos-do-sono\/","title":{"rendered":"Evento esclarece mitos relacionados a transtornos do sono"},"content":{"rendered":"\n<div class=\"wp-block-image\"><figure class=\"aligncenter\"><img decoding=\"async\" width=\"668\" height=\"168\" src=\"https:\/\/neurovirtual.com\/br\/wp-content\/uploads\/2019\/12\/congresso-ACMES_2.png\" alt=\"\" class=\"wp-image-803340\" srcset=\"https:\/\/neurovirtual.com\/br\/wp-content\/uploads\/2019\/12\/congresso-ACMES_2.png 668w, https:\/\/neurovirtual.com\/br\/wp-content\/uploads\/2019\/12\/congresso-ACMES_2-300x75.png 300w, https:\/\/neurovirtual.com\/br\/wp-content\/uploads\/2019\/12\/congresso-ACMES_2-460x116.png 460w\" sizes=\"(max-width: 668px) 100vw, 668px\" \/><\/figure><\/div>\n\n\n\n<p>A ci\u00eancia\ndo sono envolve in\u00fameros mitos e cren\u00e7as que s\u00e3o adotados no imagin\u00e1rio\ncoletivo e nem sempre s\u00e3o fi\u00e9is \u00e0 realidade. Evidentemente que o sono \u00e9\nessencial para a boa sa\u00fade e a ocorr\u00eancia de dist\u00farbios dificulta uma vida\nnormal, mas \u00e9 fundamental que especialistas se re\u00fanam com frequ\u00eancia para\natualizar seus conhecimentos e debater sobre tema. <\/p>\n\n\n\n<p>Ciente\ndesta demanda, a Associa\u00e7\u00e3o Colombiana de Medicina do Sono (ACMES) promoveu o\nevento Mitos e Realidades em Transtornos do Sono, nos dias 8 e 9 de novembro,\nna cidade de Medell\u00edn. <\/p>\n\n\n\n<p>Durante\ndois dias de programa\u00e7\u00e3o, especialistas debateram sobre os temas em alta\nrelacionados a medicina do sono, como: Terapia PAP em crian\u00e7as menores de 3\nanos s\u00e3o recomend\u00e1veis?; Oxig\u00eanio em apneia do sono para crian\u00e7as: mito ou\nverdade; Cefaleia e sono: quando se deve pedir uma polissonografia; T\u00f3picos e\nDesafios da TCCI no mundo contempor\u00e2neo; entre outros.<\/p>\n\n\n\n<div class=\"wp-block-image\"><figure class=\"aligncenter is-resized\"><a href=\"https:\/\/neurovirtual.com\/br\/wp-content\/uploads\/2019\/12\/congresso-ACMES-1024x814.png\"><img decoding=\"async\" src=\"https:\/\/neurovirtual.com\/br\/wp-content\/uploads\/2019\/12\/congresso-ACMES-1024x814.png\" alt=\"\" class=\"wp-image-803342\" width=\"512\" height=\"407\" srcset=\"https:\/\/neurovirtual.com\/br\/wp-content\/uploads\/2019\/12\/congresso-ACMES-1024x814.png 1024w, https:\/\/neurovirtual.com\/br\/wp-content\/uploads\/2019\/12\/congresso-ACMES-300x238.png 300w, https:\/\/neurovirtual.com\/br\/wp-content\/uploads\/2019\/12\/congresso-ACMES-768x610.png 768w, https:\/\/neurovirtual.com\/br\/wp-content\/uploads\/2019\/12\/congresso-ACMES-315x250.png 315w, https:\/\/neurovirtual.com\/br\/wp-content\/uploads\/2019\/12\/congresso-ACMES-428x340.png 428w, https:\/\/neurovirtual.com\/br\/wp-content\/uploads\/2019\/12\/congresso-ACMES.png 1208w\" sizes=\"(max-width: 512px) 100vw, 512px\" \/><\/a><\/figure><\/div>\n\n\n\n<p>Patrocinadora\ndo evento, a Neurovirtual apresentou seu portf\u00f3lio de solu\u00e7\u00f5es para o setor,\ncomo o Sistema de Polissonografia <a href=\"https:\/\/neurovirtual.com\/br\/equipamento\/bwiii-psg\/\">BWIII PSG<\/a>,\na linha port\u00e1til <a href=\"https:\/\/neurovirtual.com\/br\/equipamento\/bw-mini-psg-hst\/\">BWMini PSG<\/a>\ne o rec\u00e9m-lan\u00e7ado sistema ambulat\u00f3rio domiciliar <a href=\"https:\/\/neurovirtual.com\/latam\/equipamento\/hst-compass\/\">HST Compass<\/a>.\nO espa\u00e7o da empresa contou com alto fluxo de visitantes, como o Dr. Andres\nFranco, que demonstraram bastante interesse nas solu\u00e7\u00f5es promovidas,\nprincipalmente no equipamento de uso dom\u00e9stico, o qual vem recebendo cada vez\nmais aten\u00e7\u00e3o por parte das cl\u00ednicas especializadas.<\/p>\n\n\n\n<p>Os\ncolaboradores da Neurovirtual Luz Angela Lopez e Angie Medellin representaram a\nempresa durante o evento.<\/p>\n","protected":false},"excerpt":{"rendered":"<p>A ci\u00eancia do sono envolve in\u00fameros mitos e cren\u00e7as que s\u00e3o adotados no imagin\u00e1rio coletivo e nem sempre s\u00e3o fi\u00e9is \u00e0 realidade. Evidentemente que o sono \u00e9 essencial para a boa sa\u00fade e a ocorr\u00eancia de dist\u00farbios dificulta uma vida normal, mas \u00e9 fundamental que especialistas se re\u00fanam com frequ\u00eancia para atualizar seus conhecimentos e&#8230;<\/p>\n","protected":false},"author":6,"featured_media":803341,"comment_status":"open","ping_status":"open","sticky":false,"template":"","format":"standard","meta":{"_acf_changed":false,"_joinchat":[],"footnotes":""},"categories":[1],"tags":[],"acf":[],"_links":{"self":[{"href":"https:\/\/neurovirtual.com\/br\/wp-json\/wp\/v2\/posts\/803339"}],"collection":[{"href":"https:\/\/neurovirtual.com\/br\/wp-json\/wp\/v2\/posts"}],"about":[{"href":"https:\/\/neurovirtual.com\/br\/wp-json\/wp\/v2\/types\/post"}],"author":[{"embeddable":true,"href":"https:\/\/neurovirtual.com\/br\/wp-json\/wp\/v2\/users\/6"}],"replies":[{"embeddable":true,"href":"https:\/\/neurovirtual.com\/br\/wp-json\/wp\/v2\/comments?post=803339"}],"version-history":[{"count":2,"href":"https:\/\/neurovirtual.com\/br\/wp-json\/wp\/v2\/posts\/803339\/revisions"}],"predecessor-version":[{"id":803344,"href":"https:\/\/neurovirtual.com\/br\/wp-json\/wp\/v2\/posts\/803339\/revisions\/803344"}],"wp:featuredmedia":[{"embeddable":true,"href":"https:\/\/neurovirtual.com\/br\/wp-json\/wp\/v2\/media\/803341"}],"wp:attachment":[{"href":"https:\/\/neurovirtual.com\/br\/wp-json\/wp\/v2\/media?parent=803339"}],"wp:term":[{"taxonomy":"category","embeddable":true,"href":"https:\/\/neurovirtual.com\/br\/wp-json\/wp\/v2\/categories?post=803339"},{"taxonomy":"post_tag","embeddable":true,"href":"https:\/\/neurovirtual.com\/br\/wp-json\/wp\/v2\/tags?post=803339"}],"curies":[{"name":"wp","href":"https:\/\/api.w.org\/{rel}","templated":true}]}}