{"id":803332,"date":"2019-11-23T17:36:33","date_gmt":"2019-11-23T19:36:33","guid":{"rendered":"https:\/\/neurovirtual.com\/br\/?p=803332"},"modified":"2020-08-17T18:42:43","modified_gmt":"2020-08-17T21:42:43","slug":"evento-anual-reune-mais-de-mil-profissionais-ligados-a-neurologia-no-mexico","status":"publish","type":"post","link":"https:\/\/neurovirtual.com\/br\/evento-anual-reune-mais-de-mil-profissionais-ligados-a-neurologia-no-mexico\/","title":{"rendered":"Evento anual re\u00fane mais de mil profissionais ligados \u00e0 neurologia no M\u00e9xico"},"content":{"rendered":"\n<div class=\"wp-block-image\"><figure class=\"aligncenter\"><img decoding=\"async\" width=\"668\" height=\"168\" src=\"https:\/\/neurovirtual.com\/br\/wp-content\/uploads\/2019\/12\/CAPA-NOTICIAS_MAIOR_ACADEMIA-MEXICANA-NEUROLOGA.png\" alt=\"\" class=\"wp-image-803333\" srcset=\"https:\/\/neurovirtual.com\/br\/wp-content\/uploads\/2019\/12\/CAPA-NOTICIAS_MAIOR_ACADEMIA-MEXICANA-NEUROLOGA.png 668w, https:\/\/neurovirtual.com\/br\/wp-content\/uploads\/2019\/12\/CAPA-NOTICIAS_MAIOR_ACADEMIA-MEXICANA-NEUROLOGA-300x75.png 300w, https:\/\/neurovirtual.com\/br\/wp-content\/uploads\/2019\/12\/CAPA-NOTICIAS_MAIOR_ACADEMIA-MEXICANA-NEUROLOGA-460x116.png 460w\" sizes=\"(max-width: 668px) 100vw, 668px\" \/><\/figure><\/div>\n\n\n\n<p>Alta qualidade dos debates e o not\u00e1vel interesse por parte dos participantes foram proporcionais \u00e0 magnitude da XLIII Reuni\u00e3o anual da Academia Mexicana de Neurologia, realizada em Puerto Vallarta, de 18 a 23 de novembro (2019), no M\u00e9xico.<\/p>\n\n\n\n<p>Em cinco dias de programa\u00e7\u00e3o cient\u00edfica, palestras, debates e apresenta\u00e7\u00f5es de pesquisas e estudos de caso, cerca de mil convidados, entre estudantes, profissionais de diferentes especialidades e professores nacionais e internacionais, do mais alto n\u00edvel acad\u00eamico, debateram os principais temas referentes \u00e0s neuroci\u00eancias e atualiza\u00e7\u00e3o neurol\u00f3gica na educa\u00e7\u00e3o m\u00e9dica continuada.<\/p>\n\n\n\n<p>M\u00e9dicos, enfermeiros, nutricionistas, psic\u00f3logos e t\u00e9cnicos foram colocados diante de diferentes enfoques e abordagens na neurologia, com um objetivo comum: enriquecer a pr\u00e1tica profissional. Destaque para a inclus\u00e3o de apresenta\u00e7\u00f5es de professores mais jovens, que al\u00e9m de novos conhecimentos, apresentaram novas maneiras de pensar e novos enfoques na abordagem de problemas cl\u00ednicos, que todos os m\u00e9dicos enfrentam em seus cotidianos.  <\/p>\n\n\n\n<div class=\"wp-block-image\"><figure class=\"aligncenter is-resized\"><a href=\"https:\/\/neurovirtual.com\/br\/wp-content\/uploads\/2019\/12\/XLIII-REUNION-ANUAL-ACADEMIA-MEXICANA-DE-NEUROLOGA_1.jpg\"><img decoding=\"async\" src=\"https:\/\/neurovirtual.com\/br\/wp-content\/uploads\/2019\/12\/XLIII-REUNION-ANUAL-ACADEMIA-MEXICANA-DE-NEUROLOGA_1.jpg\" alt=\"\" class=\"wp-image-803335\" width=\"456\" height=\"416\" srcset=\"https:\/\/neurovirtual.com\/br\/wp-content\/uploads\/2019\/12\/XLIII-REUNION-ANUAL-ACADEMIA-MEXICANA-DE-NEUROLOGA_1.jpg 912w, https:\/\/neurovirtual.com\/br\/wp-content\/uploads\/2019\/12\/XLIII-REUNION-ANUAL-ACADEMIA-MEXICANA-DE-NEUROLOGA_1-300x273.jpg 300w, https:\/\/neurovirtual.com\/br\/wp-content\/uploads\/2019\/12\/XLIII-REUNION-ANUAL-ACADEMIA-MEXICANA-DE-NEUROLOGA_1-768x700.jpg 768w, https:\/\/neurovirtual.com\/br\/wp-content\/uploads\/2019\/12\/XLIII-REUNION-ANUAL-ACADEMIA-MEXICANA-DE-NEUROLOGA_1-274x250.jpg 274w, https:\/\/neurovirtual.com\/br\/wp-content\/uploads\/2019\/12\/XLIII-REUNION-ANUAL-ACADEMIA-MEXICANA-DE-NEUROLOGA_1-373x340.jpg 373w\" sizes=\"(max-width: 456px) 100vw, 456px\" \/><\/a><\/figure><\/div>\n\n\n\n<p>A Neurovirtual reconhece a import\u00e2ncia da classe acad\u00eamica e se fez presente no evento com uma exposi\u00e7\u00e3o de suas solu\u00e7\u00f5es em equipamentos e acess\u00f3rios, entre os quais o <a href=\"https:\/\/neurovirtual.com\/br\/equipamento\/bwiii-eeg-2\/\">BWIII EEG<\/a>, o <a href=\"https:\/\/neurovirtual.com\/br\/equipamento\/bw-iii-plus\/\">BWIII EEG PLUS<\/a>; e o <a href=\"https:\/\/neurovirtual.com\/br\/equipamento\/bwmini-eeg\/\">BWMini EEG<\/a>. O colaborador Joseph Pardo representou a empresa durante a reuni\u00e3o anual, esclareceu d\u00favidas e relatou importantes feedbacks dos visitantes em rela\u00e7\u00e3o \u00e0s solu\u00e7\u00f5es Neurovirtual, como o fato de serem equipamentos de  excel\u00eancia com suporte 24 horas.<\/p>\n\n\n\n<div class=\"wp-block-image\"><figure class=\"aligncenter is-resized\"><a href=\"https:\/\/neurovirtual.com\/br\/wp-content\/uploads\/2019\/12\/XLIII-REUNION-ANUAL-ACADEMIA-MEXICANA-DE-NEUROLOGA_2.png\"><img decoding=\"async\" src=\"https:\/\/neurovirtual.com\/br\/wp-content\/uploads\/2019\/12\/XLIII-REUNION-ANUAL-ACADEMIA-MEXICANA-DE-NEUROLOGA_2-1024x731.png\" alt=\"\" class=\"wp-image-803336\" width=\"512\" height=\"366\" srcset=\"https:\/\/neurovirtual.com\/br\/wp-content\/uploads\/2019\/12\/XLIII-REUNION-ANUAL-ACADEMIA-MEXICANA-DE-NEUROLOGA_2-1024x731.png 1024w, https:\/\/neurovirtual.com\/br\/wp-content\/uploads\/2019\/12\/XLIII-REUNION-ANUAL-ACADEMIA-MEXICANA-DE-NEUROLOGA_2-300x214.png 300w, https:\/\/neurovirtual.com\/br\/wp-content\/uploads\/2019\/12\/XLIII-REUNION-ANUAL-ACADEMIA-MEXICANA-DE-NEUROLOGA_2-768x550.png 768w, https:\/\/neurovirtual.com\/br\/wp-content\/uploads\/2019\/12\/XLIII-REUNION-ANUAL-ACADEMIA-MEXICANA-DE-NEUROLOGA_2-350x250.png 350w, https:\/\/neurovirtual.com\/br\/wp-content\/uploads\/2019\/12\/XLIII-REUNION-ANUAL-ACADEMIA-MEXICANA-DE-NEUROLOGA_2-460x328.png 460w, https:\/\/neurovirtual.com\/br\/wp-content\/uploads\/2019\/12\/XLIII-REUNION-ANUAL-ACADEMIA-MEXICANA-DE-NEUROLOGA_2.png 1176w\" sizes=\"(max-width: 512px) 100vw, 512px\" \/><\/a><\/figure><\/div>\n\n\n\n<p>A Academia Mexicana de Neurologia emprega esfor\u00e7o cont\u00ednuo para contribuir com o crescimento e a difus\u00e3o das neuroci\u00eancias, visando \u00e0 melhor aten\u00e7\u00e3o aos pacientes. Da mesma forma, a Neurovirtual atua com foco na humaniza\u00e7\u00e3o do diagn\u00f3stico, trazendo ao mercado as mais modernas tecnologia e insumos para o setor.<\/p>\n","protected":false},"excerpt":{"rendered":"<p>Alta qualidade dos debates e o not\u00e1vel interesse por parte dos participantes foram proporcionais \u00e0 magnitude da XLIII Reuni\u00e3o anual da Academia Mexicana de Neurologia, realizada em Puerto Vallarta, de 18 a 23 de novembro (2019), no M\u00e9xico. Em cinco dias de programa\u00e7\u00e3o cient\u00edfica, palestras, debates e apresenta\u00e7\u00f5es de pesquisas e estudos de caso, cerca&#8230;<\/p>\n","protected":false},"author":6,"featured_media":803334,"comment_status":"open","ping_status":"open","sticky":false,"template":"","format":"standard","meta":{"_acf_changed":false,"_joinchat":[],"footnotes":""},"categories":[1],"tags":[],"acf":[],"_links":{"self":[{"href":"https:\/\/neurovirtual.com\/br\/wp-json\/wp\/v2\/posts\/803332"}],"collection":[{"href":"https:\/\/neurovirtual.com\/br\/wp-json\/wp\/v2\/posts"}],"about":[{"href":"https:\/\/neurovirtual.com\/br\/wp-json\/wp\/v2\/types\/post"}],"author":[{"embeddable":true,"href":"https:\/\/neurovirtual.com\/br\/wp-json\/wp\/v2\/users\/6"}],"replies":[{"embeddable":true,"href":"https:\/\/neurovirtual.com\/br\/wp-json\/wp\/v2\/comments?post=803332"}],"version-history":[{"count":4,"href":"https:\/\/neurovirtual.com\/br\/wp-json\/wp\/v2\/posts\/803332\/revisions"}],"predecessor-version":[{"id":808157,"href":"https:\/\/neurovirtual.com\/br\/wp-json\/wp\/v2\/posts\/803332\/revisions\/808157"}],"wp:featuredmedia":[{"embeddable":true,"href":"https:\/\/neurovirtual.com\/br\/wp-json\/wp\/v2\/media\/803334"}],"wp:attachment":[{"href":"https:\/\/neurovirtual.com\/br\/wp-json\/wp\/v2\/media?parent=803332"}],"wp:term":[{"taxonomy":"category","embeddable":true,"href":"https:\/\/neurovirtual.com\/br\/wp-json\/wp\/v2\/categories?post=803332"},{"taxonomy":"post_tag","embeddable":true,"href":"https:\/\/neurovirtual.com\/br\/wp-json\/wp\/v2\/tags?post=803332"}],"curies":[{"name":"wp","href":"https:\/\/api.w.org\/{rel}","templated":true}]}}