{"id":801948,"date":"2019-08-31T15:42:01","date_gmt":"2019-08-31T18:42:01","guid":{"rendered":"https:\/\/neurovirtual.com\/br\/?p=801948"},"modified":"2019-09-24T13:35:48","modified_gmt":"2019-09-24T16:35:48","slug":"autoridades-mundiais-em-neurofisiologia-se-reunem-em-congresso-em-sao-paulo","status":"publish","type":"post","link":"https:\/\/neurovirtual.com\/br\/autoridades-mundiais-em-neurofisiologia-se-reunem-em-congresso-em-sao-paulo\/","title":{"rendered":"Autoridades mundiais em Neurofisiologia se re\u00fanem em Congresso em S\u00e3o Paulo"},"content":{"rendered":"\n<figure class=\"wp-block-image\"><img decoding=\"async\" width=\"668\" height=\"168\" src=\"https:\/\/neurovirtual.com\/br\/wp-content\/uploads\/2019\/09\/CAPA-NOTICIAS_MAIOR_sbnc-1.jpg\" alt=\"\" class=\"wp-image-801951\" srcset=\"https:\/\/neurovirtual.com\/br\/wp-content\/uploads\/2019\/09\/CAPA-NOTICIAS_MAIOR_sbnc-1.jpg 668w, https:\/\/neurovirtual.com\/br\/wp-content\/uploads\/2019\/09\/CAPA-NOTICIAS_MAIOR_sbnc-1-300x75.jpg 300w, https:\/\/neurovirtual.com\/br\/wp-content\/uploads\/2019\/09\/CAPA-NOTICIAS_MAIOR_sbnc-1-460x116.jpg 460w\" sizes=\"(max-width: 668px) 100vw, 668px\" \/><\/figure>\n\n\n\n<p>Importante evento do calend\u00e1rio m\u00e9dico brasileiro, o XXVII Congresso Brasileiro de Neurofisiologia Cl\u00ednica e o VIII Congresso Latino-Americano de Neurofisiologia Cl\u00ednica foi realizado de 14 a 17 de agosto em S\u00e3o Paulo, reunindo centenas de especialistas e pesquisadores de todo o mundo.<\/p>\n\n\n\n<p>O evento teve como objetivo compartilhar conhecimento, apresentar e discutir as \u00faltimas novidades nas \u00e1reas de eletroencefalografia, eletroneuromiografia, potenciais evocados, polissonografia, monitora\u00e7\u00e3o intraoperat\u00f3ria, neuromodula\u00e7\u00e3o e ultrassom neuromuscular. Tudo isso, por meio de apresenta\u00e7\u00f5es de alto n\u00edvel t\u00e9cnico em forma de palestras, mesas redondas e oficinas pr\u00e1ticas.<\/p>\n\n\n\n<p>Durante 4 dias, uma programa\u00e7\u00e3o intensa e simult\u00e2nea em 4 salas, abordou os principais temas relacionados \u00e0 Neurofisiologia: Monitoriza\u00e7\u00e3o com EEG cont\u00ednuo em pacientes cr\u00edticos: fundamentos e pr\u00e1tica; Polissonografia: atualiza\u00e7\u00e3o e novos crit\u00e9rios; Desafios em eletroencefalografia; Estudos cl\u00ednicos em Estado epil\u00e9ptico n\u00e3o convulsivo: o papel do eeg; Cirurgia de epilepsia; Epilepsia na inf\u00e2ncia; Polissonografia: transtorno comportamental do sono REM; Polissonografia: sono no per\u00edodo neonatal, entre outros.<\/p>\n\n\n\n<p>Entre os palestrantes, destaque para dois clientes da Neurovirtual. A <a href=\"https:\/\/neurovirtual.com\/br\/neuro-informa\/entrevista-com-dra-elza-yacubian\/\">Dra. Elza M\u00e1rcia Targas Yacubian<\/a>, livre-docente em Neurologia, professora Adjunta do Departamento de Neurologia e Neurocirurgia da Universidade Federal de S\u00e3o Paulo, falou sobre \u201cO EEG no diagn\u00f3stico e tratamento das epilepsias\u201d. E o Dr. <a href=\"https:\/\/www.youtube.com\/watch?v=luraPKkzmlM\" target=\"_blank\" rel=\"noopener\">Geraldo Nunes Vieira Rizzo<\/a>, Neurologista e Neurofisiologista, Diretor do Instituto de Neurofisiologia Clinica e Laborat\u00f3rio de Sono do Hospital Moinhos de Vento e Especialista em Neurologia, Neurofisiologia Clinica e Medicina do Sono pela AMB, que presidiu uma mesa redonda sobre Polissonografia e Neuromodula\u00e7\u00e3o e apresentou uma palestra intitulada \u201cEstimula\u00e7\u00e3o Magn\u00e9tica Transcraniana: uso potencial em transtornos de sono\u201d.<\/p>\n\n\n\n<div class=\"wp-block-image\"><figure class=\"aligncenter is-resized\"><a href=\"https:\/\/neurovirtual.com\/br\/wp-content\/uploads\/2019\/09\/Fotos-sbnc_1.png\"><img decoding=\"async\" src=\"https:\/\/neurovirtual.com\/br\/wp-content\/uploads\/2019\/09\/Fotos-sbnc_1.png\" alt=\"\" class=\"wp-image-801953\" width=\"226\" height=\"236\" srcset=\"https:\/\/neurovirtual.com\/br\/wp-content\/uploads\/2019\/09\/Fotos-sbnc_1.png 904w, https:\/\/neurovirtual.com\/br\/wp-content\/uploads\/2019\/09\/Fotos-sbnc_1-287x300.png 287w, https:\/\/neurovirtual.com\/br\/wp-content\/uploads\/2019\/09\/Fotos-sbnc_1-768x802.png 768w, https:\/\/neurovirtual.com\/br\/wp-content\/uploads\/2019\/09\/Fotos-sbnc_1-239x250.png 239w, https:\/\/neurovirtual.com\/br\/wp-content\/uploads\/2019\/09\/Fotos-sbnc_1-326x340.png 326w\" sizes=\"(max-width: 226px) 100vw, 226px\" \/><\/a><\/figure><\/div>\n\n\n\n<p>A Neurovirtual esteve presente no Congresso, representada pelo Consultor de Neg\u00f3cios Alex Ribeiro, onde teve a oportunidade de apresentar ao p\u00fablico os equipamentos <a href=\"https:\/\/neurovirtual.com\/br\/equipamento\/bwiii-eeg-2\/\">BWIII EEG<\/a> e <a href=\"https:\/\/neurovirtual.com\/br\/equipamento\/bw-iii-plus\/\">BWIII EEG PLUS ICU<\/a>, refor\u00e7ando sua lideran\u00e7a na \u00e1rea de solu\u00e7\u00f5es para o setor. Outra iniciativa realizada foi uma a\u00e7\u00e3o promocional, que consistiu no sorteio de um cupom de 5 mil reais na compra de qualquer equipamento Neurovirtual.<\/p>\n","protected":false},"excerpt":{"rendered":"<p>Importante evento do calend\u00e1rio m\u00e9dico brasileiro, o XXVII Congresso Brasileiro de Neurofisiologia Cl\u00ednica e o VIII Congresso Latino-Americano de Neurofisiologia Cl\u00ednica foi realizado de 14 a 17 de agosto em S\u00e3o Paulo, reunindo centenas de especialistas e pesquisadores de todo o mundo. O evento teve como objetivo compartilhar conhecimento, apresentar e discutir as \u00faltimas novidades&#8230;<\/p>\n","protected":false},"author":6,"featured_media":801950,"comment_status":"open","ping_status":"open","sticky":false,"template":"","format":"standard","meta":{"_acf_changed":false,"_joinchat":[],"footnotes":""},"categories":[15,20,16],"tags":[],"acf":[],"_links":{"self":[{"href":"https:\/\/neurovirtual.com\/br\/wp-json\/wp\/v2\/posts\/801948"}],"collection":[{"href":"https:\/\/neurovirtual.com\/br\/wp-json\/wp\/v2\/posts"}],"about":[{"href":"https:\/\/neurovirtual.com\/br\/wp-json\/wp\/v2\/types\/post"}],"author":[{"embeddable":true,"href":"https:\/\/neurovirtual.com\/br\/wp-json\/wp\/v2\/users\/6"}],"replies":[{"embeddable":true,"href":"https:\/\/neurovirtual.com\/br\/wp-json\/wp\/v2\/comments?post=801948"}],"version-history":[{"count":5,"href":"https:\/\/neurovirtual.com\/br\/wp-json\/wp\/v2\/posts\/801948\/revisions"}],"predecessor-version":[{"id":801969,"href":"https:\/\/neurovirtual.com\/br\/wp-json\/wp\/v2\/posts\/801948\/revisions\/801969"}],"wp:featuredmedia":[{"embeddable":true,"href":"https:\/\/neurovirtual.com\/br\/wp-json\/wp\/v2\/media\/801950"}],"wp:attachment":[{"href":"https:\/\/neurovirtual.com\/br\/wp-json\/wp\/v2\/media?parent=801948"}],"wp:term":[{"taxonomy":"category","embeddable":true,"href":"https:\/\/neurovirtual.com\/br\/wp-json\/wp\/v2\/categories?post=801948"},{"taxonomy":"post_tag","embeddable":true,"href":"https:\/\/neurovirtual.com\/br\/wp-json\/wp\/v2\/tags?post=801948"}],"curies":[{"name":"wp","href":"https:\/\/api.w.org\/{rel}","templated":true}]}}