{"id":801198,"date":"2019-08-30T18:19:55","date_gmt":"2019-08-30T21:19:55","guid":{"rendered":"https:\/\/neurovirtual.com\/br\/?p=801198"},"modified":"2019-08-30T18:25:43","modified_gmt":"2019-08-30T21:25:43","slug":"solucoes-da-neurovirtual-sao-destaque-no-evento-diploma-do-sono-no-peru","status":"publish","type":"post","link":"https:\/\/neurovirtual.com\/br\/solucoes-da-neurovirtual-sao-destaque-no-evento-diploma-do-sono-no-peru\/","title":{"rendered":"Solu\u00e7\u00f5es da Neurovirtual s\u00e3o destaque no evento \u201cDiploma do Sono\u201d, no Peru"},"content":{"rendered":"\n<figure class=\"wp-block-image\"><img decoding=\"async\" width=\"762\" height=\"168\" src=\"https:\/\/neurovirtual.com\/br\/wp-content\/uploads\/2019\/08\/capa-peru-2.jpg\" alt=\"\" class=\"wp-image-801205\" srcset=\"https:\/\/neurovirtual.com\/br\/wp-content\/uploads\/2019\/08\/capa-peru-2.jpg 762w, https:\/\/neurovirtual.com\/br\/wp-content\/uploads\/2019\/08\/capa-peru-2-300x66.jpg 300w, https:\/\/neurovirtual.com\/br\/wp-content\/uploads\/2019\/08\/capa-peru-2-460x101.jpg 460w\" sizes=\"(max-width: 762px) 100vw, 762px\" \/><\/figure>\n\n\n\n<p>Inovar,\neducar e aprender. Estes foram os principais objetivos do evento \u201cDiploma do\nSono\u201d, realizado em Lima, no Peru, que contou com a participa\u00e7\u00e3o de mais de 50 profissionais\ndedicados \u00e0 \u00e1rea de medicina do sono, oriundos de diferentes pa\u00edses do\ncontinente. <\/p>\n\n\n\n<div class=\"wp-block-image\"><figure class=\"aligncenter is-resized\"><a href=\"https:\/\/neurovirtual.com\/br\/wp-content\/uploads\/2019\/08\/foto.jpg\"><img decoding=\"async\" src=\"https:\/\/neurovirtual.com\/br\/wp-content\/uploads\/2019\/08\/foto-1024x498.jpg\" alt=\"\" class=\"wp-image-801200\" width=\"512\" height=\"249\" srcset=\"https:\/\/neurovirtual.com\/br\/wp-content\/uploads\/2019\/08\/foto-1024x498.jpg 1024w, https:\/\/neurovirtual.com\/br\/wp-content\/uploads\/2019\/08\/foto-300x146.jpg 300w, https:\/\/neurovirtual.com\/br\/wp-content\/uploads\/2019\/08\/foto-768x373.jpg 768w, https:\/\/neurovirtual.com\/br\/wp-content\/uploads\/2019\/08\/foto-514x250.jpg 514w, https:\/\/neurovirtual.com\/br\/wp-content\/uploads\/2019\/08\/foto-460x224.jpg 460w, https:\/\/neurovirtual.com\/br\/wp-content\/uploads\/2019\/08\/foto.jpg 1350w\" sizes=\"(max-width: 512px) 100vw, 512px\" \/><\/a><\/figure><\/div>\n\n\n\n<p>Durante o evento,\no conhecimento foi refor\u00e7ado para cada especialista e residente por meio de atividades\nte\u00f3ricas e pr\u00e1ticas, workshops e confer\u00eancias. E 4 dos 11 dias da programa\u00e7\u00e3o\nforam dedicados \u00e0 mostra comercial, que contou com o apoio e importante participa\u00e7\u00e3o\nda Neurovirtual, com demonstra\u00e7\u00f5es pr\u00e1ticas das funcionalidades e da opera\u00e7\u00e3o do\nequipamento <a href=\"https:\/\/neurovirtual.com\/br\/equipamento\/bw-mini-psg-hst\/\">BWMini PSG\/HST<\/a>\n(adequado para laborat\u00f3rio e casa). Os participantes demonstraram grande interesse\npor essas sess\u00f5es pr\u00e1ticas, resultando em um aprendizado de grande valor. <\/p>\n\n\n\n<div class=\"wp-block-image\"><figure class=\"aligncenter is-resized\"><a href=\"https:\/\/neurovirtual.com\/br\/wp-content\/uploads\/2019\/08\/foto2.jpg\"><img decoding=\"async\" src=\"https:\/\/neurovirtual.com\/br\/wp-content\/uploads\/2019\/08\/foto2-1024x498.jpg\" alt=\"\" class=\"wp-image-801201\" width=\"512\" height=\"249\" srcset=\"https:\/\/neurovirtual.com\/br\/wp-content\/uploads\/2019\/08\/foto2-1024x498.jpg 1024w, https:\/\/neurovirtual.com\/br\/wp-content\/uploads\/2019\/08\/foto2-300x146.jpg 300w, https:\/\/neurovirtual.com\/br\/wp-content\/uploads\/2019\/08\/foto2-768x373.jpg 768w, https:\/\/neurovirtual.com\/br\/wp-content\/uploads\/2019\/08\/foto2-514x250.jpg 514w, https:\/\/neurovirtual.com\/br\/wp-content\/uploads\/2019\/08\/foto2-460x224.jpg 460w, https:\/\/neurovirtual.com\/br\/wp-content\/uploads\/2019\/08\/foto2.jpg 1350w\" sizes=\"(max-width: 512px) 100vw, 512px\" \/><\/a><\/figure><\/div>\n\n\n\n<p>A\nNeurovirtual, representada pela gerente de Vendas Latinoamericana Andrea Parra,\ntamb\u00e9m apresentou os demais equipamentos que comp\u00f5em sua linha dedicada \u00e0 Polissonografia:\no <a href=\"https:\/\/neurovirtual.com\/br\/equipamento\/bwiii-psg\/\">BWIII PSG<\/a>\ne o <a href=\"https:\/\/neurovirtual.com\/br\/equipamento\/bw-iii-psg-plus\/\">BWIII PSG PLUS<\/a>,\nal\u00e9m de insumos, acess\u00f3rios e suprimentos, refor\u00e7ando sua lideran\u00e7a em\nqualidade, inova\u00e7\u00e3o e tecnologia de \u00faltima gera\u00e7\u00e3o para melhor servir aos\npacientes. <\/p>\n\n\n\n<p>O estande da\nempresa ficou bastante movimentado durante a mostra, tendo recebido a visita de\nm\u00e9dicos renomados, como o Dr. Felix Parales e o Dr. Edison Valencia, ambos da\nCol\u00f4mbia, e o Dr. Carlos Zu\u00f1iga, do Chile. Diversos especialistas demonstraram\ninteresse em conhecer mais sobre a empresa e receber or\u00e7amentos ap\u00f3s o evento,\nculminando, inclusive, com um neg\u00f3cio fechado junto a uma profissional da\nCol\u00f4mbia.<\/p>\n","protected":false},"excerpt":{"rendered":"<p>Inovar, educar e aprender. Estes foram os principais objetivos do evento \u201cDiploma do Sono\u201d, realizado em Lima, no Peru, que contou com a participa\u00e7\u00e3o de mais de 50 profissionais dedicados \u00e0 \u00e1rea de medicina do sono, oriundos de diferentes pa\u00edses do continente. Durante o evento, o conhecimento foi refor\u00e7ado para cada especialista e residente por&#8230;<\/p>\n","protected":false},"author":6,"featured_media":801199,"comment_status":"open","ping_status":"open","sticky":false,"template":"","format":"standard","meta":{"_acf_changed":false,"_joinchat":[],"footnotes":""},"categories":[20,16],"tags":[],"acf":[],"_links":{"self":[{"href":"https:\/\/neurovirtual.com\/br\/wp-json\/wp\/v2\/posts\/801198"}],"collection":[{"href":"https:\/\/neurovirtual.com\/br\/wp-json\/wp\/v2\/posts"}],"about":[{"href":"https:\/\/neurovirtual.com\/br\/wp-json\/wp\/v2\/types\/post"}],"author":[{"embeddable":true,"href":"https:\/\/neurovirtual.com\/br\/wp-json\/wp\/v2\/users\/6"}],"replies":[{"embeddable":true,"href":"https:\/\/neurovirtual.com\/br\/wp-json\/wp\/v2\/comments?post=801198"}],"version-history":[{"count":3,"href":"https:\/\/neurovirtual.com\/br\/wp-json\/wp\/v2\/posts\/801198\/revisions"}],"predecessor-version":[{"id":801206,"href":"https:\/\/neurovirtual.com\/br\/wp-json\/wp\/v2\/posts\/801198\/revisions\/801206"}],"wp:featuredmedia":[{"embeddable":true,"href":"https:\/\/neurovirtual.com\/br\/wp-json\/wp\/v2\/media\/801199"}],"wp:attachment":[{"href":"https:\/\/neurovirtual.com\/br\/wp-json\/wp\/v2\/media?parent=801198"}],"wp:term":[{"taxonomy":"category","embeddable":true,"href":"https:\/\/neurovirtual.com\/br\/wp-json\/wp\/v2\/categories?post=801198"},{"taxonomy":"post_tag","embeddable":true,"href":"https:\/\/neurovirtual.com\/br\/wp-json\/wp\/v2\/tags?post=801198"}],"curies":[{"name":"wp","href":"https:\/\/api.w.org\/{rel}","templated":true}]}}