{"id":797702,"date":"2019-03-26T16:59:16","date_gmt":"2019-03-26T19:59:16","guid":{"rendered":"https:\/\/neurovirtual.com\/br\/?p=797702"},"modified":"2021-02-02T15:04:31","modified_gmt":"2021-02-02T17:04:31","slug":"xiii-congreso-colombiano-de-neurologia-infantil","status":"publish","type":"post","link":"https:\/\/neurovirtual.com\/br\/xiii-congreso-colombiano-de-neurologia-infantil\/","title":{"rendered":"XIII Congreso Colombiano de Neurolog\u00eda Infantil"},"content":{"rendered":"\n<figure class=\"wp-block-image size-large is-style-default\"><img decoding=\"async\" width=\"1000\" height=\"250\" src=\"https:\/\/neurovirtual.com\/br\/wp-content\/uploads\/2021\/02\/capa-2.jpg\" alt=\"\" class=\"wp-image-811684\" srcset=\"https:\/\/neurovirtual.com\/br\/wp-content\/uploads\/2021\/02\/capa-2.jpg 1000w, https:\/\/neurovirtual.com\/br\/wp-content\/uploads\/2021\/02\/capa-2-300x75.jpg 300w, https:\/\/neurovirtual.com\/br\/wp-content\/uploads\/2021\/02\/capa-2-768x192.jpg 768w, https:\/\/neurovirtual.com\/br\/wp-content\/uploads\/2021\/02\/capa-2-460x115.jpg 460w\" sizes=\"(max-width: 1000px) 100vw, 1000px\" \/><\/figure>\n\n\n\n<p>O XIII Congresso Colombiano de Neurologia Infantil realizado pela Asconi (Associa\u00e7\u00e3o Colombiana de Neurologia Infantil), na cidade de Manizales, Col\u00f4mbia, do dia 22 a 24 de mar\u00e7o, reuniu cerca de 160 participantes, incluindo especialistas e residentes na \u00e1rea de neurologia e neuropediatria.<\/p>\n\n\n\n<p>Com a presen\u00e7a de 21 palestrantes nacionais, que abordaram quest\u00f5es relacionadas a diferentes casos cl\u00ednicos; entre eles &#8220;doen\u00e7as neuromusculares em crian\u00e7as&#8221;. Al\u00e9m disso o Dr. Lina Tavera desenvolveu uma apresenta\u00e7\u00e3o sobre &#8220;a rela\u00e7\u00e3o entre sono e neurologia&#8221;, ponderando ins\u00f4nia cr\u00f4nica e polissonografia ambulat\u00f3rio.<\/p>\n\n\n\n<div class=\"wp-block-image is-style-default\"><figure class=\"aligncenter size-full is-resized\"><a href=\"https:\/\/neurovirtual.com\/br\/wp-content\/uploads\/2021\/02\/1.png\"><img decoding=\"async\" src=\"https:\/\/neurovirtual.com\/br\/wp-content\/uploads\/2021\/02\/1.png\" alt=\"\" class=\"wp-image-811685\" width=\"418\" height=\"379\" srcset=\"https:\/\/neurovirtual.com\/br\/wp-content\/uploads\/2021\/02\/1.png 836w, https:\/\/neurovirtual.com\/br\/wp-content\/uploads\/2021\/02\/1-300x272.png 300w, https:\/\/neurovirtual.com\/br\/wp-content\/uploads\/2021\/02\/1-768x695.png 768w, https:\/\/neurovirtual.com\/br\/wp-content\/uploads\/2021\/02\/1-276x250.png 276w, https:\/\/neurovirtual.com\/br\/wp-content\/uploads\/2021\/02\/1-375x340.png 375w\" sizes=\"(max-width: 418px) 100vw, 418px\" \/><\/a><\/figure><\/div>\n\n\n\n<p>A Neurovirtual participou ativamente no desenvolvimento do congresso e apresentou sua &nbsp;linha de equipamentos m\u00e9dicos para exames de EEG. Os participantes tamb\u00e9m tiveram a oportunidade de interagir com nossa equipe de vendas conhecer mais sobre a hist\u00f3ria da Neurovirtual e o seu diferencial<\/p>\n","protected":false},"excerpt":{"rendered":"<p>O XIII Congresso Colombiano de Neurologia Infantil realizado pela Asconi (Associa\u00e7\u00e3o Colombiana de Neurologia Infantil), na cidade de Manizales, Col\u00f4mbia, do dia 22 a 24 de mar\u00e7o, reuniu cerca de 160 participantes, incluindo especialistas e residentes na \u00e1rea de neurologia e neuropediatria. Com a presen\u00e7a de 21 palestrantes nacionais, que abordaram quest\u00f5es relacionadas a diferentes&#8230;<\/p>\n","protected":false},"author":6,"featured_media":797705,"comment_status":"open","ping_status":"open","sticky":false,"template":"","format":"standard","meta":{"_acf_changed":false,"_joinchat":[],"footnotes":""},"categories":[15,20],"tags":[],"acf":[],"_links":{"self":[{"href":"https:\/\/neurovirtual.com\/br\/wp-json\/wp\/v2\/posts\/797702"}],"collection":[{"href":"https:\/\/neurovirtual.com\/br\/wp-json\/wp\/v2\/posts"}],"about":[{"href":"https:\/\/neurovirtual.com\/br\/wp-json\/wp\/v2\/types\/post"}],"author":[{"embeddable":true,"href":"https:\/\/neurovirtual.com\/br\/wp-json\/wp\/v2\/users\/6"}],"replies":[{"embeddable":true,"href":"https:\/\/neurovirtual.com\/br\/wp-json\/wp\/v2\/comments?post=797702"}],"version-history":[{"count":4,"href":"https:\/\/neurovirtual.com\/br\/wp-json\/wp\/v2\/posts\/797702\/revisions"}],"predecessor-version":[{"id":811687,"href":"https:\/\/neurovirtual.com\/br\/wp-json\/wp\/v2\/posts\/797702\/revisions\/811687"}],"wp:featuredmedia":[{"embeddable":true,"href":"https:\/\/neurovirtual.com\/br\/wp-json\/wp\/v2\/media\/797705"}],"wp:attachment":[{"href":"https:\/\/neurovirtual.com\/br\/wp-json\/wp\/v2\/media?parent=797702"}],"wp:term":[{"taxonomy":"category","embeddable":true,"href":"https:\/\/neurovirtual.com\/br\/wp-json\/wp\/v2\/categories?post=797702"},{"taxonomy":"post_tag","embeddable":true,"href":"https:\/\/neurovirtual.com\/br\/wp-json\/wp\/v2\/tags?post=797702"}],"curies":[{"name":"wp","href":"https:\/\/api.w.org\/{rel}","templated":true}]}}