{"id":797696,"date":"2019-02-25T16:53:16","date_gmt":"2019-02-25T19:53:16","guid":{"rendered":"https:\/\/neurovirtual.com\/br\/?p=797696"},"modified":"2021-02-02T15:07:35","modified_gmt":"2021-02-02T17:07:35","slug":"curso-avancos-na-medicina-do-sono-bogota","status":"publish","type":"post","link":"https:\/\/neurovirtual.com\/br\/curso-avancos-na-medicina-do-sono-bogota\/","title":{"rendered":"Curso Avan\u00e7os na Medicina do Sono &#8211; Bogot\u00e1"},"content":{"rendered":"\n<figure class=\"wp-block-image size-large is-style-default\"><img decoding=\"async\" width=\"1024\" height=\"256\" src=\"https:\/\/neurovirtual.com\/br\/wp-content\/uploads\/2021\/02\/foto-curso-bogota-2-1024x256.jpg\" alt=\"\" class=\"wp-image-811688\" srcset=\"https:\/\/neurovirtual.com\/br\/wp-content\/uploads\/2021\/02\/foto-curso-bogota-2-1024x256.jpg 1024w, https:\/\/neurovirtual.com\/br\/wp-content\/uploads\/2021\/02\/foto-curso-bogota-2-300x75.jpg 300w, https:\/\/neurovirtual.com\/br\/wp-content\/uploads\/2021\/02\/foto-curso-bogota-2-768x192.jpg 768w, https:\/\/neurovirtual.com\/br\/wp-content\/uploads\/2021\/02\/foto-curso-bogota-2-1536x385.jpg 1536w, https:\/\/neurovirtual.com\/br\/wp-content\/uploads\/2021\/02\/foto-curso-bogota-2-2048x513.jpg 2048w, https:\/\/neurovirtual.com\/br\/wp-content\/uploads\/2021\/02\/foto-curso-bogota-2-998x250.jpg 998w, https:\/\/neurovirtual.com\/br\/wp-content\/uploads\/2021\/02\/foto-curso-bogota-2-460x115.jpg 460w, https:\/\/neurovirtual.com\/br\/wp-content\/uploads\/2021\/02\/foto-curso-bogota-2.jpg 1920w\" sizes=\"(max-width: 1024px) 100vw, 1024px\" \/><\/figure>\n\n\n\n<p>Nos \u00faltimos dias 22 e 23 de fevereiro aconteceu o &#8220;Curso Avan\u00e7o na Medicina do Sono&#8221; convocado pela Associa\u00e7\u00e3o Colombiana de Medicina do Sono (ACMES), evento que reuniu cerca de 180 especialistas da \u00e1rea da medicina do sono, entre os quais se encontravam especialistas locais, nacionais e internacionais.<\/p>\n\n\n\n<p>Contamos com a presen\u00e7a de um conferencista internacional e 19 conferencistas nacionais, que trataram temas como: Fisiopatologia de apneia central, fen\u00f3tipos SAHOS, terapia de neuroestimula\u00e7\u00e3o do nervo fr\u00eanico entre outros temas de interesse.<\/p>\n\n\n\n<div class=\"wp-block-image is-style-default\"><figure class=\"aligncenter size-large is-resized\"><a href=\"https:\/\/neurovirtual.com\/br\/wp-content\/uploads\/2021\/02\/foto-curso-bogota.jpg\"><img decoding=\"async\" src=\"https:\/\/neurovirtual.com\/br\/wp-content\/uploads\/2021\/02\/foto-curso-bogota.jpg\" alt=\"\" class=\"wp-image-811689\" width=\"323\" height=\"311\" srcset=\"https:\/\/neurovirtual.com\/br\/wp-content\/uploads\/2021\/02\/foto-curso-bogota.jpg 646w, https:\/\/neurovirtual.com\/br\/wp-content\/uploads\/2021\/02\/foto-curso-bogota-300x289.jpg 300w, https:\/\/neurovirtual.com\/br\/wp-content\/uploads\/2021\/02\/foto-curso-bogota-260x250.jpg 260w, https:\/\/neurovirtual.com\/br\/wp-content\/uploads\/2021\/02\/foto-curso-bogota-353x340.jpg 353w\" sizes=\"(max-width: 323px) 100vw, 323px\" \/><\/a><\/figure><\/div>\n\n\n\n<p>O diagn\u00f3stico SAHOS (S\u00edndrome de Apneia Obstrutiva do Sono) foi um dos temas mais destacados durante o evento, se perceberam v\u00e1rios fatores produtivos, como foi a terapia miofuncional e os modelos simplificados, assim como, a interven\u00e7\u00e3o de especialistas odontol\u00f3gicos deram a conhecer este ramo e sua rela\u00e7\u00e3o na medicina do sono.<\/p>\n\n\n\n<p>Mais uma vez, a Neurovirtual demonstrou o compromisso que tem com os especialistas da \u00e1rea de medicina do sono, onde mostrou o \u00faltimo em tecnologia que a companhia oferece dentro do mercado de polissonografia.<\/p>\n","protected":false},"excerpt":{"rendered":"<p>Nos \u00faltimos dias 22 e 23 de fevereiro aconteceu o &#8220;Curso Avan\u00e7o na Medicina do Sono&#8221; convocado pela Associa\u00e7\u00e3o Colombiana de Medicina do Sono (ACMES), evento que reuniu cerca de 180 especialistas da \u00e1rea da medicina do sono, entre os quais se encontravam especialistas locais, nacionais e internacionais. Contamos com a presen\u00e7a de um conferencista&#8230;<\/p>\n","protected":false},"author":6,"featured_media":797697,"comment_status":"open","ping_status":"open","sticky":false,"template":"","format":"standard","meta":{"_acf_changed":false,"_joinchat":[],"footnotes":""},"categories":[20,18],"tags":[],"acf":[],"_links":{"self":[{"href":"https:\/\/neurovirtual.com\/br\/wp-json\/wp\/v2\/posts\/797696"}],"collection":[{"href":"https:\/\/neurovirtual.com\/br\/wp-json\/wp\/v2\/posts"}],"about":[{"href":"https:\/\/neurovirtual.com\/br\/wp-json\/wp\/v2\/types\/post"}],"author":[{"embeddable":true,"href":"https:\/\/neurovirtual.com\/br\/wp-json\/wp\/v2\/users\/6"}],"replies":[{"embeddable":true,"href":"https:\/\/neurovirtual.com\/br\/wp-json\/wp\/v2\/comments?post=797696"}],"version-history":[{"count":3,"href":"https:\/\/neurovirtual.com\/br\/wp-json\/wp\/v2\/posts\/797696\/revisions"}],"predecessor-version":[{"id":811690,"href":"https:\/\/neurovirtual.com\/br\/wp-json\/wp\/v2\/posts\/797696\/revisions\/811690"}],"wp:featuredmedia":[{"embeddable":true,"href":"https:\/\/neurovirtual.com\/br\/wp-json\/wp\/v2\/media\/797697"}],"wp:attachment":[{"href":"https:\/\/neurovirtual.com\/br\/wp-json\/wp\/v2\/media?parent=797696"}],"wp:term":[{"taxonomy":"category","embeddable":true,"href":"https:\/\/neurovirtual.com\/br\/wp-json\/wp\/v2\/categories?post=797696"},{"taxonomy":"post_tag","embeddable":true,"href":"https:\/\/neurovirtual.com\/br\/wp-json\/wp\/v2\/tags?post=797696"}],"curies":[{"name":"wp","href":"https:\/\/api.w.org\/{rel}","templated":true}]}}