{"id":797064,"date":"2019-01-15T16:38:31","date_gmt":"2019-01-15T18:38:31","guid":{"rendered":"https:\/\/neurovirtual.com\/br\/?p=797064"},"modified":"2019-01-24T16:43:02","modified_gmt":"2019-01-24T18:43:02","slug":"iv-curso-de-aperfeicoamento-profissional-em-medicina-do-sono-modalidade-presencial","status":"publish","type":"post","link":"https:\/\/neurovirtual.com\/br\/iv-curso-de-aperfeicoamento-profissional-em-medicina-do-sono-modalidade-presencial\/","title":{"rendered":"IV Curso de Aperfei\u00e7oamento Profissional em Medicina do Sono \u2013 Modalidade Presencial"},"content":{"rendered":"<p><a href=\"https:\/\/neurovirtual.com\/br\/wp-content\/uploads\/2019\/01\/capa-2_logo-sleep.png\"><img decoding=\"async\" class=\"aligncenter size-large wp-image-797066\" src=\"https:\/\/neurovirtual.com\/br\/wp-content\/uploads\/2019\/01\/capa-2_logo-sleep-1024x512.png\" alt=\"capa 2_logo sleep\" width=\"1024\" height=\"512\" srcset=\"https:\/\/neurovirtual.com\/br\/wp-content\/uploads\/2019\/01\/capa-2_logo-sleep-1024x512.png 1024w, https:\/\/neurovirtual.com\/br\/wp-content\/uploads\/2019\/01\/capa-2_logo-sleep-300x150.png 300w, https:\/\/neurovirtual.com\/br\/wp-content\/uploads\/2019\/01\/capa-2_logo-sleep-500x250.png 500w, https:\/\/neurovirtual.com\/br\/wp-content\/uploads\/2019\/01\/capa-2_logo-sleep-460x230.png 460w, https:\/\/neurovirtual.com\/br\/wp-content\/uploads\/2019\/01\/capa-2_logo-sleep.png 1920w\" sizes=\"(max-width: 1024px) 100vw, 1024px\" \/><\/a><\/p>\n<p>A Universidad Austral dar\u00e1 in\u00edcio ao IV Curso de Aperfei\u00e7oamento Profissional em Medicina do Sono (em espanhol),\u00a0 modalidade presencial dia 29 de mar\u00e7o de 2019. O curso est\u00e1 dirigido a m\u00e9dicos, psic\u00f3logos, enfermeiros, universit\u00e1rios, fisioterapeutas, t\u00e9cnicos em neurofisiologia e polissonografia, assim como demais interessados em Medicina do Sono.<\/p>\n<p>A Neurovirtual \u00e9 uma marca participante neste evento e convida a todos a participarem deste curso, cujo programa de alto n\u00edvel acad\u00eamico j\u00e1 est\u00e1 preparado. Al\u00e9m disso, o curso conta com a colabora\u00e7\u00e3o\u00a0da Funda\u00e7\u00e3o Argentina do Sono (FAS) e a Associa\u00e7\u00e3o Argentina de Medicina Respirat\u00f3ria (AAMR).<\/p>\n<p><iframe loading=\"lazy\" title=\"Diplomatura en Medicina del sue\u00f1o - Dr. Daniel P\u00e9rez Chada\" width=\"500\" height=\"281\" src=\"https:\/\/www.youtube.com\/embed\/Oq8RHYIQVAc?feature=oembed\" frameborder=\"0\" allow=\"accelerometer; autoplay; clipboard-write; encrypted-media; gyroscope; picture-in-picture; web-share\" referrerpolicy=\"strict-origin-when-cross-origin\" allowfullscreen><\/iframe><\/p>\n<p><strong>Diretores:<\/strong><\/p>\n<p>Dr. Daniel P\u00e9rez Chada\u00a0Universidad Austral<\/p>\n<p>Dr. Arturo Garay\u00a0Instituto Universitario CEMIC<\/p>\n<p>Dr. Daniel P. Cardinali\u00a0Facultad de Medicina UCA<\/p>\n<p><strong>Coordenadora:<\/strong><\/p>\n<p>Dr. Stella Maris Valiensi<\/p>\n<p><strong>Informa\u00e7\u00f5es e inscri\u00e7\u00f5es:<\/strong><\/p>\n<p><strong>Vagas limitadas!<\/strong><\/p>\n<p>Departamento de P\u00f3s-gradua\u00e7\u00e3o, Universidade Austral<\/p>\n<p>Tel (+54) 230-438.7416 \/ 7417<br \/>\nCelular (+54) 911 -5414-6497<\/p>\n<p><a href=\"mailto:posgradofcb@austral.edu.ar\">posgradofcb@austral.edu.ar<\/a><\/p>\n<p><a href=\"http:\/\/www.austral.edu.ar\/cienciasbiomedicas\/diplomatura-en-medicina-del-sueno\/\" target=\"_blank\" rel=\"noopener\">http:\/\/www.austral.edu.ar\/cienciasbiomedicas\/diplomatura-en-medicina-del-sueno\/\u00a0<\/a><\/p>\n","protected":false},"excerpt":{"rendered":"<p>A Universidad Austral dar\u00e1 in\u00edcio ao IV Curso de Aperfei\u00e7oamento Profissional em Medicina do Sono (em espanhol),\u00a0 modalidade presencial dia 29 de mar\u00e7o de 2019. O curso est\u00e1 dirigido a m\u00e9dicos, psic\u00f3logos, enfermeiros, universit\u00e1rios, fisioterapeutas, t\u00e9cnicos em neurofisiologia e polissonografia, assim como demais interessados em Medicina do Sono. A Neurovirtual \u00e9 uma marca participante neste&#8230;<\/p>\n","protected":false},"author":6,"featured_media":797067,"comment_status":"open","ping_status":"open","sticky":false,"template":"","format":"standard","meta":{"_acf_changed":false,"_joinchat":[],"footnotes":""},"categories":[18,20,16],"tags":[],"acf":[],"_links":{"self":[{"href":"https:\/\/neurovirtual.com\/br\/wp-json\/wp\/v2\/posts\/797064"}],"collection":[{"href":"https:\/\/neurovirtual.com\/br\/wp-json\/wp\/v2\/posts"}],"about":[{"href":"https:\/\/neurovirtual.com\/br\/wp-json\/wp\/v2\/types\/post"}],"author":[{"embeddable":true,"href":"https:\/\/neurovirtual.com\/br\/wp-json\/wp\/v2\/users\/6"}],"replies":[{"embeddable":true,"href":"https:\/\/neurovirtual.com\/br\/wp-json\/wp\/v2\/comments?post=797064"}],"version-history":[{"count":6,"href":"https:\/\/neurovirtual.com\/br\/wp-json\/wp\/v2\/posts\/797064\/revisions"}],"predecessor-version":[{"id":797072,"href":"https:\/\/neurovirtual.com\/br\/wp-json\/wp\/v2\/posts\/797064\/revisions\/797072"}],"wp:featuredmedia":[{"embeddable":true,"href":"https:\/\/neurovirtual.com\/br\/wp-json\/wp\/v2\/media\/797067"}],"wp:attachment":[{"href":"https:\/\/neurovirtual.com\/br\/wp-json\/wp\/v2\/media?parent=797064"}],"wp:term":[{"taxonomy":"category","embeddable":true,"href":"https:\/\/neurovirtual.com\/br\/wp-json\/wp\/v2\/categories?post=797064"},{"taxonomy":"post_tag","embeddable":true,"href":"https:\/\/neurovirtual.com\/br\/wp-json\/wp\/v2\/tags?post=797064"}],"curies":[{"name":"wp","href":"https:\/\/api.w.org\/{rel}","templated":true}]}}