{"id":797058,"date":"2018-12-01T12:51:30","date_gmt":"2018-12-01T14:51:30","guid":{"rendered":"https:\/\/neurovirtual.com\/br\/?p=797058"},"modified":"2019-04-04T12:23:03","modified_gmt":"2019-04-04T15:23:03","slug":"congresso-brasileiro-do-sono-em-sao-paulo","status":"publish","type":"post","link":"https:\/\/neurovirtual.com\/br\/congresso-brasileiro-do-sono-em-sao-paulo\/","title":{"rendered":"Congresso Brasileiro do Sono em S\u00e3o Paulo"},"content":{"rendered":"<p><a href=\"https:\/\/neurovirtual.com\/br\/wp-content\/uploads\/2019\/01\/top-site_1.png\"><img decoding=\"async\" class=\"aligncenter size-large wp-image-797061\" src=\"https:\/\/neurovirtual.com\/br\/wp-content\/uploads\/2019\/01\/top-site_1-1024x287.png\" alt=\"top site_1\" width=\"1024\" height=\"287\" srcset=\"https:\/\/neurovirtual.com\/br\/wp-content\/uploads\/2019\/01\/top-site_1-1024x287.png 1024w, https:\/\/neurovirtual.com\/br\/wp-content\/uploads\/2019\/01\/top-site_1-300x84.png 300w, https:\/\/neurovirtual.com\/br\/wp-content\/uploads\/2019\/01\/top-site_1-892x250.png 892w, https:\/\/neurovirtual.com\/br\/wp-content\/uploads\/2019\/01\/top-site_1-460x129.png 460w, https:\/\/neurovirtual.com\/br\/wp-content\/uploads\/2019\/01\/top-site_1.png 1541w\" sizes=\"(max-width: 1024px) 100vw, 1024px\" \/><\/a><\/p>\n<p>Nos dias 30 de novembro e 01 de dezembro aconteceu o Congresso Brasileiro do Sono no Centro de Conven\u00e7\u00f5es Frei Caneca, na cidade de S\u00e3o Paulo (SP). O evento foi realizado por tr\u00eas sociedades irm\u00e3s: ABS (Associa\u00e7\u00e3o Brasileira do Sono), ABROS (Associa\u00e7\u00e3o Brasileira de Odontologia do Sono) e ABMS (Associa\u00e7\u00e3o Brasileira de Medicina do Sono). Foi baseado em salas multidisciplinares, o que ofereceu uma vis\u00e3o atualizada das novidades no mundo do sono. A equipe diretiva do congresso \u00e9 formada por Geraldo Lorenzi Filho (Presidente), Cl\u00e1udia Roberta de C. Moreno (Diretora Cient\u00edfica), Andrea Bacelar (Presidente da ABS), Fernanda Martinho Haddad (Presidente da ABMS) e Marco Ant\u00f4nio C. Machado (Presidente da ABROS).<\/p>\n<p><a href=\"https:\/\/neurovirtual.com\/br\/wp-content\/uploads\/2019\/01\/congresso-brasileiro-do-sono.png\"><img decoding=\"async\" class=\"aligncenter size-medium wp-image-797060\" src=\"https:\/\/neurovirtual.com\/br\/wp-content\/uploads\/2019\/01\/congresso-brasileiro-do-sono-254x300.png\" alt=\"congresso brasileiro do sono\" width=\"254\" height=\"300\" srcset=\"https:\/\/neurovirtual.com\/br\/wp-content\/uploads\/2019\/01\/congresso-brasileiro-do-sono-254x300.png 254w, https:\/\/neurovirtual.com\/br\/wp-content\/uploads\/2019\/01\/congresso-brasileiro-do-sono-211x250.png 211w, https:\/\/neurovirtual.com\/br\/wp-content\/uploads\/2019\/01\/congresso-brasileiro-do-sono-288x340.png 288w, https:\/\/neurovirtual.com\/br\/wp-content\/uploads\/2019\/01\/congresso-brasileiro-do-sono.png 768w\" sizes=\"(max-width: 254px) 100vw, 254px\" \/><\/a><\/p>\n<p>O evento contou com in\u00fameros palestrantes nacionais e internacionais, como Dr. Ferran Barb\u00e9 (Espanha), Dr. Daniel Cardinali (Argentina), Dr. Gottard D. Tribl (\u00c1ustria) e Dr. Daniel P\u00e9rez Chada (Argentina), que abordaram temas como cronomedicina, como diagnosticar a apneia do sono, aplica\u00e7\u00e3o cl\u00ednica da actigrafia, influ\u00eancia dos fen\u00f3tipos da AOS na escolha do tratamento, entre outros.<\/p>\n<p>A Neurovirtual esteve presente no evento e teve a oportunidade de apresentar alguns equipamentos de destaque, como BWMini PSG e BWIII PSG Plus. O BWMini PSG \u00e9 pequeno, completo e realiza exames de PSG Tipo I, II, III e IV. J\u00e1 o BWIII PSG Plus realiza exame de PSG Tipo I, al\u00e9m de possuir o sistema 10\/20 completo (parte neurol\u00f3gica), dois transdutores de press\u00e3o integrados e ox\u00edmetro Nonin.\u00a0Sem d\u00favida, foi uma excelente oportunidade para a Neurovirtual apresentar solu\u00e7\u00f5es de alta tecnologia para a \u00e1rea de medicina do sono.<\/p>\n","protected":false},"excerpt":{"rendered":"<p>Nos dias 30 de novembro e 01 de dezembro aconteceu o Congresso Brasileiro do Sono no Centro de Conven\u00e7\u00f5es Frei Caneca, na cidade de S\u00e3o Paulo (SP). O evento foi realizado por tr\u00eas sociedades irm\u00e3s: ABS (Associa\u00e7\u00e3o Brasileira do Sono), ABROS (Associa\u00e7\u00e3o Brasileira de Odontologia do Sono) e ABMS (Associa\u00e7\u00e3o Brasileira de Medicina do Sono)&#8230;.<\/p>\n","protected":false},"author":6,"featured_media":797059,"comment_status":"open","ping_status":"open","sticky":false,"template":"","format":"standard","meta":{"_acf_changed":false,"_joinchat":[],"footnotes":""},"categories":[15,20,16],"tags":[],"acf":[],"_links":{"self":[{"href":"https:\/\/neurovirtual.com\/br\/wp-json\/wp\/v2\/posts\/797058"}],"collection":[{"href":"https:\/\/neurovirtual.com\/br\/wp-json\/wp\/v2\/posts"}],"about":[{"href":"https:\/\/neurovirtual.com\/br\/wp-json\/wp\/v2\/types\/post"}],"author":[{"embeddable":true,"href":"https:\/\/neurovirtual.com\/br\/wp-json\/wp\/v2\/users\/6"}],"replies":[{"embeddable":true,"href":"https:\/\/neurovirtual.com\/br\/wp-json\/wp\/v2\/comments?post=797058"}],"version-history":[{"count":2,"href":"https:\/\/neurovirtual.com\/br\/wp-json\/wp\/v2\/posts\/797058\/revisions"}],"predecessor-version":[{"id":797290,"href":"https:\/\/neurovirtual.com\/br\/wp-json\/wp\/v2\/posts\/797058\/revisions\/797290"}],"wp:featuredmedia":[{"embeddable":true,"href":"https:\/\/neurovirtual.com\/br\/wp-json\/wp\/v2\/media\/797059"}],"wp:attachment":[{"href":"https:\/\/neurovirtual.com\/br\/wp-json\/wp\/v2\/media?parent=797058"}],"wp:term":[{"taxonomy":"category","embeddable":true,"href":"https:\/\/neurovirtual.com\/br\/wp-json\/wp\/v2\/categories?post=797058"},{"taxonomy":"post_tag","embeddable":true,"href":"https:\/\/neurovirtual.com\/br\/wp-json\/wp\/v2\/tags?post=797058"}],"curies":[{"name":"wp","href":"https:\/\/api.w.org\/{rel}","templated":true}]}}