{"id":796072,"date":"2018-11-18T17:42:41","date_gmt":"2018-11-18T19:42:41","guid":{"rendered":"https:\/\/neurovirtual.com\/br\/?p=796072"},"modified":"2024-03-07T12:07:56","modified_gmt":"2024-03-07T15:07:56","slug":"xvii-congresso-da-federacao-latino-americana-de-sociedades-de-sono-2018-punta-del-este","status":"publish","type":"post","link":"https:\/\/neurovirtual.com\/br\/xvii-congresso-da-federacao-latino-americana-de-sociedades-de-sono-2018-punta-del-este\/","title":{"rendered":"XVII Congresso da Federa\u00e7\u00e3o Latino-Americana de Sociedades de Sono 2018 \u2013 Punta del Este"},"content":{"rendered":"<p>Considerado um evento de m\u00e1ximo n\u00edvel acad\u00eamico, o \u201cXVII Congresso da Federa\u00e7\u00e3o Latino Americana de Sociedades do Sono (FLASS)\u201d deste ano foi realizado no Hotel Intercontinental de Punta del Este, no Uruguai, entre os dias 8 e 11 de novembro. Cerca de 200 especialistas da \u00e1rea da medicina do sono se reuniram neste encontro que contou com a participa\u00e7\u00e3o de 62 conferencistas de grande reconhecimento, que expuseram diferentes ramos da medicina do sono.<\/p>\n<p><a href=\"https:\/\/neurovirtual.com\/br\/wp-content\/uploads\/2018\/11\/13.jpg\"><img decoding=\"async\" class=\"aligncenter size-medium wp-image-796081\" src=\"https:\/\/neurovirtual.com\/br\/wp-content\/uploads\/2018\/11\/13-300x225.jpg\" alt=\"1\" width=\"300\" height=\"225\" srcset=\"https:\/\/neurovirtual.com\/br\/wp-content\/uploads\/2018\/11\/13-300x225.jpg 300w, https:\/\/neurovirtual.com\/br\/wp-content\/uploads\/2018\/11\/13-1024x768.jpg 1024w, https:\/\/neurovirtual.com\/br\/wp-content\/uploads\/2018\/11\/13-333x250.jpg 333w, https:\/\/neurovirtual.com\/br\/wp-content\/uploads\/2018\/11\/13-453x340.jpg 453w, https:\/\/neurovirtual.com\/br\/wp-content\/uploads\/2018\/11\/13.jpg 1920w\" sizes=\"(max-width: 300px) 100vw, 300px\" \/><\/a><\/p>\n<p>Entre os temas abordados durante o congresso, se destacaram os seguintes: S\u00edndrome de Apneia\/Hipopnea Obstrutiva do Sono, Hipersonias de origem central, Hipersonias diurnas, S\u00edndrome de pernas inquietas, Ins\u00f4nia, Transtornos do sono na pediatria e Parassonias.<\/p>\n<p><a href=\"https:\/\/neurovirtual.com\/br\/wp-content\/uploads\/2018\/12\/21.jpg\"><img decoding=\"async\" class=\"aligncenter size-medium wp-image-796073\" src=\"https:\/\/neurovirtual.com\/br\/wp-content\/uploads\/2018\/12\/21-300x194.jpg\" alt=\"2\" width=\"300\" height=\"194\" srcset=\"https:\/\/neurovirtual.com\/br\/wp-content\/uploads\/2018\/12\/21-300x194.jpg 300w, https:\/\/neurovirtual.com\/br\/wp-content\/uploads\/2018\/12\/21-1024x661.jpg 1024w, https:\/\/neurovirtual.com\/br\/wp-content\/uploads\/2018\/12\/21-387x250.jpg 387w, https:\/\/neurovirtual.com\/br\/wp-content\/uploads\/2018\/12\/21-460x297.jpg 460w, https:\/\/neurovirtual.com\/br\/wp-content\/uploads\/2018\/12\/21.jpg 1920w\" sizes=\"(max-width: 300px) 100vw, 300px\" \/><\/a><\/p>\n<p>Com o patroc\u00ednio da Neurovirtual, aconteceu uma oficina\u00a0 com BWMini PSG, enfatizando os seguintes t\u00f3picos: \u201csinais biol\u00f3gicos, etapas do sono e patologias\u201d. Desse modo, a Neurovirtual se destacou mais uma vez o mercado da medicina do sono, fazendo prevalecer seu compromisso com m\u00e9dicos, t\u00e9cnicos e pacientes a nivel mundial.<\/p>\n<p><a href=\"https:\/\/neurovirtual.com\/br\/wp-content\/uploads\/2018\/12\/31.jpg\"><img decoding=\"async\" class=\"aligncenter size-medium wp-image-796075\" src=\"https:\/\/neurovirtual.com\/br\/wp-content\/uploads\/2018\/12\/31-300x225.jpg\" alt=\"31\" width=\"300\" height=\"225\" srcset=\"https:\/\/neurovirtual.com\/br\/wp-content\/uploads\/2018\/12\/31-300x225.jpg 300w, https:\/\/neurovirtual.com\/br\/wp-content\/uploads\/2018\/12\/31-1024x769.jpg 1024w, https:\/\/neurovirtual.com\/br\/wp-content\/uploads\/2018\/12\/31-333x250.jpg 333w, https:\/\/neurovirtual.com\/br\/wp-content\/uploads\/2018\/12\/31-453x340.jpg 453w, https:\/\/neurovirtual.com\/br\/wp-content\/uploads\/2018\/12\/31.jpg 1920w\" sizes=\"(max-width: 300px) 100vw, 300px\" \/><\/a><\/p>\n","protected":false},"excerpt":{"rendered":"<p>Considerado um evento de m\u00e1ximo n\u00edvel acad\u00eamico, o \u201cXVII Congresso da Federa\u00e7\u00e3o Latino Americana de Sociedades do Sono (FLASS)\u201d deste ano foi realizado no Hotel Intercontinental de Punta del Este, no Uruguai, entre os dias 8 e 11 de novembro. Cerca de 200 especialistas da \u00e1rea da medicina do sono se reuniram neste encontro que&#8230;<\/p>\n","protected":false},"author":6,"featured_media":816012,"comment_status":"open","ping_status":"open","sticky":false,"template":"","format":"standard","meta":{"_acf_changed":false,"_joinchat":[],"footnotes":""},"categories":[15,20],"tags":[],"acf":[],"_links":{"self":[{"href":"https:\/\/neurovirtual.com\/br\/wp-json\/wp\/v2\/posts\/796072"}],"collection":[{"href":"https:\/\/neurovirtual.com\/br\/wp-json\/wp\/v2\/posts"}],"about":[{"href":"https:\/\/neurovirtual.com\/br\/wp-json\/wp\/v2\/types\/post"}],"author":[{"embeddable":true,"href":"https:\/\/neurovirtual.com\/br\/wp-json\/wp\/v2\/users\/6"}],"replies":[{"embeddable":true,"href":"https:\/\/neurovirtual.com\/br\/wp-json\/wp\/v2\/comments?post=796072"}],"version-history":[{"count":7,"href":"https:\/\/neurovirtual.com\/br\/wp-json\/wp\/v2\/posts\/796072\/revisions"}],"predecessor-version":[{"id":816013,"href":"https:\/\/neurovirtual.com\/br\/wp-json\/wp\/v2\/posts\/796072\/revisions\/816013"}],"wp:featuredmedia":[{"embeddable":true,"href":"https:\/\/neurovirtual.com\/br\/wp-json\/wp\/v2\/media\/816012"}],"wp:attachment":[{"href":"https:\/\/neurovirtual.com\/br\/wp-json\/wp\/v2\/media?parent=796072"}],"wp:term":[{"taxonomy":"category","embeddable":true,"href":"https:\/\/neurovirtual.com\/br\/wp-json\/wp\/v2\/categories?post=796072"},{"taxonomy":"post_tag","embeddable":true,"href":"https:\/\/neurovirtual.com\/br\/wp-json\/wp\/v2\/tags?post=796072"}],"curies":[{"name":"wp","href":"https:\/\/api.w.org\/{rel}","templated":true}]}}