{"id":795937,"date":"2018-12-20T18:02:26","date_gmt":"2018-12-20T20:02:26","guid":{"rendered":"https:\/\/neurovirtual.com\/br\/?p=795937"},"modified":"2024-03-07T12:03:19","modified_gmt":"2024-03-07T15:03:19","slug":"simposio-atualizacao-transtornos-do-sono-2018-cali","status":"publish","type":"post","link":"https:\/\/neurovirtual.com\/br\/simposio-atualizacao-transtornos-do-sono-2018-cali\/","title":{"rendered":"Simp\u00f3sio Atualiza\u00e7\u00e3o Transtornos Do Sono 2018 &#8211; Cali"},"content":{"rendered":"<p>Com o respaldo da Associa\u00e7\u00e3o Colombiana de Medicina do Sono (ACMES em espanhol), se organizou o \u201cSimp\u00f3sio Atualiza\u00e7\u00e3o Transtornos do Sono\u201d, nos dias 23 e 24 de novembro deste ano. Al\u00e9m dos quase 100 especialistas locais e nacionais, o evento contou com a participa\u00e7\u00e3o de 12 conferencistas de m\u00e1ximo n\u00edvel acad\u00eamico. Alguns dos temas abordados foram a nova classifica\u00e7\u00e3o dos transtornos do sono, fen\u00f3tipos e mecanismos fisiopatol\u00f3gicos na apneia obstrutiva do sono, avalia\u00e7\u00e3o cl\u00ednica e diagn\u00f3stica da insonia, indica\u00e7\u00f5es dos estudos do sono e transtornos do ritmo circadiano.<a href=\"https:\/\/neurovirtual.com\/br\/wp-content\/uploads\/2018\/12\/1.jpg\"><img decoding=\"async\" class=\"aligncenter size-medium wp-image-795940\" src=\"https:\/\/neurovirtual.com\/br\/wp-content\/uploads\/2018\/12\/1-300x225.jpg\" alt=\"1\" width=\"300\" height=\"225\" srcset=\"https:\/\/neurovirtual.com\/br\/wp-content\/uploads\/2018\/12\/1-300x225.jpg 300w, https:\/\/neurovirtual.com\/br\/wp-content\/uploads\/2018\/12\/1-1024x768.jpg 1024w, https:\/\/neurovirtual.com\/br\/wp-content\/uploads\/2018\/12\/1-333x250.jpg 333w, https:\/\/neurovirtual.com\/br\/wp-content\/uploads\/2018\/12\/1-453x340.jpg 453w, https:\/\/neurovirtual.com\/br\/wp-content\/uploads\/2018\/12\/1.jpg 1280w\" sizes=\"(max-width: 300px) 100vw, 300px\" \/><\/a><\/p>\n<p>\u201cParassonia\u201d e \u201cPriva\u00e7\u00e3o do Sono\u201d foram exposi\u00e7\u00f5es extraordin\u00e1rias oferecidas pela Dra. Lina Tavera, que \u00e9 especialista em neuropediatria e tamb\u00e9m conta com uma p\u00f3s- gradua\u00e7\u00e3o em medicina integral do sono. Lina se destaca por suas confer\u00eancias assertivas e interessantes. Al\u00e9m das palestras mencionadas, tamb\u00e9m participou da realiza\u00e7\u00e3o de uma oficina junto com a Neurovirtual, em que foi utilizado o equipamento BWIII PSG PLUS. Aqueles que estiveram presentes na oficina participaram ativamente.<\/p>\n<p><a href=\"https:\/\/neurovirtual.com\/br\/wp-content\/uploads\/2018\/12\/2.jpg\"><img decoding=\"async\" class=\"aligncenter size-medium wp-image-795941\" src=\"https:\/\/neurovirtual.com\/br\/wp-content\/uploads\/2018\/12\/2-300x225.jpg\" alt=\"2\" width=\"300\" height=\"225\" srcset=\"https:\/\/neurovirtual.com\/br\/wp-content\/uploads\/2018\/12\/2-300x225.jpg 300w, https:\/\/neurovirtual.com\/br\/wp-content\/uploads\/2018\/12\/2-1024x768.jpg 1024w, https:\/\/neurovirtual.com\/br\/wp-content\/uploads\/2018\/12\/2-333x250.jpg 333w, https:\/\/neurovirtual.com\/br\/wp-content\/uploads\/2018\/12\/2-453x340.jpg 453w, https:\/\/neurovirtual.com\/br\/wp-content\/uploads\/2018\/12\/2.jpg 1152w\" sizes=\"(max-width: 300px) 100vw, 300px\" \/><\/a><\/p>\n<p>Neurovirtual foi patrocinadora do evento e demonstrou, mais uma vez, seu compromisso com m\u00e9dicos e pacientes em contribuir com o desenvolvimento de novas tecnologias que facilitem o trabalho e ofere\u00e7am seguran\u00e7a e qualidade de vida aos pacientes. O BWIII PSG Plus e o BWMini HST foram dois dos dispositivos mostrados pela companhia, sendo prova do diferencial que Neurovirtual assume dentro do mercado.<\/p>\n","protected":false},"excerpt":{"rendered":"<p>Com o respaldo da Associa\u00e7\u00e3o Colombiana de Medicina do Sono (ACMES em espanhol), se organizou o \u201cSimp\u00f3sio Atualiza\u00e7\u00e3o Transtornos do Sono\u201d, nos dias 23 e 24 de novembro deste ano. Al\u00e9m dos quase 100 especialistas locais e nacionais, o evento contou com a participa\u00e7\u00e3o de 12 conferencistas de m\u00e1ximo n\u00edvel acad\u00eamico. Alguns dos temas abordados&#8230;<\/p>\n","protected":false},"author":6,"featured_media":816007,"comment_status":"open","ping_status":"open","sticky":false,"template":"","format":"standard","meta":{"_acf_changed":false,"_joinchat":[],"footnotes":""},"categories":[20,16],"tags":[],"acf":[],"_links":{"self":[{"href":"https:\/\/neurovirtual.com\/br\/wp-json\/wp\/v2\/posts\/795937"}],"collection":[{"href":"https:\/\/neurovirtual.com\/br\/wp-json\/wp\/v2\/posts"}],"about":[{"href":"https:\/\/neurovirtual.com\/br\/wp-json\/wp\/v2\/types\/post"}],"author":[{"embeddable":true,"href":"https:\/\/neurovirtual.com\/br\/wp-json\/wp\/v2\/users\/6"}],"replies":[{"embeddable":true,"href":"https:\/\/neurovirtual.com\/br\/wp-json\/wp\/v2\/comments?post=795937"}],"version-history":[{"count":2,"href":"https:\/\/neurovirtual.com\/br\/wp-json\/wp\/v2\/posts\/795937\/revisions"}],"predecessor-version":[{"id":816008,"href":"https:\/\/neurovirtual.com\/br\/wp-json\/wp\/v2\/posts\/795937\/revisions\/816008"}],"wp:featuredmedia":[{"embeddable":true,"href":"https:\/\/neurovirtual.com\/br\/wp-json\/wp\/v2\/media\/816007"}],"wp:attachment":[{"href":"https:\/\/neurovirtual.com\/br\/wp-json\/wp\/v2\/media?parent=795937"}],"wp:term":[{"taxonomy":"category","embeddable":true,"href":"https:\/\/neurovirtual.com\/br\/wp-json\/wp\/v2\/categories?post=795937"},{"taxonomy":"post_tag","embeddable":true,"href":"https:\/\/neurovirtual.com\/br\/wp-json\/wp\/v2\/tags?post=795937"}],"curies":[{"name":"wp","href":"https:\/\/api.w.org\/{rel}","templated":true}]}}