{"id":793433,"date":"2018-11-11T14:13:42","date_gmt":"2018-11-11T16:13:42","guid":{"rendered":"https:\/\/neurovirtual.com\/br\/?p=793433"},"modified":"2018-11-29T14:24:25","modified_gmt":"2018-11-29T16:24:25","slug":"xlii-reuniao-anual-da-academia-mexicana-de-neurologia","status":"publish","type":"post","link":"https:\/\/neurovirtual.com\/br\/xlii-reuniao-anual-da-academia-mexicana-de-neurologia\/","title":{"rendered":"XLII Reuni\u00e3o Anual da Academia Mexicana de Neurologia"},"content":{"rendered":"<p><a href=\"https:\/\/neurovirtual.com\/br\/wp-content\/uploads\/2018\/11\/capa-1-mexico1.jpg\"><img decoding=\"async\" class=\"aligncenter wp-image-793440 size-full\" src=\"https:\/\/neurovirtual.com\/br\/wp-content\/uploads\/2018\/11\/capa-1-mexico1.jpg\" alt=\"capa 1 mexico\" width=\"854\" height=\"256\" srcset=\"https:\/\/neurovirtual.com\/br\/wp-content\/uploads\/2018\/11\/capa-1-mexico1.jpg 854w, https:\/\/neurovirtual.com\/br\/wp-content\/uploads\/2018\/11\/capa-1-mexico1-300x90.jpg 300w, https:\/\/neurovirtual.com\/br\/wp-content\/uploads\/2018\/11\/capa-1-mexico1-834x250.jpg 834w, https:\/\/neurovirtual.com\/br\/wp-content\/uploads\/2018\/11\/capa-1-mexico1-460x138.jpg 460w\" sizes=\"(max-width: 854px) 100vw, 854px\" \/><\/a><\/p>\n<p>Com o objetivo de \u201cotimizar a aten\u00e7\u00e3o aos enfermos neurol\u00f3gicos no M\u00e9xico\u201d este ano, o XLII congresso da Academia Mexicana de Neurologia foi conduzido no Centro Internacional de Congressos de Yucat\u00e1n, localizado na cidade de M\u00e9rida Yucat\u00e1n, de 5 a 11 de novembro de 2018.<a href=\"https:\/\/neurovirtual.com\/br\/wp-content\/uploads\/2018\/11\/12.jpg\"><img decoding=\"async\" class=\"aligncenter size-medium wp-image-793442\" src=\"https:\/\/neurovirtual.com\/br\/wp-content\/uploads\/2018\/11\/12-300x146.jpg\" alt=\"1\" width=\"300\" height=\"146\" srcset=\"https:\/\/neurovirtual.com\/br\/wp-content\/uploads\/2018\/11\/12-300x146.jpg 300w, https:\/\/neurovirtual.com\/br\/wp-content\/uploads\/2018\/11\/12-1024x498.jpg 1024w, https:\/\/neurovirtual.com\/br\/wp-content\/uploads\/2018\/11\/12-514x250.jpg 514w, https:\/\/neurovirtual.com\/br\/wp-content\/uploads\/2018\/11\/12-460x224.jpg 460w, https:\/\/neurovirtual.com\/br\/wp-content\/uploads\/2018\/11\/12.jpg 1920w\" sizes=\"(max-width: 300px) 100vw, 300px\" \/><\/a><\/p>\n<p>Este congresso anual constitui o maior e mais importante evento acad\u00eamico de Neurologia no M\u00e9xico, em que se reuniram em torno de mil congressistas. Este foro contou com a presen\u00e7a de professores do mais alto n\u00edvel acad\u00eamico, tanto nacionais quanto internacionais, assim como com a colabora\u00e7\u00e3o de distintas sociedades neurol\u00f3gicas internacionais, como a World Federation of Neurology (WFN) e a American Academy of Neurology (AAN), entre outras.<\/p>\n<p><a href=\"https:\/\/neurovirtual.com\/br\/wp-content\/uploads\/2018\/11\/21.jpg\"><img decoding=\"async\" class=\"aligncenter size-medium wp-image-793443\" src=\"https:\/\/neurovirtual.com\/br\/wp-content\/uploads\/2018\/11\/21-300x146.jpg\" alt=\"2\" width=\"300\" height=\"146\" srcset=\"https:\/\/neurovirtual.com\/br\/wp-content\/uploads\/2018\/11\/21-300x146.jpg 300w, https:\/\/neurovirtual.com\/br\/wp-content\/uploads\/2018\/11\/21-1024x498.jpg 1024w, https:\/\/neurovirtual.com\/br\/wp-content\/uploads\/2018\/11\/21-514x250.jpg 514w, https:\/\/neurovirtual.com\/br\/wp-content\/uploads\/2018\/11\/21-460x224.jpg 460w, https:\/\/neurovirtual.com\/br\/wp-content\/uploads\/2018\/11\/21.jpg 1920w\" sizes=\"(max-width: 300px) 100vw, 300px\" \/><\/a><\/p>\n<p>A XLII Reuni\u00e3o Anual da Academia Mexicana de Neurologia incluiu m\u00faltiplas atividades acad\u00eamicas na busca de uma sinergia que permita obter melhores resultados e a excel\u00eancia na educa\u00e7\u00e3o m\u00e9dica cont\u00ednua; cabe assinalar que todas essas atividades, dado seu alto valor acad\u00eamico, contam com pontua\u00e7\u00e3o de recertifica\u00e7\u00e3o pelo Conselho Mexicano de Neurologia.<\/p>\n<p><a href=\"https:\/\/neurovirtual.com\/br\/wp-content\/uploads\/2018\/11\/32.jpg\"><img decoding=\"async\" class=\"aligncenter size-medium wp-image-793444\" src=\"https:\/\/neurovirtual.com\/br\/wp-content\/uploads\/2018\/11\/32-300x300.jpg\" alt=\"3\" width=\"300\" height=\"300\" srcset=\"https:\/\/neurovirtual.com\/br\/wp-content\/uploads\/2018\/11\/32-300x300.jpg 300w, https:\/\/neurovirtual.com\/br\/wp-content\/uploads\/2018\/11\/32-150x150.jpg 150w, https:\/\/neurovirtual.com\/br\/wp-content\/uploads\/2018\/11\/32-250x250.jpg 250w, https:\/\/neurovirtual.com\/br\/wp-content\/uploads\/2018\/11\/32-520x520.jpg 520w, https:\/\/neurovirtual.com\/br\/wp-content\/uploads\/2018\/11\/32-340x340.jpg 340w, https:\/\/neurovirtual.com\/br\/wp-content\/uploads\/2018\/11\/32.jpg 800w\" sizes=\"(max-width: 300px) 100vw, 300px\" \/><\/a><\/p>\n<p>Adicionalmente, neste ano se deu um impulso especial aos cursos <em>online <\/em>com uma plataforma pr\u00f3pria da academia onde a atualiza\u00e7\u00e3o em educa\u00e7\u00e3o m\u00e9dica cont\u00ednua e interativa denotar\u00e1 uma proje\u00e7\u00e3o e participa\u00e7\u00e3o dos acad\u00eamicos em t\u00f3picos espec\u00edficos.<\/p>\n<p>Nesta ocasi\u00e3o, a participa\u00e7\u00e3o da Neurovirtual n\u00e3o foi exce\u00e7\u00e3o, com o objetivo de colaborar com os m\u00e9dicos no tratamento de seus pacientes, apresentando o mais novo da tecnologia de seus dispositivos desenvolvidos para o diagn\u00f3stico das m\u00faltiplas patologias neurol\u00f3gicas; tal \u00e9 o caso do equipamento BWIII EEG, um equipamento projetado para estudos EEG de rotina, perfeito para ser movido de um lugar a outro, al\u00e9m de oferecer um <em>software <\/em>de f\u00e1cil manejo.<\/p>\n<p><a href=\"https:\/\/neurovirtual.com\/br\/wp-content\/uploads\/2018\/11\/4.jpg\"><img decoding=\"async\" class=\"aligncenter size-medium wp-image-793445\" src=\"https:\/\/neurovirtual.com\/br\/wp-content\/uploads\/2018\/11\/4-300x146.jpg\" alt=\"4\" width=\"300\" height=\"146\" srcset=\"https:\/\/neurovirtual.com\/br\/wp-content\/uploads\/2018\/11\/4-300x146.jpg 300w, https:\/\/neurovirtual.com\/br\/wp-content\/uploads\/2018\/11\/4-1024x498.jpg 1024w, https:\/\/neurovirtual.com\/br\/wp-content\/uploads\/2018\/11\/4-514x250.jpg 514w, https:\/\/neurovirtual.com\/br\/wp-content\/uploads\/2018\/11\/4-460x224.jpg 460w, https:\/\/neurovirtual.com\/br\/wp-content\/uploads\/2018\/11\/4.jpg 1920w\" sizes=\"(max-width: 300px) 100vw, 300px\" \/><\/a><\/p>\n<p>Este encontro nos permitiu saber o posicionamento que at\u00e9 hoje temos logrado. Nos sentimos muito entusiasmados de poder participar de um dos eventos mais importantes de Neurologia no M\u00e9xico, acrescentou Marcelo Belli, representante comercial da Neurovirtual M\u00e9xico.<\/p>\n","protected":false},"excerpt":{"rendered":"<p>Com o objetivo de \u201cotimizar a aten\u00e7\u00e3o aos enfermos neurol\u00f3gicos no M\u00e9xico\u201d este ano, o XLII congresso da Academia Mexicana de Neurologia foi conduzido no Centro Internacional de Congressos de Yucat\u00e1n, localizado na cidade de M\u00e9rida Yucat\u00e1n, de 5 a 11 de novembro de 2018. Este congresso anual constitui o maior e mais importante evento&#8230;<\/p>\n","protected":false},"author":6,"featured_media":793434,"comment_status":"open","ping_status":"open","sticky":false,"template":"","format":"standard","meta":{"_acf_changed":false,"_joinchat":[],"footnotes":""},"categories":[15,20,16],"tags":[],"acf":[],"_links":{"self":[{"href":"https:\/\/neurovirtual.com\/br\/wp-json\/wp\/v2\/posts\/793433"}],"collection":[{"href":"https:\/\/neurovirtual.com\/br\/wp-json\/wp\/v2\/posts"}],"about":[{"href":"https:\/\/neurovirtual.com\/br\/wp-json\/wp\/v2\/types\/post"}],"author":[{"embeddable":true,"href":"https:\/\/neurovirtual.com\/br\/wp-json\/wp\/v2\/users\/6"}],"replies":[{"embeddable":true,"href":"https:\/\/neurovirtual.com\/br\/wp-json\/wp\/v2\/comments?post=793433"}],"version-history":[{"count":6,"href":"https:\/\/neurovirtual.com\/br\/wp-json\/wp\/v2\/posts\/793433\/revisions"}],"predecessor-version":[{"id":793446,"href":"https:\/\/neurovirtual.com\/br\/wp-json\/wp\/v2\/posts\/793433\/revisions\/793446"}],"wp:featuredmedia":[{"embeddable":true,"href":"https:\/\/neurovirtual.com\/br\/wp-json\/wp\/v2\/media\/793434"}],"wp:attachment":[{"href":"https:\/\/neurovirtual.com\/br\/wp-json\/wp\/v2\/media?parent=793433"}],"wp:term":[{"taxonomy":"category","embeddable":true,"href":"https:\/\/neurovirtual.com\/br\/wp-json\/wp\/v2\/categories?post=793433"},{"taxonomy":"post_tag","embeddable":true,"href":"https:\/\/neurovirtual.com\/br\/wp-json\/wp\/v2\/tags?post=793433"}],"curies":[{"name":"wp","href":"https:\/\/api.w.org\/{rel}","templated":true}]}}