{"id":793351,"date":"2018-09-29T12:38:38","date_gmt":"2018-09-29T15:38:38","guid":{"rendered":"https:\/\/neurovirtual.com\/br\/?p=793351"},"modified":"2024-03-07T12:09:31","modified_gmt":"2024-03-07T15:09:31","slug":"x-congresso-latinoamericano-de-epilepsia","status":"publish","type":"post","link":"https:\/\/neurovirtual.com\/br\/x-congresso-latinoamericano-de-epilepsia\/","title":{"rendered":"X Congresso Latino-americano de Epilepsia"},"content":{"rendered":"<p><a href=\"https:\/\/neurovirtual.com\/br\/wp-content\/uploads\/2018\/11\/capa.png\"><img decoding=\"async\" class=\"aligncenter size-large wp-image-793352\" src=\"https:\/\/neurovirtual.com\/br\/wp-content\/uploads\/2018\/11\/capa-1024x254.png\" alt=\"capa\" width=\"1024\" height=\"254\" srcset=\"https:\/\/neurovirtual.com\/br\/wp-content\/uploads\/2018\/11\/capa-1024x254.png 1024w, https:\/\/neurovirtual.com\/br\/wp-content\/uploads\/2018\/11\/capa-300x74.png 300w, https:\/\/neurovirtual.com\/br\/wp-content\/uploads\/2018\/11\/capa-1008x250.png 1008w, https:\/\/neurovirtual.com\/br\/wp-content\/uploads\/2018\/11\/capa-460x114.png 460w, https:\/\/neurovirtual.com\/br\/wp-content\/uploads\/2018\/11\/capa.png 1500w\" sizes=\"(max-width: 1024px) 100vw, 1024px\" \/><\/a><\/p>\n<p>O X Congresso Latino-americano de Epilepsia teve lugar em S\u00e3o Jos\u00e9, Costa Rica entre os dias 29 de setembro e 2 de outubro de 2018. Essa reuni\u00e3o organizada a cada dois anos \u00e9 uma colabora\u00e7\u00e3o conjunta do Bureau Internacional para a Epilepsia (IBE) e a Liga Internacional contra a Epilepsia (ILAE), em associa\u00e7\u00e3o com o Cap\u00edtulo IBE na Costa Rica, o Cap\u00edtulo Costarriquense da Liga Internacional contra a Epilepsia e o Cap\u00edtulo Mexicano da Liga Internacional contra a Epilepsia (CAMELICE), a qual ofereceu uma oportunidade \u00fanica de se reunir com os experts no campo da epilepsia. Este evento reuniu mais de 500 especialistas nas \u00e1reas de neurologia e epilepsia, locais, nacionais e internacionais.<\/p>\n<p><a href=\"https:\/\/neurovirtual.com\/br\/wp-content\/uploads\/2018\/11\/11.jpg\"><img decoding=\"async\" class=\"aligncenter size-medium wp-image-793353\" src=\"https:\/\/neurovirtual.com\/br\/wp-content\/uploads\/2018\/11\/11-300x225.jpg\" alt=\"1\" width=\"300\" height=\"225\" srcset=\"https:\/\/neurovirtual.com\/br\/wp-content\/uploads\/2018\/11\/11-300x225.jpg 300w, https:\/\/neurovirtual.com\/br\/wp-content\/uploads\/2018\/11\/11-1024x768.jpg 1024w, https:\/\/neurovirtual.com\/br\/wp-content\/uploads\/2018\/11\/11-333x250.jpg 333w, https:\/\/neurovirtual.com\/br\/wp-content\/uploads\/2018\/11\/11-453x340.jpg 453w, https:\/\/neurovirtual.com\/br\/wp-content\/uploads\/2018\/11\/11.jpg 1920w\" sizes=\"(max-width: 300px) 100vw, 300px\" \/><\/a><\/p>\n<p>Um dos temas tratados no evento foi a diferen\u00e7a dos quadros cl\u00ednicos que se apresentam sem causa aparente em pessoas com convuls\u00f5es repetitivas, configurando um quadro de epilepsia, tendo a necessidade de realizar v\u00e1rios estudos para resolver inc\u00f3gnitas, e utilizando, como ferramenta de apoio, tecnologia de qualidade.<\/p>\n<p>A Neurovirtual se destacou no evento por alcan\u00e7ar um reconhecimento mundial frente a outras marcas, mostrando tecnologia de ponta com equipamentos <a href=\"https:\/\/neurovirtual.com\/br\/equipamento\/bwmini-eeg\/\">BWMini EEG<\/a> e <a href=\"https:\/\/neurovirtual.com\/br\/equipamento\/bw-iii-plus\/\">BWIII EEG Plus,<\/a> equipamentos desenhados para o diagn\u00f3stico de diversas patologias neurol\u00f3gicas; ressaltando um <em>software<\/em> \u00fanico, pr\u00f3prio da marca e de f\u00e1cil manejo para os clientes.<\/p>\n<p><a href=\"https:\/\/neurovirtual.com\/br\/wp-content\/uploads\/2018\/11\/2.jpg\"><img decoding=\"async\" class=\"aligncenter size-medium wp-image-793354\" src=\"https:\/\/neurovirtual.com\/br\/wp-content\/uploads\/2018\/11\/2-300x225.jpg\" alt=\"2\" width=\"300\" height=\"225\" srcset=\"https:\/\/neurovirtual.com\/br\/wp-content\/uploads\/2018\/11\/2-300x225.jpg 300w, https:\/\/neurovirtual.com\/br\/wp-content\/uploads\/2018\/11\/2-1024x768.jpg 1024w, https:\/\/neurovirtual.com\/br\/wp-content\/uploads\/2018\/11\/2-333x250.jpg 333w, https:\/\/neurovirtual.com\/br\/wp-content\/uploads\/2018\/11\/2-453x340.jpg 453w, https:\/\/neurovirtual.com\/br\/wp-content\/uploads\/2018\/11\/2.jpg 1920w\" sizes=\"(max-width: 300px) 100vw, 300px\" \/><\/a><\/p>\n<p>Contando com o apoio da Dra. Elza M\u00e1rcia Yacubian, reconhecida epilept\u00f3loga de S\u00e3o Paulo, Brasil, que atenciosamente presenteou seu livro, escrito em conjunto com a Dra. Loreto R\u00edos Pohl, a v\u00e1rios assistentes do evento \u201cO ABC de um registro eletroencefalogr\u00e1fico&#8221;.<\/p>\n<p><a href=\"https:\/\/neurovirtual.com\/br\/wp-content\/uploads\/2018\/11\/31.jpg\"><img decoding=\"async\" class=\"aligncenter size-medium wp-image-793356\" src=\"https:\/\/neurovirtual.com\/br\/wp-content\/uploads\/2018\/11\/31-300x225.jpg\" alt=\"3\" width=\"300\" height=\"225\" srcset=\"https:\/\/neurovirtual.com\/br\/wp-content\/uploads\/2018\/11\/31-300x225.jpg 300w, https:\/\/neurovirtual.com\/br\/wp-content\/uploads\/2018\/11\/31-1024x768.jpg 1024w, https:\/\/neurovirtual.com\/br\/wp-content\/uploads\/2018\/11\/31-333x250.jpg 333w, https:\/\/neurovirtual.com\/br\/wp-content\/uploads\/2018\/11\/31-453x340.jpg 453w, https:\/\/neurovirtual.com\/br\/wp-content\/uploads\/2018\/11\/31.jpg 1920w\" sizes=\"(max-width: 300px) 100vw, 300px\" \/><\/a><\/p>\n","protected":false},"excerpt":{"rendered":"<p>O X Congresso Latino-americano de Epilepsia teve lugar em S\u00e3o Jos\u00e9, Costa Rica entre os dias 29 de setembro e 2 de outubro de 2018. Essa reuni\u00e3o organizada a cada dois anos \u00e9 uma colabora\u00e7\u00e3o conjunta do Bureau Internacional para a Epilepsia (IBE) e a Liga Internacional contra a Epilepsia (ILAE), em associa\u00e7\u00e3o com o&#8230;<\/p>\n","protected":false},"author":6,"featured_media":816016,"comment_status":"open","ping_status":"open","sticky":false,"template":"","format":"standard","meta":{"_acf_changed":false,"_joinchat":[],"footnotes":""},"categories":[15,20],"tags":[],"acf":[],"_links":{"self":[{"href":"https:\/\/neurovirtual.com\/br\/wp-json\/wp\/v2\/posts\/793351"}],"collection":[{"href":"https:\/\/neurovirtual.com\/br\/wp-json\/wp\/v2\/posts"}],"about":[{"href":"https:\/\/neurovirtual.com\/br\/wp-json\/wp\/v2\/types\/post"}],"author":[{"embeddable":true,"href":"https:\/\/neurovirtual.com\/br\/wp-json\/wp\/v2\/users\/6"}],"replies":[{"embeddable":true,"href":"https:\/\/neurovirtual.com\/br\/wp-json\/wp\/v2\/comments?post=793351"}],"version-history":[{"count":7,"href":"https:\/\/neurovirtual.com\/br\/wp-json\/wp\/v2\/posts\/793351\/revisions"}],"predecessor-version":[{"id":797125,"href":"https:\/\/neurovirtual.com\/br\/wp-json\/wp\/v2\/posts\/793351\/revisions\/797125"}],"wp:featuredmedia":[{"embeddable":true,"href":"https:\/\/neurovirtual.com\/br\/wp-json\/wp\/v2\/media\/816016"}],"wp:attachment":[{"href":"https:\/\/neurovirtual.com\/br\/wp-json\/wp\/v2\/media?parent=793351"}],"wp:term":[{"taxonomy":"category","embeddable":true,"href":"https:\/\/neurovirtual.com\/br\/wp-json\/wp\/v2\/categories?post=793351"},{"taxonomy":"post_tag","embeddable":true,"href":"https:\/\/neurovirtual.com\/br\/wp-json\/wp\/v2\/tags?post=793351"}],"curies":[{"name":"wp","href":"https:\/\/api.w.org\/{rel}","templated":true}]}}