{"id":793259,"date":"2018-10-14T20:49:36","date_gmt":"2018-10-14T23:49:36","guid":{"rendered":"https:\/\/neurovirtual.com\/br\/?p=793259"},"modified":"2018-11-20T21:01:08","modified_gmt":"2018-11-20T23:01:08","slug":"xxviii-congresso-brasileiro-de-neurologia-conhecimento-dinamismo-e-interatividade","status":"publish","type":"post","link":"https:\/\/neurovirtual.com\/br\/xxviii-congresso-brasileiro-de-neurologia-conhecimento-dinamismo-e-interatividade\/","title":{"rendered":"XXVIII Congresso Brasileiro de Neurologia: conhecimento, dinamismo e interatividade"},"content":{"rendered":"<p><a href=\"https:\/\/neurovirtual.com\/br\/wp-content\/uploads\/2018\/11\/lg_neurologia2018.png\"><img decoding=\"async\" class=\"aligncenter size-full wp-image-793262\" src=\"https:\/\/neurovirtual.com\/br\/wp-content\/uploads\/2018\/11\/lg_neurologia2018.png\" alt=\"lg_neurologia2018\" width=\"912\" height=\"189\" srcset=\"https:\/\/neurovirtual.com\/br\/wp-content\/uploads\/2018\/11\/lg_neurologia2018.png 912w, https:\/\/neurovirtual.com\/br\/wp-content\/uploads\/2018\/11\/lg_neurologia2018-300x62.png 300w, https:\/\/neurovirtual.com\/br\/wp-content\/uploads\/2018\/11\/lg_neurologia2018-460x95.png 460w\" sizes=\"(max-width: 912px) 100vw, 912px\" \/><\/a><\/p>\n<p>Entre os dias 11 e 14 de outubro aconteceu o XXVIII Congresso Brasileiro de Neurologia, na cidade de S\u00e3o Paulo (Brasil), com a presen\u00e7a de cerca de 4500 pessoas, entre estudantes e profissionais da neurologia, neuropediatria, neurofisiologia, entre outros. A edi\u00e7\u00e3o desse ano aconteceu em conjunto com o Congresso Panamericano de Neurologia e o Congresso Mundial de Neurologia Tropical, que foram organizados pela Academia Brasileira de Neurologia e a World Federation of Neurology (Federa\u00e7\u00e3o Mundial de Neurologia).<\/p>\n<p><a href=\"https:\/\/neurovirtual.com\/br\/wp-content\/uploads\/2018\/11\/2.png\"><img decoding=\"async\" class=\"aligncenter size-medium wp-image-793264\" src=\"https:\/\/neurovirtual.com\/br\/wp-content\/uploads\/2018\/11\/2-300x225.png\" alt=\"2\" width=\"300\" height=\"225\" srcset=\"https:\/\/neurovirtual.com\/br\/wp-content\/uploads\/2018\/11\/2-300x225.png 300w, https:\/\/neurovirtual.com\/br\/wp-content\/uploads\/2018\/11\/2-1024x768.png 1024w, https:\/\/neurovirtual.com\/br\/wp-content\/uploads\/2018\/11\/2-333x250.png 333w, https:\/\/neurovirtual.com\/br\/wp-content\/uploads\/2018\/11\/2-453x340.png 453w, https:\/\/neurovirtual.com\/br\/wp-content\/uploads\/2018\/11\/2.png 1600w\" sizes=\"(max-width: 300px) 100vw, 300px\" \/><\/a><\/p>\n<p>O congresso teve atividades que enfatizaram o conhecimento pr\u00e1tico, sua aplica\u00e7\u00e3o no cotidiano, estudos de casos, imagens e v\u00eddeos conduzidos por especialistas, assim como debates de temas de grande controv\u00e9rsia na \u00e1rea de neurologia. O congresso teve a participa\u00e7\u00e3o do Dr.\u00a0Raimundo Nonato Delgado Rodrigues, Professor Adjunto\u00a0na Universidade de Bras\u00edlia (UNB) que apresentou a palestra <strong><em>\u201c<\/em><\/strong><strong><em>Comportamentos anormais durante sono REM e N\u00e3o-REM: cl\u00ednica e polissonografia<\/em><\/strong><strong><em>\u00a0<\/em><\/strong><em>\u201d <\/em>no dia 13.<\/p>\n<p><a href=\"https:\/\/neurovirtual.com\/br\/wp-content\/uploads\/2018\/11\/1.jpg\"><img decoding=\"async\" class=\"aligncenter size-medium wp-image-793263\" src=\"https:\/\/neurovirtual.com\/br\/wp-content\/uploads\/2018\/11\/1-300x225.jpg\" alt=\"1\" width=\"300\" height=\"225\" srcset=\"https:\/\/neurovirtual.com\/br\/wp-content\/uploads\/2018\/11\/1-300x225.jpg 300w, https:\/\/neurovirtual.com\/br\/wp-content\/uploads\/2018\/11\/1-1024x768.jpg 1024w, https:\/\/neurovirtual.com\/br\/wp-content\/uploads\/2018\/11\/1-333x250.jpg 333w, https:\/\/neurovirtual.com\/br\/wp-content\/uploads\/2018\/11\/1-453x340.jpg 453w, https:\/\/neurovirtual.com\/br\/wp-content\/uploads\/2018\/11\/1.jpg 1600w\" sizes=\"(max-width: 300px) 100vw, 300px\" \/><\/a><\/p>\n<p>A Neurovirtual esteve presente no XXVIII Congresso Brasileiro de Neurologia e apresentou seus principais equipamentos, como BWIII EEG, BWIII EEG PLUS, BWMini EEG e BWIII EEG ICU\/LTM. Destacamos o equipamento BWIII EEG ICU\/LTM, que realiza a personaliza\u00e7\u00e3o de protocolos para a UTI neuro, NICU, Stroke e Trauma de UTI ou v\u00eddeo EEG\/LTM. Al\u00e9m disso, o BWIII EEG ICU\/LTM faz o armazenamento de dados EEG em m\u00faltiplos dispositivos e edi\u00e7\u00e3o do v\u00eddeo EEG antes do grampeamento.<\/p>\n<p><a href=\"https:\/\/neurovirtual.com\/br\/wp-content\/uploads\/2018\/11\/3.jpg\"><img decoding=\"async\" class=\"aligncenter size-medium wp-image-793265\" src=\"https:\/\/neurovirtual.com\/br\/wp-content\/uploads\/2018\/11\/3-300x232.jpg\" alt=\"3\" width=\"300\" height=\"232\" srcset=\"https:\/\/neurovirtual.com\/br\/wp-content\/uploads\/2018\/11\/3-300x232.jpg 300w, https:\/\/neurovirtual.com\/br\/wp-content\/uploads\/2018\/11\/3-1024x790.jpg 1024w, https:\/\/neurovirtual.com\/br\/wp-content\/uploads\/2018\/11\/3-324x250.jpg 324w, https:\/\/neurovirtual.com\/br\/wp-content\/uploads\/2018\/11\/3-441x340.jpg 441w, https:\/\/neurovirtual.com\/br\/wp-content\/uploads\/2018\/11\/3.jpg 1384w\" sizes=\"(max-width: 300px) 100vw, 300px\" \/><\/a><\/p>\n","protected":false},"excerpt":{"rendered":"<p>Entre os dias 11 e 14 de outubro aconteceu o XXVIII Congresso Brasileiro de Neurologia, na cidade de S\u00e3o Paulo (Brasil), com a presen\u00e7a de cerca de 4500 pessoas, entre estudantes e profissionais da neurologia, neuropediatria, neurofisiologia, entre outros. A edi\u00e7\u00e3o desse ano aconteceu em conjunto com o Congresso Panamericano de Neurologia e o Congresso&#8230;<\/p>\n","protected":false},"author":6,"featured_media":793260,"comment_status":"open","ping_status":"open","sticky":false,"template":"","format":"standard","meta":{"_acf_changed":false,"_joinchat":[],"footnotes":""},"categories":[15,16],"tags":[],"acf":[],"_links":{"self":[{"href":"https:\/\/neurovirtual.com\/br\/wp-json\/wp\/v2\/posts\/793259"}],"collection":[{"href":"https:\/\/neurovirtual.com\/br\/wp-json\/wp\/v2\/posts"}],"about":[{"href":"https:\/\/neurovirtual.com\/br\/wp-json\/wp\/v2\/types\/post"}],"author":[{"embeddable":true,"href":"https:\/\/neurovirtual.com\/br\/wp-json\/wp\/v2\/users\/6"}],"replies":[{"embeddable":true,"href":"https:\/\/neurovirtual.com\/br\/wp-json\/wp\/v2\/comments?post=793259"}],"version-history":[{"count":2,"href":"https:\/\/neurovirtual.com\/br\/wp-json\/wp\/v2\/posts\/793259\/revisions"}],"predecessor-version":[{"id":793267,"href":"https:\/\/neurovirtual.com\/br\/wp-json\/wp\/v2\/posts\/793259\/revisions\/793267"}],"wp:featuredmedia":[{"embeddable":true,"href":"https:\/\/neurovirtual.com\/br\/wp-json\/wp\/v2\/media\/793260"}],"wp:attachment":[{"href":"https:\/\/neurovirtual.com\/br\/wp-json\/wp\/v2\/media?parent=793259"}],"wp:term":[{"taxonomy":"category","embeddable":true,"href":"https:\/\/neurovirtual.com\/br\/wp-json\/wp\/v2\/categories?post=793259"},{"taxonomy":"post_tag","embeddable":true,"href":"https:\/\/neurovirtual.com\/br\/wp-json\/wp\/v2\/tags?post=793259"}],"curies":[{"name":"wp","href":"https:\/\/api.w.org\/{rel}","templated":true}]}}