{"id":791773,"date":"2018-09-15T11:42:05","date_gmt":"2018-09-15T14:42:05","guid":{"rendered":"https:\/\/neurovirtual.com\/br\/?p=791773"},"modified":"2018-10-23T11:46:45","modified_gmt":"2018-10-23T14:46:45","slug":"ii-jornada-de-atualizacao-na-neuropediatria-neurodesenvolvimento-e-neuropsicologia","status":"publish","type":"post","link":"https:\/\/neurovirtual.com\/br\/ii-jornada-de-atualizacao-na-neuropediatria-neurodesenvolvimento-e-neuropsicologia\/","title":{"rendered":"II Jornada de Atualiza\u00e7\u00e3o na Neuropediatria, Neurodesenvolvimento e Neuropsicologia"},"content":{"rendered":"<p>Entre os dias 13 e 15 de setembro aconteceu, no Equador, a II Jornada de Atualiza\u00e7\u00e3o na Neuropediatria, Neurodesenvolvimento e Neuropsicologia, que reuniu cerca de 200 especialistas nacionais e internacionais. O evento, que contou com 16 palestrantes, buscou trazer solu\u00e7\u00f5es para problemas neurol\u00f3gicos na detec\u00e7\u00e3o de anomalias relacionadas \u00e0 atividade el\u00e9trica do c\u00e9rebro.<\/p>\n<p><a href=\"https:\/\/neurovirtual.com\/br\/wp-content\/uploads\/2018\/09\/img-3.jpg\"><img decoding=\"async\" class=\"aligncenter size-medium wp-image-791778\" src=\"https:\/\/neurovirtual.com\/br\/wp-content\/uploads\/2018\/09\/img-3-300x191.jpg\" alt=\"img 3\" width=\"300\" height=\"191\" srcset=\"https:\/\/neurovirtual.com\/br\/wp-content\/uploads\/2018\/09\/img-3-300x191.jpg 300w, https:\/\/neurovirtual.com\/br\/wp-content\/uploads\/2018\/09\/img-3-1024x653.jpg 1024w, https:\/\/neurovirtual.com\/br\/wp-content\/uploads\/2018\/09\/img-3-392x250.jpg 392w, https:\/\/neurovirtual.com\/br\/wp-content\/uploads\/2018\/09\/img-3-460x293.jpg 460w, https:\/\/neurovirtual.com\/br\/wp-content\/uploads\/2018\/09\/img-3.jpg 1920w\" sizes=\"(max-width: 300px) 100vw, 300px\" \/><\/a><\/p>\n<p>A Neurovirtual teve o privil\u00e9gio de participar da jornada de atualiza\u00e7\u00e3o e se destacou por oferecer um workshop pr\u00e9-congresso, que teve a participa\u00e7\u00e3o de todos os congressistas. A Neurovirtual apresentou equipamentos de qualidade e com tecnologia de ponta, como o <a href=\"https:\/\/neurovirtual.com\/br\/equipamento\/bwmini-eeg\/\">BWMini EEG<\/a> e <a href=\"https:\/\/neurovirtual.com\/br\/equipamento\/bwiii-eeg-2\/\">BWIII EEG<\/a>. Al\u00e9m disso, o grande destaque foi a apresenta\u00e7\u00e3o do software \u00fanico e f\u00e1cil de usar.<\/p>\n<p><a href=\"https:\/\/neurovirtual.com\/br\/wp-content\/uploads\/2018\/09\/img-2.jpg\"><img decoding=\"async\" class=\"aligncenter size-medium wp-image-791776\" src=\"https:\/\/neurovirtual.com\/br\/wp-content\/uploads\/2018\/09\/img-2-300x258.jpg\" alt=\"img 2\" width=\"300\" height=\"258\" srcset=\"https:\/\/neurovirtual.com\/br\/wp-content\/uploads\/2018\/09\/img-2-300x258.jpg 300w, https:\/\/neurovirtual.com\/br\/wp-content\/uploads\/2018\/09\/img-2-291x250.jpg 291w, https:\/\/neurovirtual.com\/br\/wp-content\/uploads\/2018\/09\/img-2-396x340.jpg 396w, https:\/\/neurovirtual.com\/br\/wp-content\/uploads\/2018\/09\/img-2.jpg 438w\" sizes=\"(max-width: 300px) 100vw, 300px\" \/><\/a><\/p>\n","protected":false},"excerpt":{"rendered":"<p>Entre os dias 13 e 15 de setembro aconteceu, no Equador, a II Jornada de Atualiza\u00e7\u00e3o na Neuropediatria, Neurodesenvolvimento e Neuropsicologia, que reuniu cerca de 200 especialistas nacionais e internacionais. O evento, que contou com 16 palestrantes, buscou trazer solu\u00e7\u00f5es para problemas neurol\u00f3gicos na detec\u00e7\u00e3o de anomalias relacionadas \u00e0 atividade el\u00e9trica do c\u00e9rebro. A Neurovirtual&#8230;<\/p>\n","protected":false},"author":6,"featured_media":791774,"comment_status":"open","ping_status":"open","sticky":false,"template":"","format":"standard","meta":{"_acf_changed":false,"_joinchat":[],"footnotes":""},"categories":[15,20],"tags":[],"acf":[],"_links":{"self":[{"href":"https:\/\/neurovirtual.com\/br\/wp-json\/wp\/v2\/posts\/791773"}],"collection":[{"href":"https:\/\/neurovirtual.com\/br\/wp-json\/wp\/v2\/posts"}],"about":[{"href":"https:\/\/neurovirtual.com\/br\/wp-json\/wp\/v2\/types\/post"}],"author":[{"embeddable":true,"href":"https:\/\/neurovirtual.com\/br\/wp-json\/wp\/v2\/users\/6"}],"replies":[{"embeddable":true,"href":"https:\/\/neurovirtual.com\/br\/wp-json\/wp\/v2\/comments?post=791773"}],"version-history":[{"count":3,"href":"https:\/\/neurovirtual.com\/br\/wp-json\/wp\/v2\/posts\/791773\/revisions"}],"predecessor-version":[{"id":791779,"href":"https:\/\/neurovirtual.com\/br\/wp-json\/wp\/v2\/posts\/791773\/revisions\/791779"}],"wp:featuredmedia":[{"embeddable":true,"href":"https:\/\/neurovirtual.com\/br\/wp-json\/wp\/v2\/media\/791774"}],"wp:attachment":[{"href":"https:\/\/neurovirtual.com\/br\/wp-json\/wp\/v2\/media?parent=791773"}],"wp:term":[{"taxonomy":"category","embeddable":true,"href":"https:\/\/neurovirtual.com\/br\/wp-json\/wp\/v2\/categories?post=791773"},{"taxonomy":"post_tag","embeddable":true,"href":"https:\/\/neurovirtual.com\/br\/wp-json\/wp\/v2\/tags?post=791773"}],"curies":[{"name":"wp","href":"https:\/\/api.w.org\/{rel}","templated":true}]}}