{"id":791765,"date":"2018-09-22T11:15:59","date_gmt":"2018-09-22T14:15:59","guid":{"rendered":"https:\/\/neurovirtual.com\/br\/?p=791765"},"modified":"2023-01-06T18:48:15","modified_gmt":"2023-01-06T21:48:15","slug":"xiii-congresso-colombiano-da-medicina-do-sono","status":"publish","type":"post","link":"https:\/\/neurovirtual.com\/br\/xiii-congresso-colombiano-da-medicina-do-sono\/","title":{"rendered":"XIII Congresso Colombiano da Medicina do Sono"},"content":{"rendered":"\n<p>O congresso aconteceu em Barranquilla (Col\u00f4mbia) entre os dias 19 e 22 de setembro e reuniu cerca de 300 especialistas nacionais e internacionais. O XIII Congresso Colombiano de Medicina do Sono teve a participa\u00e7\u00e3o de 41 palestrantes de v\u00e1rias partes do mundo.<\/p>\n\n\n\n<p>O equil\u00edbrio entre a vida e a ci\u00eancia foi tema da palestra <em>\u201cPresente e Futuro da Medicina do Sono no Mundo\u201d<\/em>, ministrada pelo Dr. Christian Guilleminault, m\u00e9dico e pesquisador reconhecido por sua descoberta precoce da apneia obstrutiva do sono em 1972, na Universidade de Stanford. Os participantes mostraram-se bastante interessados pelo tema, pois ao longo da palestra, foi demonstrado que \u00e9 poss\u00edvel resolver qualquer inc\u00f3gnita e desenvolver uma solu\u00e7\u00e3o assertiva para o problema encontrado.<\/p>\n\n\n\n<p>A Neurovirtual participou do evento e apresentou equipamentos avan\u00e7ados como o <a href=\"https:\/\/neurovirtual.com\/br\/equipamento\/bwiii-psg\/\">BWIII PSG<\/a> e o <a href=\"https:\/\/neurovirtual.com\/br\/equipamento\/bw-mini-psg-hst\/\">BWMini PSG<\/a>, demonstrando mais uma vez sua lideran\u00e7a em qualidade e tecnologia de ponta, contando com um software \u00fanico e de f\u00e1cil utiliza\u00e7\u00e3o.<\/p>\n\n\n\n<div class=\"wp-block-image\"><figure class=\"aligncenter\"><a href=\"https:\/\/neurovirtual.com\/br\/wp-content\/uploads\/2018\/09\/img-1.png\"><img decoding=\"async\" width=\"300\" height=\"240\" src=\"https:\/\/neurovirtual.com\/br\/wp-content\/uploads\/2018\/09\/img-1-300x240.png\" alt=\"img 1\" class=\"wp-image-791771\" srcset=\"https:\/\/neurovirtual.com\/br\/wp-content\/uploads\/2018\/09\/img-1-300x240.png 300w, https:\/\/neurovirtual.com\/br\/wp-content\/uploads\/2018\/09\/img-1-1024x821.png 1024w, https:\/\/neurovirtual.com\/br\/wp-content\/uploads\/2018\/09\/img-1-312x250.png 312w, https:\/\/neurovirtual.com\/br\/wp-content\/uploads\/2018\/09\/img-1-424x340.png 424w, https:\/\/neurovirtual.com\/br\/wp-content\/uploads\/2018\/09\/img-1.png 1920w\" sizes=\"(max-width: 300px) 100vw, 300px\" \/><\/a><\/figure><\/div>\n","protected":false},"excerpt":{"rendered":"<p>O congresso aconteceu em Barranquilla (Col\u00f4mbia) entre os dias 19 e 22 de setembro e reuniu cerca de 300 especialistas nacionais e internacionais. O XIII Congresso Colombiano de Medicina do Sono teve a participa\u00e7\u00e3o de 41 palestrantes de v\u00e1rias partes do mundo. O equil\u00edbrio entre a vida e a ci\u00eancia foi tema da palestra \u201cPresente&#8230;<\/p>\n","protected":false},"author":6,"featured_media":815360,"comment_status":"open","ping_status":"open","sticky":false,"template":"","format":"standard","meta":{"_acf_changed":false,"_joinchat":[],"footnotes":""},"categories":[15,20],"tags":[],"acf":[],"_links":{"self":[{"href":"https:\/\/neurovirtual.com\/br\/wp-json\/wp\/v2\/posts\/791765"}],"collection":[{"href":"https:\/\/neurovirtual.com\/br\/wp-json\/wp\/v2\/posts"}],"about":[{"href":"https:\/\/neurovirtual.com\/br\/wp-json\/wp\/v2\/types\/post"}],"author":[{"embeddable":true,"href":"https:\/\/neurovirtual.com\/br\/wp-json\/wp\/v2\/users\/6"}],"replies":[{"embeddable":true,"href":"https:\/\/neurovirtual.com\/br\/wp-json\/wp\/v2\/comments?post=791765"}],"version-history":[{"count":4,"href":"https:\/\/neurovirtual.com\/br\/wp-json\/wp\/v2\/posts\/791765\/revisions"}],"predecessor-version":[{"id":815361,"href":"https:\/\/neurovirtual.com\/br\/wp-json\/wp\/v2\/posts\/791765\/revisions\/815361"}],"wp:featuredmedia":[{"embeddable":true,"href":"https:\/\/neurovirtual.com\/br\/wp-json\/wp\/v2\/media\/815360"}],"wp:attachment":[{"href":"https:\/\/neurovirtual.com\/br\/wp-json\/wp\/v2\/media?parent=791765"}],"wp:term":[{"taxonomy":"category","embeddable":true,"href":"https:\/\/neurovirtual.com\/br\/wp-json\/wp\/v2\/categories?post=791765"},{"taxonomy":"post_tag","embeddable":true,"href":"https:\/\/neurovirtual.com\/br\/wp-json\/wp\/v2\/tags?post=791765"}],"curies":[{"name":"wp","href":"https:\/\/api.w.org\/{rel}","templated":true}]}}