{"id":790835,"date":"2018-09-01T14:57:22","date_gmt":"2018-09-01T17:57:22","guid":{"rendered":"https:\/\/neurovirtual.com\/br\/?p=790835"},"modified":"2024-03-07T12:10:13","modified_gmt":"2024-03-07T15:10:13","slug":"estado-da-cirurgia-de-epilepsia-no-mexico-e-na-america-latina","status":"publish","type":"post","link":"https:\/\/neurovirtual.com\/br\/estado-da-cirurgia-de-epilepsia-no-mexico-e-na-america-latina\/","title":{"rendered":"Estado da Cirurgia de Epilepsia no M\u00e9xico e na Am\u00e9rica Latina"},"content":{"rendered":"<p><a href=\"https:\/\/neurovirtual.com\/br\/wp-content\/uploads\/2018\/09\/capa.png\"><img decoding=\"async\" class=\"aligncenter size-full wp-image-790843\" src=\"https:\/\/neurovirtual.com\/br\/wp-content\/uploads\/2018\/09\/capa.png\" alt=\"capa\" width=\"1000\" height=\"269\" srcset=\"https:\/\/neurovirtual.com\/br\/wp-content\/uploads\/2018\/09\/capa.png 1000w, https:\/\/neurovirtual.com\/br\/wp-content\/uploads\/2018\/09\/capa-300x81.png 300w, https:\/\/neurovirtual.com\/br\/wp-content\/uploads\/2018\/09\/capa-929x250.png 929w, https:\/\/neurovirtual.com\/br\/wp-content\/uploads\/2018\/09\/capa-460x124.png 460w\" sizes=\"(max-width: 1000px) 100vw, 1000px\" \/><\/a><\/p>\n<p>Entre os dias 31 de agosto e 1 de setembro, aconteceu em Michoacana (M\u00e9xico) a &#8220;Reuni\u00e3o Conjunta da Se\u00e7\u00e3o de Cirurgia Funcional e Estereotaxia e da Se\u00e7\u00e3o de Cirurgia de Epilepsia&#8221;, que teve como lema\u00a0&#8220;Estado da Cirurgia de Epilepsia no M\u00e9xico e na Am\u00e9rica Latina&#8221;. Cerca de 30 especialistas participaram do evento, que teve o apoio da Sociedade Mexicana de Cirurgia Neurol\u00f3gica, da Sociedade de Cirurgia Neurol\u00f3gica do Ocidente e da Associa\u00e7\u00e3o Michoacana de Neuroci\u00eancias.<\/p>\n<p><a href=\"https:\/\/neurovirtual.com\/br\/wp-content\/uploads\/2018\/09\/image1.png\"><img decoding=\"async\" class=\"aligncenter size-medium wp-image-790840\" src=\"https:\/\/neurovirtual.com\/br\/wp-content\/uploads\/2018\/09\/image1-300x225.png\" alt=\"image(1)\" width=\"300\" height=\"225\" srcset=\"https:\/\/neurovirtual.com\/br\/wp-content\/uploads\/2018\/09\/image1-300x225.png 300w, https:\/\/neurovirtual.com\/br\/wp-content\/uploads\/2018\/09\/image1-1024x768.png 1024w, https:\/\/neurovirtual.com\/br\/wp-content\/uploads\/2018\/09\/image1-333x250.png 333w, https:\/\/neurovirtual.com\/br\/wp-content\/uploads\/2018\/09\/image1-453x340.png 453w, https:\/\/neurovirtual.com\/br\/wp-content\/uploads\/2018\/09\/image1.png 1284w\" sizes=\"(max-width: 300px) 100vw, 300px\" \/><\/a>Diferentes membros do Cap\u00edtulo Mexicano da Liga Contra a Epilepsia (CAMELICE) marcaram presen\u00e7a e compartilharam sua experi\u00eancia profissional no evento, que debateu a pesquisa e os estudos mais relevantes para o tema da epilepsia.<\/p>\n<p><a href=\"https:\/\/neurovirtual.com\/br\/wp-content\/uploads\/2018\/09\/image5.png\"><img decoding=\"async\" class=\"aligncenter size-medium wp-image-790838\" src=\"https:\/\/neurovirtual.com\/br\/wp-content\/uploads\/2018\/09\/image5-300x141.png\" alt=\"image(5)\" width=\"300\" height=\"141\" srcset=\"https:\/\/neurovirtual.com\/br\/wp-content\/uploads\/2018\/09\/image5-300x141.png 300w, https:\/\/neurovirtual.com\/br\/wp-content\/uploads\/2018\/09\/image5-1024x480.png 1024w, https:\/\/neurovirtual.com\/br\/wp-content\/uploads\/2018\/09\/image5-533x250.png 533w, https:\/\/neurovirtual.com\/br\/wp-content\/uploads\/2018\/09\/image5-460x216.png 460w, https:\/\/neurovirtual.com\/br\/wp-content\/uploads\/2018\/09\/image5.png 1920w\" sizes=\"(max-width: 300px) 100vw, 300px\" \/><\/a><\/p>\n<p>A Neurovirtual participou do evento, com o objetivo de fornecer apoio \u00e0s reuni\u00f5es, que ajudam especialistas a se manterem atualizados.\u00a0O evento foi uma excelente oportunidade para a equipe da Neurovirtual demonstrar aos participantes os equipamentos <a href=\"https:\/\/neurovirtual.com\/br\/equipamento\/bwiii-eeg-plus-icu-monitoracao-eeg\/\"><strong>BWIII EEG Plus ICU Monitoriza\u00e7\u00e3o EEG<\/strong><\/a> e <strong><a href=\"https:\/\/neurovirtual.com\/br\/equipamento\/bwiii-eeg-2\/\">BWIII EEG.<\/a><\/strong> Esses equipamentos foram projetados especificamente para o diagn\u00f3stico de diferentes patologias neurol\u00f3gicas, incluindo epilepsia, e est\u00e3o dispon\u00edveis no mercado da Am\u00e9rica Latina.<\/p>\n<p><a href=\"https:\/\/neurovirtual.com\/br\/wp-content\/uploads\/2018\/09\/image2.png\"><img decoding=\"async\" class=\"aligncenter size-medium wp-image-790841\" src=\"https:\/\/neurovirtual.com\/br\/wp-content\/uploads\/2018\/09\/image2-300x204.png\" alt=\"image(2)\" width=\"300\" height=\"204\" srcset=\"https:\/\/neurovirtual.com\/br\/wp-content\/uploads\/2018\/09\/image2-300x204.png 300w, https:\/\/neurovirtual.com\/br\/wp-content\/uploads\/2018\/09\/image2-1024x698.png 1024w, https:\/\/neurovirtual.com\/br\/wp-content\/uploads\/2018\/09\/image2-367x250.png 367w, https:\/\/neurovirtual.com\/br\/wp-content\/uploads\/2018\/09\/image2-460x313.png 460w, https:\/\/neurovirtual.com\/br\/wp-content\/uploads\/2018\/09\/image2.png 1284w\" sizes=\"(max-width: 300px) 100vw, 300px\" \/><\/a><\/p>\n","protected":false},"excerpt":{"rendered":"<p>Entre os dias 31 de agosto e 1 de setembro, aconteceu em Michoacana (M\u00e9xico) a &#8220;Reuni\u00e3o Conjunta da Se\u00e7\u00e3o de Cirurgia Funcional e Estereotaxia e da Se\u00e7\u00e3o de Cirurgia de Epilepsia&#8221;, que teve como lema\u00a0&#8220;Estado da Cirurgia de Epilepsia no M\u00e9xico e na Am\u00e9rica Latina&#8221;. Cerca de 30 especialistas participaram do evento, que teve o&#8230;<\/p>\n","protected":false},"author":6,"featured_media":816017,"comment_status":"open","ping_status":"open","sticky":false,"template":"","format":"standard","meta":{"_acf_changed":false,"_joinchat":[],"footnotes":""},"categories":[15,20],"tags":[],"acf":[],"_links":{"self":[{"href":"https:\/\/neurovirtual.com\/br\/wp-json\/wp\/v2\/posts\/790835"}],"collection":[{"href":"https:\/\/neurovirtual.com\/br\/wp-json\/wp\/v2\/posts"}],"about":[{"href":"https:\/\/neurovirtual.com\/br\/wp-json\/wp\/v2\/types\/post"}],"author":[{"embeddable":true,"href":"https:\/\/neurovirtual.com\/br\/wp-json\/wp\/v2\/users\/6"}],"replies":[{"embeddable":true,"href":"https:\/\/neurovirtual.com\/br\/wp-json\/wp\/v2\/comments?post=790835"}],"version-history":[{"count":7,"href":"https:\/\/neurovirtual.com\/br\/wp-json\/wp\/v2\/posts\/790835\/revisions"}],"predecessor-version":[{"id":790854,"href":"https:\/\/neurovirtual.com\/br\/wp-json\/wp\/v2\/posts\/790835\/revisions\/790854"}],"wp:featuredmedia":[{"embeddable":true,"href":"https:\/\/neurovirtual.com\/br\/wp-json\/wp\/v2\/media\/816017"}],"wp:attachment":[{"href":"https:\/\/neurovirtual.com\/br\/wp-json\/wp\/v2\/media?parent=790835"}],"wp:term":[{"taxonomy":"category","embeddable":true,"href":"https:\/\/neurovirtual.com\/br\/wp-json\/wp\/v2\/categories?post=790835"},{"taxonomy":"post_tag","embeddable":true,"href":"https:\/\/neurovirtual.com\/br\/wp-json\/wp\/v2\/tags?post=790835"}],"curies":[{"name":"wp","href":"https:\/\/api.w.org\/{rel}","templated":true}]}}