{"id":789561,"date":"2018-08-17T15:39:47","date_gmt":"2018-08-17T18:39:47","guid":{"rendered":"https:\/\/neurovirtual.com\/br\/?p=789561"},"modified":"2018-11-22T19:43:12","modified_gmt":"2018-11-22T21:43:12","slug":"ix-encontro-nacional-de-medicina-do-sono-no-mexico","status":"publish","type":"post","link":"https:\/\/neurovirtual.com\/br\/ix-encontro-nacional-de-medicina-do-sono-no-mexico\/","title":{"rendered":"IX Encontro Nacional de Medicina do Sono no M\u00e9xico"},"content":{"rendered":"<p><a href=\"https:\/\/neurovirtual.com\/br\/wp-content\/uploads\/2018\/09\/ext.jpg\"><img decoding=\"async\" class=\"aligncenter wp-image-789563 size-full\" src=\"https:\/\/neurovirtual.com\/br\/wp-content\/uploads\/2018\/09\/ext.jpg\" alt=\"ext\" width=\"713\" height=\"151\" srcset=\"https:\/\/neurovirtual.com\/br\/wp-content\/uploads\/2018\/09\/ext.jpg 713w, https:\/\/neurovirtual.com\/br\/wp-content\/uploads\/2018\/09\/ext-300x64.jpg 300w, https:\/\/neurovirtual.com\/br\/wp-content\/uploads\/2018\/09\/ext-460x97.jpg 460w\" sizes=\"(max-width: 713px) 100vw, 713px\" \/><\/a><\/p>\n<p>Entre os dias 15 e 17 de agosto aconteceu, no M\u00e9xico, o IX Encontro Nacional de Medicina do Sono. O evento foi realizado no Hotel Fiesta Inn Gran Sur, na Cidade do M\u00e9xico e reuniu cerca de 350 especialistas em medicina do sono, pneumologia, otorrinolaringologia, entre outros profissionais. S\u00e3o parte do conselho diretivo: Dra. Margarita Reyes Z\u00fa\u00f1iga, Dr. Ignacio Dorantes Mancebo, Dra. Yadira Rodr\u00edguez Reyes e Dr. Alejandro Jim\u00e9nez Genchi.<\/p>\n<p><a href=\"https:\/\/neurovirtual.com\/br\/wp-content\/uploads\/2018\/09\/11.png\"><img decoding=\"async\" class=\"aligncenter size-medium wp-image-789564\" src=\"https:\/\/neurovirtual.com\/br\/wp-content\/uploads\/2018\/09\/11-300x180.png\" alt=\"1\" width=\"300\" height=\"180\" srcset=\"https:\/\/neurovirtual.com\/br\/wp-content\/uploads\/2018\/09\/11-300x180.png 300w, https:\/\/neurovirtual.com\/br\/wp-content\/uploads\/2018\/09\/11-1024x615.png 1024w, https:\/\/neurovirtual.com\/br\/wp-content\/uploads\/2018\/09\/11-416x250.png 416w, https:\/\/neurovirtual.com\/br\/wp-content\/uploads\/2018\/09\/11-460x276.png 460w, https:\/\/neurovirtual.com\/br\/wp-content\/uploads\/2018\/09\/11.png 1084w\" sizes=\"(max-width: 300px) 100vw, 300px\" \/><\/a><\/p>\n<p>O encontro teve o apoio do Instituto Nacional de Doen\u00e7as Respirat\u00f3rias \u201cIsmael Cos\u00edo Villegas<strong>\u201d<\/strong> e durante os tr\u00eas dias de encontro, foram abordados temas como: parassonias, dist\u00farbios respirat\u00f3rios em crian\u00e7as, dist\u00farbio comportamental do sono REM, o efeito econ\u00f4mico de dormir mal, apneia central do rec\u00e9m-nascido, entre outros assuntos. Durante o evento, os participantes puderam sanar d\u00favidas com os especialistas de cada \u00e1rea.<\/p>\n<p><img decoding=\"async\" class=\"aligncenter size-medium wp-image-789565\" src=\"https:\/\/neurovirtual.com\/br\/wp-content\/uploads\/2018\/09\/21-300x208.png\" alt=\"2\" width=\"300\" height=\"208\" srcset=\"https:\/\/neurovirtual.com\/br\/wp-content\/uploads\/2018\/09\/21-300x208.png 300w, https:\/\/neurovirtual.com\/br\/wp-content\/uploads\/2018\/09\/21-360x250.png 360w, https:\/\/neurovirtual.com\/br\/wp-content\/uploads\/2018\/09\/21-460x320.png 460w, https:\/\/neurovirtual.com\/br\/wp-content\/uploads\/2018\/09\/21.png 937w\" sizes=\"(max-width: 300px) 100vw, 300px\" \/><\/p>\n<p>A Neurovirtual-Sleepvirtual teve a oportunidade de participar pela primeira vez desse encontro e apresentou ao p\u00fablico os equipamentos <a href=\"https:\/\/neurovirtual.com\/br\/equipamento\/bwiii-psg\/\">BWIII PSG<\/a> e <a href=\"https:\/\/neurovirtual.com\/br\/equipamento\/bw-mini-psg-hst\/\">BWMini HST\/PSG. <\/a><a href=\"https:\/\/neurovirtual.com\/br\/equipamento\/bwiii-psg\/\">O BWIII PSG <\/a>\u00e9 o equipamento perfeito para a realiza\u00e7\u00e3o de Polissonografia m\u00f3veis ou fixas, pois \u00e9 extremamente leve e compacto. Al\u00e9m disso, permite que o t\u00e9cnico verifique o status de imped\u00e2ncia sem precisar de abandonar o paciente. J\u00e1 o <a href=\"https:\/\/neurovirtual.com\/br\/equipamento\/bw-mini-psg-hst\/\">BWMini HST\/PSG <\/a>na fun\u00e7\u00e3o PSG pode realizar exames do Tipo I, II, III e EEG Ambulatorial. Na fun\u00e7\u00e3o HST, realiza exames Tipo III e IV.<\/p>\n<p><a href=\"https:\/\/neurovirtual.com\/br\/wp-content\/uploads\/2018\/08\/3.png\"><img decoding=\"async\" class=\"aligncenter size-medium wp-image-789569\" src=\"https:\/\/neurovirtual.com\/br\/wp-content\/uploads\/2018\/08\/3-300x194.png\" alt=\"3\" width=\"300\" height=\"194\" srcset=\"https:\/\/neurovirtual.com\/br\/wp-content\/uploads\/2018\/08\/3-300x194.png 300w, https:\/\/neurovirtual.com\/br\/wp-content\/uploads\/2018\/08\/3-387x250.png 387w, https:\/\/neurovirtual.com\/br\/wp-content\/uploads\/2018\/08\/3-460x297.png 460w, https:\/\/neurovirtual.com\/br\/wp-content\/uploads\/2018\/08\/3.png 868w\" sizes=\"(max-width: 300px) 100vw, 300px\" \/><\/a><\/p>\n<p>A participa\u00e7\u00e3o da Neurovirtual-Sleepvirtual no evento significou uma grande oportunidade de estar em contato com os profissionais e apresentar as \u00faltimas atualiza\u00e7\u00f5es em solu\u00e7\u00f5es para a Medicina do Sono.<\/p>\n","protected":false},"excerpt":{"rendered":"<p>Entre os dias 15 e 17 de agosto aconteceu, no M\u00e9xico, o IX Encontro Nacional de Medicina do Sono. O evento foi realizado no Hotel Fiesta Inn Gran Sur, na Cidade do M\u00e9xico e reuniu cerca de 350 especialistas em medicina do sono, pneumologia, otorrinolaringologia, entre outros profissionais. S\u00e3o parte do conselho diretivo: Dra. Margarita&#8230;<\/p>\n","protected":false},"author":6,"featured_media":789562,"comment_status":"open","ping_status":"open","sticky":false,"template":"","format":"standard","meta":{"_acf_changed":false,"_joinchat":[],"footnotes":""},"categories":[15,16],"tags":[],"acf":[],"_links":{"self":[{"href":"https:\/\/neurovirtual.com\/br\/wp-json\/wp\/v2\/posts\/789561"}],"collection":[{"href":"https:\/\/neurovirtual.com\/br\/wp-json\/wp\/v2\/posts"}],"about":[{"href":"https:\/\/neurovirtual.com\/br\/wp-json\/wp\/v2\/types\/post"}],"author":[{"embeddable":true,"href":"https:\/\/neurovirtual.com\/br\/wp-json\/wp\/v2\/users\/6"}],"replies":[{"embeddable":true,"href":"https:\/\/neurovirtual.com\/br\/wp-json\/wp\/v2\/comments?post=789561"}],"version-history":[{"count":4,"href":"https:\/\/neurovirtual.com\/br\/wp-json\/wp\/v2\/posts\/789561\/revisions"}],"predecessor-version":[{"id":793418,"href":"https:\/\/neurovirtual.com\/br\/wp-json\/wp\/v2\/posts\/789561\/revisions\/793418"}],"wp:featuredmedia":[{"embeddable":true,"href":"https:\/\/neurovirtual.com\/br\/wp-json\/wp\/v2\/media\/789562"}],"wp:attachment":[{"href":"https:\/\/neurovirtual.com\/br\/wp-json\/wp\/v2\/media?parent=789561"}],"wp:term":[{"taxonomy":"category","embeddable":true,"href":"https:\/\/neurovirtual.com\/br\/wp-json\/wp\/v2\/categories?post=789561"},{"taxonomy":"post_tag","embeddable":true,"href":"https:\/\/neurovirtual.com\/br\/wp-json\/wp\/v2\/tags?post=789561"}],"curies":[{"name":"wp","href":"https:\/\/api.w.org\/{rel}","templated":true}]}}