{"id":789545,"date":"2018-08-03T15:07:05","date_gmt":"2018-08-03T18:07:05","guid":{"rendered":"https:\/\/neurovirtual.com\/br\/?p=789545"},"modified":"2018-10-19T11:55:58","modified_gmt":"2018-10-19T14:55:58","slug":"3o-congresso-internacional-de-neurociencias-pediatricas-no-mexico","status":"publish","type":"post","link":"https:\/\/neurovirtual.com\/br\/3o-congresso-internacional-de-neurociencias-pediatricas-no-mexico\/","title":{"rendered":"3\u00ba Congresso Internacional de Neuroci\u00eancias Pedi\u00e1tricas no M\u00e9xico"},"content":{"rendered":"<p><a href=\"https:\/\/neurovirtual.com\/br\/wp-content\/uploads\/2018\/09\/capa-congresso-neuropediatria-do-mexico-2.jpg\"><img decoding=\"async\" class=\"wp-image-789546 size-large\" src=\"https:\/\/neurovirtual.com\/br\/wp-content\/uploads\/2018\/09\/capa-congresso-neuropediatria-do-mexico-2-1024x214.jpg\" alt=\"capa congresso neuropediatria do mexico 2\" width=\"1024\" height=\"214\" srcset=\"https:\/\/neurovirtual.com\/br\/wp-content\/uploads\/2018\/09\/capa-congresso-neuropediatria-do-mexico-2-1024x214.jpg 1024w, https:\/\/neurovirtual.com\/br\/wp-content\/uploads\/2018\/09\/capa-congresso-neuropediatria-do-mexico-2-300x63.jpg 300w, https:\/\/neurovirtual.com\/br\/wp-content\/uploads\/2018\/09\/capa-congresso-neuropediatria-do-mexico-2-1196x250.jpg 1196w, https:\/\/neurovirtual.com\/br\/wp-content\/uploads\/2018\/09\/capa-congresso-neuropediatria-do-mexico-2-460x96.jpg 460w, https:\/\/neurovirtual.com\/br\/wp-content\/uploads\/2018\/09\/capa-congresso-neuropediatria-do-mexico-2.jpg 1349w\" sizes=\"(max-width: 1024px) 100vw, 1024px\" \/><\/a><\/p>\n<p style=\"text-align: left;\">O 3\u00ba Congresso Internacional de Neuroci\u00eancias Pedi\u00e1tricas aconteceu entre os dias 2 e 4 de agosto e teve como tema: \u201cA sociedade latino-americana impulsionando c\u00e9rebros em desenvolvimento para um futuro melhor\u201d. O encontro, que reuniu especialistas da \u00e1rea de neurologia pedi\u00e1trica, foi organizado pelo Dr. Eduardo Barragan P\u00e9rez, chefe do Departamento de Neurologia Pedi\u00e1trica do Hospital Infantil de M\u00e9xico Federico Gomez. O evento aconteceu no Hotel Courtyard Mexico City Revolucion, localizado na Cidade do M\u00e9xico, teve o apoio da Universidade Nacional Aut\u00f4noma do M\u00e9xico (UNAM).<\/p>\n<p><a href=\"https:\/\/neurovirtual.com\/br\/wp-content\/uploads\/2018\/09\/1.png\"><img decoding=\"async\" class=\"aligncenter size-medium wp-image-789548\" src=\"https:\/\/neurovirtual.com\/br\/wp-content\/uploads\/2018\/09\/1-300x200.png\" alt=\"1\" width=\"300\" height=\"200\" srcset=\"https:\/\/neurovirtual.com\/br\/wp-content\/uploads\/2018\/09\/1-300x200.png 300w, https:\/\/neurovirtual.com\/br\/wp-content\/uploads\/2018\/09\/1-1024x682.png 1024w, https:\/\/neurovirtual.com\/br\/wp-content\/uploads\/2018\/09\/1-375x250.png 375w, https:\/\/neurovirtual.com\/br\/wp-content\/uploads\/2018\/09\/1-460x306.png 460w, https:\/\/neurovirtual.com\/br\/wp-content\/uploads\/2018\/09\/1.png 1164w\" sizes=\"(max-width: 300px) 100vw, 300px\" \/><\/a><\/p>\n<p>O 3\u00ba Congresso Internacional de Neuroci\u00eancias Pedi\u00e1tricas ofereceu programas e temas espec\u00edficos de relev\u00e2ncia para m\u00e9dicos especialistas, psic\u00f3logos, pais e professores. Por esse motivo, o evento foi uma excelente oportunidade para o compartilhamento dos \u00faltimos avan\u00e7os dentro do diagn\u00f3stico e terap\u00eautica da Neuropediatria em todo o mundo. Foi um importante momento para o interc\u00e2mbio de ideias e opini\u00f5es, al\u00e9m do enriquecimento profissional de cada um dos participantes. O evento contou com a presen\u00e7a de professores internacionais, de pa\u00edses como: Col\u00f4mbia, Equador, Chile, Nicar\u00e1gua, Paraguai, Bol\u00edvia, Argentina, Estados Unidos, Canad\u00e1, Guatemala, Honduras, entre outros. Destacamos tamb\u00e9m a participa\u00e7\u00e3o de professores brasileiros, como Dra. Elza Marcia Yacubian e Dr. Esper Cavalheiro.<\/p>\n<p><a href=\"https:\/\/neurovirtual.com\/br\/wp-content\/uploads\/2018\/08\/6.jpg\"><img decoding=\"async\" class=\"aligncenter wp-image-789556 size-medium\" src=\"https:\/\/neurovirtual.com\/br\/wp-content\/uploads\/2018\/08\/6-300x225.jpg\" alt=\"\" width=\"300\" height=\"225\" srcset=\"https:\/\/neurovirtual.com\/br\/wp-content\/uploads\/2018\/08\/6-300x225.jpg 300w, https:\/\/neurovirtual.com\/br\/wp-content\/uploads\/2018\/08\/6-1024x768.jpg 1024w, https:\/\/neurovirtual.com\/br\/wp-content\/uploads\/2018\/08\/6-333x250.jpg 333w, https:\/\/neurovirtual.com\/br\/wp-content\/uploads\/2018\/08\/6-453x340.jpg 453w, https:\/\/neurovirtual.com\/br\/wp-content\/uploads\/2018\/08\/6.jpg 1920w\" sizes=\"(max-width: 300px) 100vw, 300px\" \/><\/a><\/p>\n<p style=\"text-align: center;\">Dra. Elza M\u00e1rcia Yacubian &#8211; UNIFESP.<\/p>\n<p style=\"text-align: left;\">A Neurovirtual foi uma das patrocinadoras do congresso e teve a oportunidade de apresentar solu\u00e7\u00f5es m\u00e9dicas aos participantes do evento, como o <a href=\"https:\/\/neurovirtual.com\/br\/equipamento\/bwiii-eeg-2\/\">BWIII EEG<\/a> e o <a href=\"https:\/\/neurovirtual.com\/br\/equipamento\/bwiii-eeg-plus-icu-monitoracao-eeg\/\">BWIII Plus ICU para monitoriza\u00e7\u00e3o cont\u00ednua do EEG<\/a>. O<a href=\"https:\/\/neurovirtual.com\/br\/equipamento\/bwiii-eeg-2\/\"> BWIII EEG<\/a> \u00e9 um amplificador equipado com 36 canais que oferece um monitoramento completo do EEG. O equipamento tem alta resolu\u00e7\u00e3o e \u00e9 perfeito para registro em consult\u00f3rios e leitos, pois \u00e9 pequeno e leve. J\u00e1 o BWIII Plus ICU, oferece a possibilidade de avalia\u00e7\u00e3o m\u00e9dica on-line por meio do software Persyst que oferece diversas <em>gr\u00e1ficos de tend\u00eancia <\/em>t\u00e3o como detec\u00e7\u00e3o autom\u00e1tica de esp\u00edculas e crises, al\u00e9m da personaliza\u00e7\u00e3o de protocolos para a UTI Neuro, Neonato, Trauma quanto a realiza\u00e7\u00e3o de Video EEG.<\/p>\n<p style=\"text-align: left;\"><a href=\"https:\/\/neurovirtual.com\/br\/wp-content\/uploads\/2018\/09\/3.png\"><img decoding=\"async\" class=\"aligncenter size-medium wp-image-789550\" src=\"https:\/\/neurovirtual.com\/br\/wp-content\/uploads\/2018\/09\/3-300x225.png\" alt=\"3\" width=\"300\" height=\"225\" srcset=\"https:\/\/neurovirtual.com\/br\/wp-content\/uploads\/2018\/09\/3-300x225.png 300w, https:\/\/neurovirtual.com\/br\/wp-content\/uploads\/2018\/09\/3-1024x768.png 1024w, https:\/\/neurovirtual.com\/br\/wp-content\/uploads\/2018\/09\/3-333x250.png 333w, https:\/\/neurovirtual.com\/br\/wp-content\/uploads\/2018\/09\/3-453x340.png 453w, https:\/\/neurovirtual.com\/br\/wp-content\/uploads\/2018\/09\/3.png 1284w\" sizes=\"(max-width: 300px) 100vw, 300px\" \/><\/a><\/p>\n<p>De acordo com gerente de vendas da Neurovirtual M\u00e9xico, Marcelo Belli, foi importante conhecer seus clientes e descobrir maneiras de aprimorar as solu\u00e7\u00f5es oferecidas para o mercado da neurofisiologia pedi\u00e1trica.<\/p>\n<p><a href=\"https:\/\/neurovirtual.com\/br\/wp-content\/uploads\/2018\/09\/4.png\"><img decoding=\"async\" class=\"aligncenter wp-image-789551 size-medium\" src=\"https:\/\/neurovirtual.com\/br\/wp-content\/uploads\/2018\/09\/4-300x168.png\" alt=\"4\" width=\"300\" height=\"168\" srcset=\"https:\/\/neurovirtual.com\/br\/wp-content\/uploads\/2018\/09\/4-300x168.png 300w, https:\/\/neurovirtual.com\/br\/wp-content\/uploads\/2018\/09\/4-1024x574.png 1024w, https:\/\/neurovirtual.com\/br\/wp-content\/uploads\/2018\/09\/4-446x250.png 446w, https:\/\/neurovirtual.com\/br\/wp-content\/uploads\/2018\/09\/4-460x258.png 460w, https:\/\/neurovirtual.com\/br\/wp-content\/uploads\/2018\/09\/4.png 1346w\" sizes=\"(max-width: 300px) 100vw, 300px\" \/><\/a><\/p>\n<p style=\"text-align: center;\">Marcelo Belli (Neurovirtual M\u00e9xico) e Dr. Luis Carlos Mayor Romero \u2013 Neur\u00f3logo, Fundaci\u00f3n Santa Fe de Bogot\u00e1.<\/p>\n<p style=\"text-align: center;\"><a href=\"https:\/\/neurovirtual.com\/br\/wp-content\/uploads\/2018\/09\/5.png\"><img decoding=\"async\" class=\"aligncenter size-medium wp-image-789552\" src=\"https:\/\/neurovirtual.com\/br\/wp-content\/uploads\/2018\/09\/5-300x170.png\" alt=\"5\" width=\"300\" height=\"170\" srcset=\"https:\/\/neurovirtual.com\/br\/wp-content\/uploads\/2018\/09\/5-300x170.png 300w, https:\/\/neurovirtual.com\/br\/wp-content\/uploads\/2018\/09\/5-1024x579.png 1024w, https:\/\/neurovirtual.com\/br\/wp-content\/uploads\/2018\/09\/5-442x250.png 442w, https:\/\/neurovirtual.com\/br\/wp-content\/uploads\/2018\/09\/5-460x260.png 460w, https:\/\/neurovirtual.com\/br\/wp-content\/uploads\/2018\/09\/5.png 1374w\" sizes=\"(max-width: 300px) 100vw, 300px\" \/><\/a><\/p>\n","protected":false},"excerpt":{"rendered":"<p>O 3\u00ba Congresso Internacional de Neuroci\u00eancias Pedi\u00e1tricas aconteceu entre os dias 2 e 4 de agosto e teve como tema: \u201cA sociedade latino-americana impulsionando c\u00e9rebros em desenvolvimento para um futuro melhor\u201d. O encontro, que reuniu especialistas da \u00e1rea de neurologia pedi\u00e1trica, foi organizado pelo Dr. Eduardo Barragan P\u00e9rez, chefe do Departamento de Neurologia Pedi\u00e1trica do&#8230;<\/p>\n","protected":false},"author":6,"featured_media":789547,"comment_status":"open","ping_status":"open","sticky":false,"template":"","format":"standard","meta":{"_acf_changed":false,"_joinchat":[],"footnotes":""},"categories":[15,16],"tags":[],"acf":[],"_links":{"self":[{"href":"https:\/\/neurovirtual.com\/br\/wp-json\/wp\/v2\/posts\/789545"}],"collection":[{"href":"https:\/\/neurovirtual.com\/br\/wp-json\/wp\/v2\/posts"}],"about":[{"href":"https:\/\/neurovirtual.com\/br\/wp-json\/wp\/v2\/types\/post"}],"author":[{"embeddable":true,"href":"https:\/\/neurovirtual.com\/br\/wp-json\/wp\/v2\/users\/6"}],"replies":[{"embeddable":true,"href":"https:\/\/neurovirtual.com\/br\/wp-json\/wp\/v2\/comments?post=789545"}],"version-history":[{"count":9,"href":"https:\/\/neurovirtual.com\/br\/wp-json\/wp\/v2\/posts\/789545\/revisions"}],"predecessor-version":[{"id":791385,"href":"https:\/\/neurovirtual.com\/br\/wp-json\/wp\/v2\/posts\/789545\/revisions\/791385"}],"wp:featuredmedia":[{"embeddable":true,"href":"https:\/\/neurovirtual.com\/br\/wp-json\/wp\/v2\/media\/789547"}],"wp:attachment":[{"href":"https:\/\/neurovirtual.com\/br\/wp-json\/wp\/v2\/media?parent=789545"}],"wp:term":[{"taxonomy":"category","embeddable":true,"href":"https:\/\/neurovirtual.com\/br\/wp-json\/wp\/v2\/categories?post=789545"},{"taxonomy":"post_tag","embeddable":true,"href":"https:\/\/neurovirtual.com\/br\/wp-json\/wp\/v2\/tags?post=789545"}],"curies":[{"name":"wp","href":"https:\/\/api.w.org\/{rel}","templated":true}]}}