{"id":789531,"date":"2018-06-30T18:20:59","date_gmt":"2018-06-30T21:20:59","guid":{"rendered":"https:\/\/neurovirtual.com\/br\/?p=789531"},"modified":"2018-08-23T18:21:41","modified_gmt":"2018-08-23T21:21:41","slug":"xxvi-congresso-peruano-de-neurologia","status":"publish","type":"post","link":"https:\/\/neurovirtual.com\/br\/xxvi-congresso-peruano-de-neurologia\/","title":{"rendered":"XXVI Congresso Peruano de Neurologia"},"content":{"rendered":"<p><a href=\"https:\/\/neurovirtual.com\/br\/wp-content\/uploads\/2018\/08\/slide-congreso_neurologia2018.jpg\"><img decoding=\"async\" class=\"aligncenter size-large wp-image-789532\" src=\"https:\/\/neurovirtual.com\/br\/wp-content\/uploads\/2018\/08\/slide-congreso_neurologia2018-1024x359.jpg\" alt=\"slide-congreso_neurologia2018\" width=\"1024\" height=\"359\" srcset=\"https:\/\/neurovirtual.com\/br\/wp-content\/uploads\/2018\/08\/slide-congreso_neurologia2018-1024x359.jpg 1024w, https:\/\/neurovirtual.com\/br\/wp-content\/uploads\/2018\/08\/slide-congreso_neurologia2018-300x105.jpg 300w, https:\/\/neurovirtual.com\/br\/wp-content\/uploads\/2018\/08\/slide-congreso_neurologia2018-713x250.jpg 713w, https:\/\/neurovirtual.com\/br\/wp-content\/uploads\/2018\/08\/slide-congreso_neurologia2018-460x161.jpg 460w, https:\/\/neurovirtual.com\/br\/wp-content\/uploads\/2018\/08\/slide-congreso_neurologia2018.jpg 1140w\" sizes=\"(max-width: 1024px) 100vw, 1024px\" \/><\/a><\/p>\n<p>O XXVI Congresso Peruano de Neurologia aconteceu entre os dias 28 e 30 junho, no Hotel Costa del Sol, localizado na cidade de Trujilo, Peru. O evento teve como objetivo promover a investiga\u00e7\u00e3o cl\u00ednica e atualizar m\u00e9dicos de diferentes regi\u00f5es do pa\u00eds nas \u00e1reas tem\u00e1ticas mais importantes da neurologia. Mais de 280 profissionais compareceram ao congresso, que teve a participa\u00e7\u00e3o ativa de jovens neurologistas.<\/p>\n<p><a href=\"https:\/\/neurovirtual.com\/br\/wp-content\/uploads\/2018\/08\/congresso-peru.jpg\"><img decoding=\"async\" class=\"aligncenter size-medium wp-image-789536\" src=\"https:\/\/neurovirtual.com\/br\/wp-content\/uploads\/2018\/08\/congresso-peru-300x226.jpg\" alt=\"congresso peru\" width=\"300\" height=\"226\" srcset=\"https:\/\/neurovirtual.com\/br\/wp-content\/uploads\/2018\/08\/congresso-peru-300x226.jpg 300w, https:\/\/neurovirtual.com\/br\/wp-content\/uploads\/2018\/08\/congresso-peru-333x250.jpg 333w, https:\/\/neurovirtual.com\/br\/wp-content\/uploads\/2018\/08\/congresso-peru-452x340.jpg 452w, https:\/\/neurovirtual.com\/br\/wp-content\/uploads\/2018\/08\/congresso-peru.jpg 858w\" sizes=\"(max-width: 300px) 100vw, 300px\" \/><\/a><\/p>\n<p>Dentre os temas abordados, podemos destacar:<\/p>\n<ul>\n<li>Neurocisticercose e Epilepsia;<\/li>\n<li>Dist\u00farbios do movimento;<\/li>\n<li>Medicina do Sono;<\/li>\n<li>Dem\u00eancias revers\u00edveis e trat\u00e1veis.<\/li>\n<\/ul>\n<p>A equipe da Neurovirtual esteve presente e apresentou aos congressistas alguns de seus equipamentos, como: BWIII EEG Plus, BWMini EEG, BWIII EEG Plus ICU Monitoriza\u00e7\u00e3o EEG, com destaque para o BWIII EEG Plus que permite a avalia\u00e7\u00e3o m\u00e9dica on-line a partir de qualquer esta\u00e7\u00e3o de trabalho, incluindo dispositivos m\u00f3veis, al\u00e9m de permitir a sincroniza\u00e7\u00e3o de v\u00eddeo HD.<\/p>\n<p><a href=\"https:\/\/neurovirtual.com\/br\/wp-content\/uploads\/2018\/08\/congresso-peru-2.png\"><img decoding=\"async\" class=\"aligncenter size-medium wp-image-789537\" src=\"https:\/\/neurovirtual.com\/br\/wp-content\/uploads\/2018\/08\/congresso-peru-2-300x274.png\" alt=\"congresso peru 2\" width=\"300\" height=\"274\" srcset=\"https:\/\/neurovirtual.com\/br\/wp-content\/uploads\/2018\/08\/congresso-peru-2-300x274.png 300w, https:\/\/neurovirtual.com\/br\/wp-content\/uploads\/2018\/08\/congresso-peru-2-274x250.png 274w, https:\/\/neurovirtual.com\/br\/wp-content\/uploads\/2018\/08\/congresso-peru-2-373x340.png 373w, https:\/\/neurovirtual.com\/br\/wp-content\/uploads\/2018\/08\/congresso-peru-2.png 864w\" sizes=\"(max-width: 300px) 100vw, 300px\" \/><\/a><\/p>\n","protected":false},"excerpt":{"rendered":"<p>O XXVI Congresso Peruano de Neurologia aconteceu entre os dias 28 e 30 junho, no Hotel Costa del Sol, localizado na cidade de Trujilo, Peru. O evento teve como objetivo promover a investiga\u00e7\u00e3o cl\u00ednica e atualizar m\u00e9dicos de diferentes regi\u00f5es do pa\u00eds nas \u00e1reas tem\u00e1ticas mais importantes da neurologia. Mais de 280 profissionais compareceram ao&#8230;<\/p>\n","protected":false},"author":6,"featured_media":789538,"comment_status":"open","ping_status":"open","sticky":false,"template":"","format":"standard","meta":{"_acf_changed":false,"_joinchat":[],"footnotes":""},"categories":[15,16],"tags":[],"acf":[],"_links":{"self":[{"href":"https:\/\/neurovirtual.com\/br\/wp-json\/wp\/v2\/posts\/789531"}],"collection":[{"href":"https:\/\/neurovirtual.com\/br\/wp-json\/wp\/v2\/posts"}],"about":[{"href":"https:\/\/neurovirtual.com\/br\/wp-json\/wp\/v2\/types\/post"}],"author":[{"embeddable":true,"href":"https:\/\/neurovirtual.com\/br\/wp-json\/wp\/v2\/users\/6"}],"replies":[{"embeddable":true,"href":"https:\/\/neurovirtual.com\/br\/wp-json\/wp\/v2\/comments?post=789531"}],"version-history":[{"count":2,"href":"https:\/\/neurovirtual.com\/br\/wp-json\/wp\/v2\/posts\/789531\/revisions"}],"predecessor-version":[{"id":789539,"href":"https:\/\/neurovirtual.com\/br\/wp-json\/wp\/v2\/posts\/789531\/revisions\/789539"}],"wp:featuredmedia":[{"embeddable":true,"href":"https:\/\/neurovirtual.com\/br\/wp-json\/wp\/v2\/media\/789538"}],"wp:attachment":[{"href":"https:\/\/neurovirtual.com\/br\/wp-json\/wp\/v2\/media?parent=789531"}],"wp:term":[{"taxonomy":"category","embeddable":true,"href":"https:\/\/neurovirtual.com\/br\/wp-json\/wp\/v2\/categories?post=789531"},{"taxonomy":"post_tag","embeddable":true,"href":"https:\/\/neurovirtual.com\/br\/wp-json\/wp\/v2\/tags?post=789531"}],"curies":[{"name":"wp","href":"https:\/\/api.w.org\/{rel}","templated":true}]}}