{"id":787249,"date":"2018-03-15T16:13:40","date_gmt":"2018-03-15T19:13:40","guid":{"rendered":"https:\/\/neurovirtual.com\/br\/?p=787249"},"modified":"2021-02-02T15:58:59","modified_gmt":"2021-02-02T17:58:59","slug":"simposio-de-atualizacao-em-transtornos-do-sono","status":"publish","type":"post","link":"https:\/\/neurovirtual.com\/br\/simposio-de-atualizacao-em-transtornos-do-sono\/","title":{"rendered":"Simp\u00f3sio de atualiza\u00e7\u00e3o em transtornos do sono"},"content":{"rendered":"\n<p>O Simp\u00f3sio de Atualiza\u00e7\u00e3o em Transtornos do Sono ocorreu na Col\u00f4mbia na cidade de Bucaramanga, no Hotel Holiday Inn, do qual participaram aproximadamente 120 pessoas, dentre Especialistas, Residentes e T\u00e9cnicos em Polissonografia.<\/p>\n\n\n\n<figure class=\"wp-block-gallery columns-2 is-cropped wp-block-gallery-1 is-layout-flex wp-block-gallery-is-layout-flex\"><ul class=\"blocks-gallery-grid\"><li class=\"blocks-gallery-item\"><figure><a href=\"https:\/\/neurovirtual.com\/br\/wp-content\/uploads\/2021\/02\/DSC_0035_2.jpg\"><img decoding=\"async\" width=\"874\" height=\"632\" src=\"https:\/\/neurovirtual.com\/br\/wp-content\/uploads\/2021\/02\/DSC_0035_2.jpg\" alt=\"\" data-id=\"811732\" data-full-url=\"https:\/\/neurovirtual.com\/br\/wp-content\/uploads\/2021\/02\/DSC_0035_2.jpg\" data-link=\"https:\/\/neurovirtual.com\/br\/novidades\/simposio-de-atualizacao-em-transtornos-do-sono\/attachment\/dsc_0035_2\/\" class=\"wp-image-811732\" srcset=\"https:\/\/neurovirtual.com\/br\/wp-content\/uploads\/2021\/02\/DSC_0035_2.jpg 874w, https:\/\/neurovirtual.com\/br\/wp-content\/uploads\/2021\/02\/DSC_0035_2-300x217.jpg 300w, https:\/\/neurovirtual.com\/br\/wp-content\/uploads\/2021\/02\/DSC_0035_2-768x555.jpg 768w, https:\/\/neurovirtual.com\/br\/wp-content\/uploads\/2021\/02\/DSC_0035_2-346x250.jpg 346w, https:\/\/neurovirtual.com\/br\/wp-content\/uploads\/2021\/02\/DSC_0035_2-460x333.jpg 460w\" sizes=\"(max-width: 874px) 100vw, 874px\" \/><\/a><\/figure><\/li><li class=\"blocks-gallery-item\"><figure><a href=\"https:\/\/neurovirtual.com\/br\/wp-content\/uploads\/2021\/02\/foto.jpg\"><img decoding=\"async\" width=\"789\" height=\"765\" src=\"https:\/\/neurovirtual.com\/br\/wp-content\/uploads\/2021\/02\/foto.jpg\" alt=\"\" data-id=\"811733\" data-full-url=\"https:\/\/neurovirtual.com\/br\/wp-content\/uploads\/2021\/02\/foto.jpg\" data-link=\"https:\/\/neurovirtual.com\/br\/novidades\/simposio-de-atualizacao-em-transtornos-do-sono\/attachment\/foto-6\/\" class=\"wp-image-811733\" srcset=\"https:\/\/neurovirtual.com\/br\/wp-content\/uploads\/2021\/02\/foto.jpg 789w, https:\/\/neurovirtual.com\/br\/wp-content\/uploads\/2021\/02\/foto-300x291.jpg 300w, https:\/\/neurovirtual.com\/br\/wp-content\/uploads\/2021\/02\/foto-768x745.jpg 768w, https:\/\/neurovirtual.com\/br\/wp-content\/uploads\/2021\/02\/foto-258x250.jpg 258w, https:\/\/neurovirtual.com\/br\/wp-content\/uploads\/2021\/02\/foto-351x340.jpg 351w\" sizes=\"(max-width: 789px) 100vw, 789px\" \/><\/a><\/figure><\/li><\/ul><\/figure>\n\n\n\n<p>A Neurovirtual esteve no evento apresentando o que h\u00e1 de mais moderno em equipamentos para diagn\u00f3sticos precisos em Medicina do Sono com os equipamentos&nbsp;<a href=\"https:\/\/neurovirtual.com\/br\/equipamento\/bwiii-psg\/\">BWIII PSG<\/a>&nbsp;e&nbsp;<a href=\"https:\/\/neurovirtual.com\/br\/equipamento\/bw-iii-psg-plus\/\">BWMini<\/a>.<\/p>\n\n\n\n<p>Os principais temas tratados no simp\u00f3sio foram:<\/p>\n\n\n\n<ul><li>Nova classifica\u00e7\u00e3o dos transtornos do sono \u2013 Dr. Jorge Echeverry.<\/li><li>Tratamento de SAHOS e DAM \u2013 Dr. Carlos Sanchez,<\/li><li>Epilepsia e sono \u2013 Dr. Daniel Nari\u00f1o.<\/li><li>S\u00edndrome de pernas inquietas e de movimento peri\u00f3dico das pernas \u2013 Dr. Marcos Venegas.<\/li><\/ul>\n","protected":false},"excerpt":{"rendered":"<p>O Simp\u00f3sio de Atualiza\u00e7\u00e3o em Transtornos do Sono ocorreu na Col\u00f4mbia na cidade de Bucaramanga, no Hotel Holiday Inn, do qual participaram aproximadamente 120 pessoas, dentre Especialistas, Residentes e T\u00e9cnicos em Polissonografia. A Neurovirtual esteve no evento apresentando o que h\u00e1 de mais moderno em equipamentos para diagn\u00f3sticos precisos em Medicina do Sono com os&#8230;<\/p>\n","protected":false},"author":6,"featured_media":787250,"comment_status":"open","ping_status":"open","sticky":false,"template":"","format":"standard","meta":{"_acf_changed":false,"_joinchat":[],"footnotes":""},"categories":[16,18],"tags":[],"acf":[],"_links":{"self":[{"href":"https:\/\/neurovirtual.com\/br\/wp-json\/wp\/v2\/posts\/787249"}],"collection":[{"href":"https:\/\/neurovirtual.com\/br\/wp-json\/wp\/v2\/posts"}],"about":[{"href":"https:\/\/neurovirtual.com\/br\/wp-json\/wp\/v2\/types\/post"}],"author":[{"embeddable":true,"href":"https:\/\/neurovirtual.com\/br\/wp-json\/wp\/v2\/users\/6"}],"replies":[{"embeddable":true,"href":"https:\/\/neurovirtual.com\/br\/wp-json\/wp\/v2\/comments?post=787249"}],"version-history":[{"count":5,"href":"https:\/\/neurovirtual.com\/br\/wp-json\/wp\/v2\/posts\/787249\/revisions"}],"predecessor-version":[{"id":811734,"href":"https:\/\/neurovirtual.com\/br\/wp-json\/wp\/v2\/posts\/787249\/revisions\/811734"}],"wp:featuredmedia":[{"embeddable":true,"href":"https:\/\/neurovirtual.com\/br\/wp-json\/wp\/v2\/media\/787250"}],"wp:attachment":[{"href":"https:\/\/neurovirtual.com\/br\/wp-json\/wp\/v2\/media?parent=787249"}],"wp:term":[{"taxonomy":"category","embeddable":true,"href":"https:\/\/neurovirtual.com\/br\/wp-json\/wp\/v2\/categories?post=787249"},{"taxonomy":"post_tag","embeddable":true,"href":"https:\/\/neurovirtual.com\/br\/wp-json\/wp\/v2\/tags?post=787249"}],"curies":[{"name":"wp","href":"https:\/\/api.w.org\/{rel}","templated":true}]}}