{"id":787245,"date":"2018-04-06T16:09:19","date_gmt":"2018-04-06T19:09:19","guid":{"rendered":"https:\/\/neurovirtual.com\/br\/?p=787245"},"modified":"2021-02-02T15:51:06","modified_gmt":"2021-02-02T17:51:06","slug":"787245","status":"publish","type":"post","link":"https:\/\/neurovirtual.com\/br\/787245\/","title":{"rendered":"77\u00ba Congresso Internacional de Pneumologia e Cirurgia de T\u00f3rax 2018"},"content":{"rendered":"\n<figure class=\"wp-block-image size-large\"><a href=\"https:\/\/neurovirtual.com\/br\/wp-content\/uploads\/2021\/02\/77-congreso-internacional-de-neumologia-y-cirugia-de-torax-2018_capa2.jpg\"><img decoding=\"async\" width=\"800\" height=\"208\" src=\"https:\/\/neurovirtual.com\/br\/wp-content\/uploads\/2021\/02\/77-congreso-internacional-de-neumologia-y-cirugia-de-torax-2018_capa2.jpg\" alt=\"\" class=\"wp-image-811725\" srcset=\"https:\/\/neurovirtual.com\/br\/wp-content\/uploads\/2021\/02\/77-congreso-internacional-de-neumologia-y-cirugia-de-torax-2018_capa2.jpg 800w, https:\/\/neurovirtual.com\/br\/wp-content\/uploads\/2021\/02\/77-congreso-internacional-de-neumologia-y-cirugia-de-torax-2018_capa2-300x78.jpg 300w, https:\/\/neurovirtual.com\/br\/wp-content\/uploads\/2021\/02\/77-congreso-internacional-de-neumologia-y-cirugia-de-torax-2018_capa2-768x200.jpg 768w, https:\/\/neurovirtual.com\/br\/wp-content\/uploads\/2021\/02\/77-congreso-internacional-de-neumologia-y-cirugia-de-torax-2018_capa2-460x120.jpg 460w\" sizes=\"(max-width: 800px) 100vw, 800px\" \/><\/a><\/figure>\n\n\n\n<p>Especialistas da \u00e1rea de Pneumologia Adulta, Pneumologia Pedi\u00e1trica e Cirurgia de T\u00f3rax reuniram-se entre os dias 2 a 6 de abril no espa\u00e7o de congressos e exposi\u00e7\u00f5es mais completo e vers\u00e1til do M\u00e9xico, o Poliforum Le\u00f3n, localizado na Cidade de Le\u00f3n, Guanajuato<\/p>\n\n\n\n<p>O evento reuniu mais de mil profissionais de v\u00e1rias partes do mundo, que juntos com as sociedades especializadas na \u00e1rea respirat\u00f3ria da Am\u00e9rica Central, Am\u00e9rica do Sul e Europa, tornaram poss\u00edvel a realiza\u00e7\u00e3o do evento, tendo como objetivo principal compartilhar seus conhecimentos e manterem-se atualizados nos seguintes temas: terapia respirat\u00f3ria; medicina do sono; DPOC (doen\u00e7a pulmonar obstrutiva cr\u00f4nica); pediatria; asma; terapia intensiva e cirurgia; dentro outros assuntos do interesse dos especialistas de pneumologia e cirurgia de t\u00f3rax.<\/p>\n\n\n\n<figure class=\"wp-block-gallery columns-3 is-cropped wp-block-gallery-1 is-layout-flex wp-block-gallery-is-layout-flex\"><ul class=\"blocks-gallery-grid\"><li class=\"blocks-gallery-item\"><figure><a href=\"https:\/\/neurovirtual.com\/br\/wp-content\/uploads\/2021\/02\/77-congreso-internacional-de-neumologia-y-cirugia-de-torax-2018_3-scaled.jpg\"><img decoding=\"async\" width=\"683\" height=\"1024\" src=\"https:\/\/neurovirtual.com\/br\/wp-content\/uploads\/2021\/02\/77-congreso-internacional-de-neumologia-y-cirugia-de-torax-2018_3-683x1024.jpg\" alt=\"\" data-id=\"811726\" data-full-url=\"https:\/\/neurovirtual.com\/br\/wp-content\/uploads\/2021\/02\/77-congreso-internacional-de-neumologia-y-cirugia-de-torax-2018_3-scaled.jpg\" data-link=\"https:\/\/neurovirtual.com\/br\/congressos\/787245\/attachment\/77-congreso-internacional-de-neumologia-y-cirugia-de-torax-2018_3\/\" class=\"wp-image-811726\" srcset=\"https:\/\/neurovirtual.com\/br\/wp-content\/uploads\/2021\/02\/77-congreso-internacional-de-neumologia-y-cirugia-de-torax-2018_3-683x1024.jpg 683w, https:\/\/neurovirtual.com\/br\/wp-content\/uploads\/2021\/02\/77-congreso-internacional-de-neumologia-y-cirugia-de-torax-2018_3-200x300.jpg 200w, https:\/\/neurovirtual.com\/br\/wp-content\/uploads\/2021\/02\/77-congreso-internacional-de-neumologia-y-cirugia-de-torax-2018_3-768x1152.jpg 768w, https:\/\/neurovirtual.com\/br\/wp-content\/uploads\/2021\/02\/77-congreso-internacional-de-neumologia-y-cirugia-de-torax-2018_3-1024x1536.jpg 1024w, https:\/\/neurovirtual.com\/br\/wp-content\/uploads\/2021\/02\/77-congreso-internacional-de-neumologia-y-cirugia-de-torax-2018_3-1365x2048.jpg 1365w, https:\/\/neurovirtual.com\/br\/wp-content\/uploads\/2021\/02\/77-congreso-internacional-de-neumologia-y-cirugia-de-torax-2018_3-167x250.jpg 167w, https:\/\/neurovirtual.com\/br\/wp-content\/uploads\/2021\/02\/77-congreso-internacional-de-neumologia-y-cirugia-de-torax-2018_3-227x340.jpg 227w, https:\/\/neurovirtual.com\/br\/wp-content\/uploads\/2021\/02\/77-congreso-internacional-de-neumologia-y-cirugia-de-torax-2018_3-scaled.jpg 1280w\" sizes=\"(max-width: 683px) 100vw, 683px\" \/><\/a><\/figure><\/li><li class=\"blocks-gallery-item\"><figure><a href=\"https:\/\/neurovirtual.com\/br\/wp-content\/uploads\/2021\/02\/77-congreso-internacional-de-neumologia-y-cirugia-de-torax-2018_4-scaled.jpg\"><img decoding=\"async\" width=\"1024\" height=\"683\" src=\"https:\/\/neurovirtual.com\/br\/wp-content\/uploads\/2021\/02\/77-congreso-internacional-de-neumologia-y-cirugia-de-torax-2018_4-1024x683.jpg\" alt=\"\" data-id=\"811728\" data-full-url=\"https:\/\/neurovirtual.com\/br\/wp-content\/uploads\/2021\/02\/77-congreso-internacional-de-neumologia-y-cirugia-de-torax-2018_4-scaled.jpg\" data-link=\"https:\/\/neurovirtual.com\/br\/novidades\/787245\/attachment\/77-congreso-internacional-de-neumologia-y-cirugia-de-torax-2018_4\/\" class=\"wp-image-811728\" srcset=\"https:\/\/neurovirtual.com\/br\/wp-content\/uploads\/2021\/02\/77-congreso-internacional-de-neumologia-y-cirugia-de-torax-2018_4-1024x683.jpg 1024w, https:\/\/neurovirtual.com\/br\/wp-content\/uploads\/2021\/02\/77-congreso-internacional-de-neumologia-y-cirugia-de-torax-2018_4-300x200.jpg 300w, https:\/\/neurovirtual.com\/br\/wp-content\/uploads\/2021\/02\/77-congreso-internacional-de-neumologia-y-cirugia-de-torax-2018_4-768x512.jpg 768w, https:\/\/neurovirtual.com\/br\/wp-content\/uploads\/2021\/02\/77-congreso-internacional-de-neumologia-y-cirugia-de-torax-2018_4-1536x1024.jpg 1536w, https:\/\/neurovirtual.com\/br\/wp-content\/uploads\/2021\/02\/77-congreso-internacional-de-neumologia-y-cirugia-de-torax-2018_4-2048x1365.jpg 2048w, https:\/\/neurovirtual.com\/br\/wp-content\/uploads\/2021\/02\/77-congreso-internacional-de-neumologia-y-cirugia-de-torax-2018_4-375x250.jpg 375w, https:\/\/neurovirtual.com\/br\/wp-content\/uploads\/2021\/02\/77-congreso-internacional-de-neumologia-y-cirugia-de-torax-2018_4-460x307.jpg 460w, https:\/\/neurovirtual.com\/br\/wp-content\/uploads\/2021\/02\/77-congreso-internacional-de-neumologia-y-cirugia-de-torax-2018_4-scaled.jpg 1920w\" sizes=\"(max-width: 1024px) 100vw, 1024px\" \/><\/a><\/figure><\/li><li class=\"blocks-gallery-item\"><figure><a href=\"https:\/\/neurovirtual.com\/br\/wp-content\/uploads\/2021\/02\/77-congreso-internacional-de-neumologia-y-cirugia-de-torax-2018_capa22-scaled.jpg\"><img decoding=\"async\" width=\"1024\" height=\"683\" src=\"https:\/\/neurovirtual.com\/br\/wp-content\/uploads\/2021\/02\/77-congreso-internacional-de-neumologia-y-cirugia-de-torax-2018_capa22-1024x683.jpg\" alt=\"\" data-id=\"811729\" data-full-url=\"https:\/\/neurovirtual.com\/br\/wp-content\/uploads\/2021\/02\/77-congreso-internacional-de-neumologia-y-cirugia-de-torax-2018_capa22-scaled.jpg\" data-link=\"https:\/\/neurovirtual.com\/br\/novidades\/787245\/attachment\/77-congreso-internacional-de-neumologia-y-cirugia-de-torax-2018_capa22\/\" class=\"wp-image-811729\" srcset=\"https:\/\/neurovirtual.com\/br\/wp-content\/uploads\/2021\/02\/77-congreso-internacional-de-neumologia-y-cirugia-de-torax-2018_capa22-1024x683.jpg 1024w, https:\/\/neurovirtual.com\/br\/wp-content\/uploads\/2021\/02\/77-congreso-internacional-de-neumologia-y-cirugia-de-torax-2018_capa22-300x200.jpg 300w, https:\/\/neurovirtual.com\/br\/wp-content\/uploads\/2021\/02\/77-congreso-internacional-de-neumologia-y-cirugia-de-torax-2018_capa22-768x512.jpg 768w, https:\/\/neurovirtual.com\/br\/wp-content\/uploads\/2021\/02\/77-congreso-internacional-de-neumologia-y-cirugia-de-torax-2018_capa22-1536x1024.jpg 1536w, https:\/\/neurovirtual.com\/br\/wp-content\/uploads\/2021\/02\/77-congreso-internacional-de-neumologia-y-cirugia-de-torax-2018_capa22-2048x1365.jpg 2048w, https:\/\/neurovirtual.com\/br\/wp-content\/uploads\/2021\/02\/77-congreso-internacional-de-neumologia-y-cirugia-de-torax-2018_capa22-375x250.jpg 375w, https:\/\/neurovirtual.com\/br\/wp-content\/uploads\/2021\/02\/77-congreso-internacional-de-neumologia-y-cirugia-de-torax-2018_capa22-460x307.jpg 460w, https:\/\/neurovirtual.com\/br\/wp-content\/uploads\/2021\/02\/77-congreso-internacional-de-neumologia-y-cirugia-de-torax-2018_capa22-scaled.jpg 1920w\" sizes=\"(max-width: 1024px) 100vw, 1024px\" \/><\/a><\/figure><\/li><\/ul><\/figure>\n\n\n\n<p>A Sleepvirtual, participante e patrocinadora do evento, contou com um <em>stand<\/em> dentro da \u00e1rea comercial, onde a empresa foi representada pelo gerente de vendas da Neurovirtual M\u00e9xico, Marcelo Belli, quem recebeu os atuais clientes e estava encarregado de fornecer informa\u00e7\u00f5es aos m\u00e9dicos interessados, principalmente sobre os&nbsp;equipamentos <a href=\"https:\/\/neurovirtual.com\/br\/equipamento\/bwiii-psg\/\"><em>BWIII PSG<\/em> <\/a>e <em><a href=\"https:\/\/neurovirtual.com\/br\/equipamento\/bw-iii-psg-plus\/\">BWIII PSG PLUS<\/a><\/em> lan\u00e7ados em 2017.<\/p>\n\n\n\n<p><em>\u201cEstamos orgulhosos de ajudar a construir este evento e poder colaborar com os especialistas em seus projetos cl\u00ednicos, nosso objetivo \u00e9 prover produtos de qualidade como fizemos at\u00e9 o momento e atender as necessidades do mercado\u201d<\/em>, afirmou Marcelo Belli.<\/p>\n","protected":false},"excerpt":{"rendered":"<p>Especialistas da \u00e1rea de Pneumologia Adulta, Pneumologia Pedi\u00e1trica e Cirurgia de T\u00f3rax reuniram-se entre os dias 2 a 6 de abril no espa\u00e7o de congressos e exposi\u00e7\u00f5es mais completo e vers\u00e1til do M\u00e9xico, o Poliforum Le\u00f3n, localizado na Cidade de Le\u00f3n, Guanajuato O evento reuniu mais de mil profissionais de v\u00e1rias partes do mundo, que&#8230;<\/p>\n","protected":false},"author":6,"featured_media":787246,"comment_status":"open","ping_status":"open","sticky":false,"template":"","format":"standard","meta":{"_acf_changed":false,"_joinchat":[],"footnotes":""},"categories":[16,15],"tags":[],"acf":[],"_links":{"self":[{"href":"https:\/\/neurovirtual.com\/br\/wp-json\/wp\/v2\/posts\/787245"}],"collection":[{"href":"https:\/\/neurovirtual.com\/br\/wp-json\/wp\/v2\/posts"}],"about":[{"href":"https:\/\/neurovirtual.com\/br\/wp-json\/wp\/v2\/types\/post"}],"author":[{"embeddable":true,"href":"https:\/\/neurovirtual.com\/br\/wp-json\/wp\/v2\/users\/6"}],"replies":[{"embeddable":true,"href":"https:\/\/neurovirtual.com\/br\/wp-json\/wp\/v2\/comments?post=787245"}],"version-history":[{"count":6,"href":"https:\/\/neurovirtual.com\/br\/wp-json\/wp\/v2\/posts\/787245\/revisions"}],"predecessor-version":[{"id":811730,"href":"https:\/\/neurovirtual.com\/br\/wp-json\/wp\/v2\/posts\/787245\/revisions\/811730"}],"wp:featuredmedia":[{"embeddable":true,"href":"https:\/\/neurovirtual.com\/br\/wp-json\/wp\/v2\/media\/787246"}],"wp:attachment":[{"href":"https:\/\/neurovirtual.com\/br\/wp-json\/wp\/v2\/media?parent=787245"}],"wp:term":[{"taxonomy":"category","embeddable":true,"href":"https:\/\/neurovirtual.com\/br\/wp-json\/wp\/v2\/categories?post=787245"},{"taxonomy":"post_tag","embeddable":true,"href":"https:\/\/neurovirtual.com\/br\/wp-json\/wp\/v2\/tags?post=787245"}],"curies":[{"name":"wp","href":"https:\/\/api.w.org\/{rel}","templated":true}]}}