{"id":787237,"date":"2018-05-26T15:48:39","date_gmt":"2018-05-26T18:48:39","guid":{"rendered":"https:\/\/neurovirtual.com\/br\/?p=787237"},"modified":"2021-02-02T15:46:41","modified_gmt":"2021-02-02T17:46:41","slug":"xxvii-congresso-nacional-de-neurologia-pediatrica-a-c","status":"publish","type":"post","link":"https:\/\/neurovirtual.com\/br\/xxvii-congresso-nacional-de-neurologia-pediatrica-a-c\/","title":{"rendered":"XXVII Congresso da Academia Mexicana de Neurologia Pedi\u00e1trica A.C"},"content":{"rendered":"\n<figure class=\"wp-block-image size-large\"><img decoding=\"async\" width=\"800\" height=\"208\" src=\"https:\/\/neurovirtual.com\/br\/wp-content\/uploads\/2021\/02\/XXVII-Congresso-da-Academia-Mexicana-de-Neurologia-4.jpg\" alt=\"\" class=\"wp-image-811715\" srcset=\"https:\/\/neurovirtual.com\/br\/wp-content\/uploads\/2021\/02\/XXVII-Congresso-da-Academia-Mexicana-de-Neurologia-4.jpg 800w, https:\/\/neurovirtual.com\/br\/wp-content\/uploads\/2021\/02\/XXVII-Congresso-da-Academia-Mexicana-de-Neurologia-4-300x78.jpg 300w, https:\/\/neurovirtual.com\/br\/wp-content\/uploads\/2021\/02\/XXVII-Congresso-da-Academia-Mexicana-de-Neurologia-4-768x200.jpg 768w, https:\/\/neurovirtual.com\/br\/wp-content\/uploads\/2021\/02\/XXVII-Congresso-da-Academia-Mexicana-de-Neurologia-4-460x120.jpg 460w\" sizes=\"(max-width: 800px) 100vw, 800px\" \/><\/figure>\n\n\n\n<p>Mais de quinhetos especialistas e residentes da \u00e1rea de Neurologia Pedi\u00e1trica\u00a0 participaram do \u201c<em>XXVII<\/em> <em>Congresso da Academia Mexicana de Neurologia Pedi\u00e1trica A.C\u201d<\/em>, realizado entre os dias 22 e 26 de maio, no hotel <em>Sheraton Soberano Chihuahua.<\/em><\/p>\n\n\n\n<figure class=\"wp-block-embed-youtube aligncenter wp-block-embed is-type-video is-provider-youtube wp-embed-aspect-16-9 wp-has-aspect-ratio\"><div class=\"wp-block-embed__wrapper\" align=\"center\">\n<iframe loading=\"lazy\" title=\"XXVII Congreso Nacional de la sociedad Mexicana de Neurolog\u00eda Pedi\u00e1trica A.C\" width=\"500\" height=\"281\" src=\"https:\/\/www.youtube.com\/embed\/eoxVC4eHprI?start=3&#038;feature=oembed\" frameborder=\"0\" allow=\"accelerometer; autoplay; clipboard-write; encrypted-media; gyroscope; picture-in-picture; web-share\" referrerpolicy=\"strict-origin-when-cross-origin\" allowfullscreen><\/iframe>\n<\/div><\/figure>\n\n\n\n<p>Com a participa\u00e7\u00e3o de professores reconhecidos internacionalmente, o evento exp\u00f4s aos participantes as mais recentes descobertas m\u00e9dicas avan\u00e7adas em seu atual est\u00e1gio de desenvolvimento, buscando conscientizar a cada um acerca das diversas necessidades da comunidade sobre problemas que ocorrem diariamente na \u00e1rea da Neurologia Pedi\u00e1trica. Apresentaram-se v\u00e1rios simp\u00f3sios e <em>workshops<\/em>, assim como casos cl\u00ednicos envolvendo eplepsia, al\u00e9m de um <em>workshop<\/em>\u00a0de sono dividido em duas se\u00e7\u00f5es.<\/p>\n\n\n\n<figure class=\"wp-block-gallery columns-3 is-cropped wp-block-gallery-1 is-layout-flex wp-block-gallery-is-layout-flex\"><ul class=\"blocks-gallery-grid\"><li class=\"blocks-gallery-item\"><figure><a href=\"https:\/\/neurovirtual.com\/br\/wp-content\/uploads\/2021\/02\/XXVII-Congresso-da-Academia-Mexicana-de-Neurologia.jpg\"><img decoding=\"async\" width=\"1000\" height=\"667\" src=\"https:\/\/neurovirtual.com\/br\/wp-content\/uploads\/2021\/02\/XXVII-Congresso-da-Academia-Mexicana-de-Neurologia.jpg\" alt=\"\" data-id=\"811716\" data-full-url=\"https:\/\/neurovirtual.com\/br\/wp-content\/uploads\/2021\/02\/XXVII-Congresso-da-Academia-Mexicana-de-Neurologia.jpg\" data-link=\"https:\/\/neurovirtual.com\/br\/congressos\/xxvii-congresso-nacional-de-neurologia-pediatrica-a-c\/attachment\/xxvii-congresso-da-academia-mexicana-de-neurologia\/\" class=\"wp-image-811716\" srcset=\"https:\/\/neurovirtual.com\/br\/wp-content\/uploads\/2021\/02\/XXVII-Congresso-da-Academia-Mexicana-de-Neurologia.jpg 1000w, https:\/\/neurovirtual.com\/br\/wp-content\/uploads\/2021\/02\/XXVII-Congresso-da-Academia-Mexicana-de-Neurologia-300x200.jpg 300w, https:\/\/neurovirtual.com\/br\/wp-content\/uploads\/2021\/02\/XXVII-Congresso-da-Academia-Mexicana-de-Neurologia-768x512.jpg 768w, https:\/\/neurovirtual.com\/br\/wp-content\/uploads\/2021\/02\/XXVII-Congresso-da-Academia-Mexicana-de-Neurologia-375x250.jpg 375w, https:\/\/neurovirtual.com\/br\/wp-content\/uploads\/2021\/02\/XXVII-Congresso-da-Academia-Mexicana-de-Neurologia-460x307.jpg 460w\" sizes=\"(max-width: 1000px) 100vw, 1000px\" \/><\/a><\/figure><\/li><li class=\"blocks-gallery-item\"><figure><a href=\"https:\/\/neurovirtual.com\/br\/wp-content\/uploads\/2021\/02\/XXVII-Congresso-da-Academia-Mexicana-de-Neurologia2.jpg\"><img decoding=\"async\" width=\"1000\" height=\"750\" src=\"https:\/\/neurovirtual.com\/br\/wp-content\/uploads\/2021\/02\/XXVII-Congresso-da-Academia-Mexicana-de-Neurologia2.jpg\" alt=\"\" data-id=\"811717\" data-full-url=\"https:\/\/neurovirtual.com\/br\/wp-content\/uploads\/2021\/02\/XXVII-Congresso-da-Academia-Mexicana-de-Neurologia2.jpg\" data-link=\"https:\/\/neurovirtual.com\/br\/congressos\/xxvii-congresso-nacional-de-neurologia-pediatrica-a-c\/attachment\/xxvii-congresso-da-academia-mexicana-de-neurologia2\/\" class=\"wp-image-811717\" srcset=\"https:\/\/neurovirtual.com\/br\/wp-content\/uploads\/2021\/02\/XXVII-Congresso-da-Academia-Mexicana-de-Neurologia2.jpg 1000w, https:\/\/neurovirtual.com\/br\/wp-content\/uploads\/2021\/02\/XXVII-Congresso-da-Academia-Mexicana-de-Neurologia2-300x225.jpg 300w, https:\/\/neurovirtual.com\/br\/wp-content\/uploads\/2021\/02\/XXVII-Congresso-da-Academia-Mexicana-de-Neurologia2-768x576.jpg 768w, https:\/\/neurovirtual.com\/br\/wp-content\/uploads\/2021\/02\/XXVII-Congresso-da-Academia-Mexicana-de-Neurologia2-333x250.jpg 333w, https:\/\/neurovirtual.com\/br\/wp-content\/uploads\/2021\/02\/XXVII-Congresso-da-Academia-Mexicana-de-Neurologia2-453x340.jpg 453w\" sizes=\"(max-width: 1000px) 100vw, 1000px\" \/><\/a><\/figure><\/li><li class=\"blocks-gallery-item\"><figure><a href=\"https:\/\/neurovirtual.com\/br\/wp-content\/uploads\/2021\/02\/XXVII-Congresso-da-Academia-Mexicana-de-Neurologia-3.jpg\"><img decoding=\"async\" width=\"1000\" height=\"750\" src=\"https:\/\/neurovirtual.com\/br\/wp-content\/uploads\/2021\/02\/XXVII-Congresso-da-Academia-Mexicana-de-Neurologia-3.jpg\" alt=\"\" data-id=\"811718\" data-full-url=\"https:\/\/neurovirtual.com\/br\/wp-content\/uploads\/2021\/02\/XXVII-Congresso-da-Academia-Mexicana-de-Neurologia-3.jpg\" data-link=\"https:\/\/neurovirtual.com\/br\/congressos\/xxvii-congresso-nacional-de-neurologia-pediatrica-a-c\/attachment\/xxvii-congresso-da-academia-mexicana-de-neurologia-3\/\" class=\"wp-image-811718\" srcset=\"https:\/\/neurovirtual.com\/br\/wp-content\/uploads\/2021\/02\/XXVII-Congresso-da-Academia-Mexicana-de-Neurologia-3.jpg 1000w, https:\/\/neurovirtual.com\/br\/wp-content\/uploads\/2021\/02\/XXVII-Congresso-da-Academia-Mexicana-de-Neurologia-3-300x225.jpg 300w, https:\/\/neurovirtual.com\/br\/wp-content\/uploads\/2021\/02\/XXVII-Congresso-da-Academia-Mexicana-de-Neurologia-3-768x576.jpg 768w, https:\/\/neurovirtual.com\/br\/wp-content\/uploads\/2021\/02\/XXVII-Congresso-da-Academia-Mexicana-de-Neurologia-3-333x250.jpg 333w, https:\/\/neurovirtual.com\/br\/wp-content\/uploads\/2021\/02\/XXVII-Congresso-da-Academia-Mexicana-de-Neurologia-3-453x340.jpg 453w\" sizes=\"(max-width: 1000px) 100vw, 1000px\" \/><\/a><\/figure><\/li><\/ul><\/figure>\n\n\n\n<p>Os especialistas tiveram a oportunidade de visitar a \u00e1rea comercial do evento, onde estivemos presentes, vindo a conhecer a linha completa de nossos produtos em Neurologia com especial aten\u00e7\u00e3o para o equipamento <a href=\"https:\/\/neurovirtual.com\/br\/equipamento\/bwiii-eeg-2\/\"><em>BWIII EEG<\/em><\/a>, o qual \u00e9 destinado para os exames EEG de rotina, leve e f\u00e1cil de carreg\u00e1-lo a distintos locais.<\/p>\n\n\n\n<p>No final do evento, na mesa de encerramento, a Academia Mexicana de Neurologia Pedi\u00e1trica realizou o sorteio de um <a href=\"https:\/\/neurovirtual.com\/br\/equipamento\/bwiii-eeg-2\/\"><em>BWIII EEG Neurovirtual<\/em>,<\/a> em que a ganhadora foi a Dra. Leticia Munive B\u00e1ez (Neurologia Pedi\u00e1trica) da Cidade do M\u00e9xico.<\/p>\n\n\n\n<blockquote class=\"wp-block-quote is-layout-flow wp-block-quote-is-layout-flow\"><p><em>\u201cBuscamos participar assiduamente de eventos deste tipo, pois nos ajudam significativamente a conhecer as atualiza\u00e7\u00f5es e demandas do mercado, com o objetivo de melhorar nossos produtos e seguir sendo uma marca competitiva dentro do setor\u201d<\/em>, assegurou Marcelo Belli, representante de vendas no M\u00e9xico.<\/p><\/blockquote>\n","protected":false},"excerpt":{"rendered":"<p>Mais de quinhetos especialistas e residentes da \u00e1rea de Neurologia Pedi\u00e1trica\u00a0 participaram do \u201cXXVII Congresso da Academia Mexicana de Neurologia Pedi\u00e1trica A.C\u201d, realizado entre os dias 22 e 26 de maio, no hotel Sheraton Soberano Chihuahua. Com a participa\u00e7\u00e3o de professores reconhecidos internacionalmente, o evento exp\u00f4s aos participantes as mais recentes descobertas m\u00e9dicas avan\u00e7adas em&#8230;<\/p>\n","protected":false},"author":6,"featured_media":787238,"comment_status":"open","ping_status":"open","sticky":false,"template":"","format":"standard","meta":{"_acf_changed":false,"_joinchat":[],"footnotes":""},"categories":[16,15],"tags":[],"acf":[],"_links":{"self":[{"href":"https:\/\/neurovirtual.com\/br\/wp-json\/wp\/v2\/posts\/787237"}],"collection":[{"href":"https:\/\/neurovirtual.com\/br\/wp-json\/wp\/v2\/posts"}],"about":[{"href":"https:\/\/neurovirtual.com\/br\/wp-json\/wp\/v2\/types\/post"}],"author":[{"embeddable":true,"href":"https:\/\/neurovirtual.com\/br\/wp-json\/wp\/v2\/users\/6"}],"replies":[{"embeddable":true,"href":"https:\/\/neurovirtual.com\/br\/wp-json\/wp\/v2\/comments?post=787237"}],"version-history":[{"count":8,"href":"https:\/\/neurovirtual.com\/br\/wp-json\/wp\/v2\/posts\/787237\/revisions"}],"predecessor-version":[{"id":811724,"href":"https:\/\/neurovirtual.com\/br\/wp-json\/wp\/v2\/posts\/787237\/revisions\/811724"}],"wp:featuredmedia":[{"embeddable":true,"href":"https:\/\/neurovirtual.com\/br\/wp-json\/wp\/v2\/media\/787238"}],"wp:attachment":[{"href":"https:\/\/neurovirtual.com\/br\/wp-json\/wp\/v2\/media?parent=787237"}],"wp:term":[{"taxonomy":"category","embeddable":true,"href":"https:\/\/neurovirtual.com\/br\/wp-json\/wp\/v2\/categories?post=787237"},{"taxonomy":"post_tag","embeddable":true,"href":"https:\/\/neurovirtual.com\/br\/wp-json\/wp\/v2\/tags?post=787237"}],"curies":[{"name":"wp","href":"https:\/\/api.w.org\/{rel}","templated":true}]}}