{"id":787232,"date":"2018-04-28T15:37:58","date_gmt":"2018-04-28T18:37:58","guid":{"rendered":"https:\/\/neurovirtual.com\/br\/?p=787232"},"modified":"2018-08-17T11:23:39","modified_gmt":"2018-08-17T14:23:39","slug":"durma-bem-fortaleca-a-sua-vida-foi-o-tema-do-xxvi-congresso-anual-da-sociedade-espanhola-do-sono","status":"publish","type":"post","link":"https:\/\/neurovirtual.com\/br\/durma-bem-fortaleca-a-sua-vida-foi-o-tema-do-xxvi-congresso-anual-da-sociedade-espanhola-do-sono\/","title":{"rendered":"&#8220;Durma bem, fortale\u00e7a a sua vida&#8221; foi o tema do XXVI Congresso Anual da Sociedade Espanhola do Sono"},"content":{"rendered":"<p><a href=\"http:\/\/neurovirtual.com\/wp-content\/uploads\/2018\/06\/ses2018_banner_1200x200.png\"><img decoding=\"async\" class=\"aligncenter size-large wp-image-799146\" src=\"http:\/\/neurovirtual.com\/wp-content\/uploads\/2018\/06\/ses2018_banner_1200x200-1024x171.png\" alt=\"ses2018_banner_1200x200\" width=\"1024\" height=\"171\" \/><\/a><\/p>\n<p>Especialistas do sono da Espanha e de outras partes do mundo reuniram-se em Barcelona, \u200b\u200bEspanha, entre os dias 26 e 28 de abril para participar do XXVI Congresso Anual da Sociedade Espanhola do Sono, que teve como tema: &#8220;Durma bem, fortale\u00e7a sua vida&#8221;. A reuni\u00e3o refletiu sobre a import\u00e2ncia da Medicina do Sono e da qualidade de vida em geral.<\/p>\n<p><a href=\"http:\/\/neurovirtual.com\/wp-content\/uploads\/2018\/06\/11.jpg\"><img decoding=\"async\" class=\"aligncenter size-medium wp-image-799149\" src=\"http:\/\/neurovirtual.com\/wp-content\/uploads\/2018\/06\/11-300x225.jpg\" alt=\"1\" width=\"300\" height=\"225\" \/><\/a><\/p>\n<p>Al\u00e9m de renomados palestrantes profissionais da Espanha e de outros pa\u00edses, o programa incluiu alguns dos aspectos mais atuais e inovadores da patologia do sono, sem esquecer os tradicionais.<\/p>\n<p>Durante o congresso, a Neurovirtual apresentou sua linha de equipamentos com tecnologia de ponta. Destaque para o <a href=\"https:\/\/neurovirtual.com\/br\/equipamento\/bw-mini-psg-hst\/\">BWMini PSG <\/a>o amplificador compacto e leve, projetado para HST Tipo 3, HST Tipo 2 e Polissonografia In-Lab Tipo 1. Outro item apresentado foi o <a href=\"https:\/\/neurovirtual.com\/br\/equipamento\/bw-iii-psg-plus\/\">BWIII PSG Plus<\/a>, que permite ao usu\u00e1rio realizar EEG e Polissonografia In-Lab da mesma plataforma de hardware e software.<\/p>\n","protected":false},"excerpt":{"rendered":"<p>Especialistas do sono da Espanha e de outras partes do mundo reuniram-se em Barcelona, \u200b\u200bEspanha, entre os dias 26 e 28 de abril para participar do XXVI Congresso Anual da Sociedade Espanhola do Sono, que teve como tema: &#8220;Durma bem, fortale\u00e7a sua vida&#8221;. A reuni\u00e3o refletiu sobre a import\u00e2ncia da Medicina do Sono e da&#8230;<\/p>\n","protected":false},"author":6,"featured_media":787234,"comment_status":"open","ping_status":"open","sticky":false,"template":"","format":"standard","meta":{"_acf_changed":false,"_joinchat":[],"footnotes":""},"categories":[15,16],"tags":[],"acf":[],"_links":{"self":[{"href":"https:\/\/neurovirtual.com\/br\/wp-json\/wp\/v2\/posts\/787232"}],"collection":[{"href":"https:\/\/neurovirtual.com\/br\/wp-json\/wp\/v2\/posts"}],"about":[{"href":"https:\/\/neurovirtual.com\/br\/wp-json\/wp\/v2\/types\/post"}],"author":[{"embeddable":true,"href":"https:\/\/neurovirtual.com\/br\/wp-json\/wp\/v2\/users\/6"}],"replies":[{"embeddable":true,"href":"https:\/\/neurovirtual.com\/br\/wp-json\/wp\/v2\/comments?post=787232"}],"version-history":[{"count":7,"href":"https:\/\/neurovirtual.com\/br\/wp-json\/wp\/v2\/posts\/787232\/revisions"}],"predecessor-version":[{"id":789513,"href":"https:\/\/neurovirtual.com\/br\/wp-json\/wp\/v2\/posts\/787232\/revisions\/789513"}],"wp:featuredmedia":[{"embeddable":true,"href":"https:\/\/neurovirtual.com\/br\/wp-json\/wp\/v2\/media\/787234"}],"wp:attachment":[{"href":"https:\/\/neurovirtual.com\/br\/wp-json\/wp\/v2\/media?parent=787232"}],"wp:term":[{"taxonomy":"category","embeddable":true,"href":"https:\/\/neurovirtual.com\/br\/wp-json\/wp\/v2\/categories?post=787232"},{"taxonomy":"post_tag","embeddable":true,"href":"https:\/\/neurovirtual.com\/br\/wp-json\/wp\/v2\/tags?post=787232"}],"curies":[{"name":"wp","href":"https:\/\/api.w.org\/{rel}","templated":true}]}}