{"id":785849,"date":"2018-03-17T16:48:28","date_gmt":"2018-03-17T19:48:28","guid":{"rendered":"https:\/\/neurovirtual.com\/br\/?p=785849"},"modified":"2018-06-07T20:26:20","modified_gmt":"2018-06-07T23:26:20","slug":"xiii-congresso-colombiano-de-neurologia","status":"publish","type":"post","link":"https:\/\/neurovirtual.com\/br\/xiii-congresso-colombiano-de-neurologia\/","title":{"rendered":"XIII Congresso Colombiano de Neurologia"},"content":{"rendered":"<p><a href=\"https:\/\/neurovirtual.com\/br\/wp-content\/uploads\/2018\/03\/capa-congresso-colombia.jpg\"><img decoding=\"async\" class=\"aligncenter size-full wp-image-787226\" src=\"https:\/\/neurovirtual.com\/br\/wp-content\/uploads\/2018\/03\/capa-congresso-colombia.jpg\" alt=\"capa congresso colombia\" width=\"872\" height=\"234\" srcset=\"https:\/\/neurovirtual.com\/br\/wp-content\/uploads\/2018\/03\/capa-congresso-colombia.jpg 872w, https:\/\/neurovirtual.com\/br\/wp-content\/uploads\/2018\/03\/capa-congresso-colombia-300x81.jpg 300w, https:\/\/neurovirtual.com\/br\/wp-content\/uploads\/2018\/03\/capa-congresso-colombia-460x123.jpg 460w\" sizes=\"(max-width: 872px) 100vw, 872px\" \/><\/a><\/p>\n<p>Entre os dias 15 e 17 de mar\u00e7o, a Associa\u00e7\u00e3o Colombiana de Neurologia promoveu o XIII Congresso Nacional de Neurologia, que reuniu mais de 300 pessoas, entre especialistas e residentes. O encontro foi realizado no Hotel Blue Gardens, localizado na cidade Barranquilla, Col\u00f4mbia.<\/p>\n<p><a href=\"https:\/\/neurovirtual.com\/br\/wp-content\/uploads\/2018\/05\/20180315_115418.jpg\"><img decoding=\"async\" class=\"aligncenter size-medium wp-image-785854\" src=\"https:\/\/neurovirtual.com\/br\/wp-content\/uploads\/2018\/05\/20180315_115418-300x289.jpg\" alt=\"20180315_115418\" width=\"300\" height=\"289\" srcset=\"https:\/\/neurovirtual.com\/br\/wp-content\/uploads\/2018\/05\/20180315_115418-300x289.jpg 300w, https:\/\/neurovirtual.com\/br\/wp-content\/uploads\/2018\/05\/20180315_115418-1024x988.jpg 1024w, https:\/\/neurovirtual.com\/br\/wp-content\/uploads\/2018\/05\/20180315_115418-259x250.jpg 259w, https:\/\/neurovirtual.com\/br\/wp-content\/uploads\/2018\/05\/20180315_115418-352x340.jpg 352w, https:\/\/neurovirtual.com\/br\/wp-content\/uploads\/2018\/05\/20180315_115418.jpg 1920w\" sizes=\"(max-width: 300px) 100vw, 300px\" \/><\/a><\/p>\n<p>O tema principal do congresso foi \u201cNova classifica\u00e7\u00e3o em Epilepsia\u201d, promovido pela Liga Internacional contra a Epilepsia e Cefaleia, dirigido pelo Dr. Joe Mu\u00f1oz e Dr. Michel Volcy. V\u00e1rios especialistas nacionais e internacionais apresentaram palestras, que levaram aos presentes informa\u00e7\u00f5es sobre tudo que h\u00e1 de mais moderno e inovador na \u00e1rea de neurologia e epilepsia.<\/p>\n<p>A Neurovirtual participou do congresso e teve a oportunidade de mostrar aos especialistas os equipamentos mais modernos para diagn\u00f3sticos de epilepsia. Os equipamentos apresentados foram o <a href=\"https:\/\/neurovirtual.com\/br\/equipamento\/bwiii-eeg-plus-icu-monitoracao-eeg\/\"><span style=\"text-decoration: underline;\">BWIII EEG Plus\u00a0ICU<\/span>\u00a0<\/a>ideal para exames de v\u00eddeo EEG e monitoriza\u00e7\u00e3o em UTI, que possui mais de 50 canais e grava\u00e7\u00e3o de v\u00eddeo em HD e o novo <a href=\"https:\/\/neurovirtual.com\/br\/equipamento\/bwmini-eeg\/\">BWMini EEG<\/a> uma solu\u00e7\u00e3o port\u00e1til e domiciliar para a realiza\u00e7\u00e3o de exames de EEG, que grava at\u00e9 72 horas de exame.<\/p>\n<p><a href=\"https:\/\/neurovirtual.com\/br\/wp-content\/uploads\/2018\/05\/20180316_112419.png\"><img decoding=\"async\" class=\"aligncenter size-medium wp-image-785855\" src=\"https:\/\/neurovirtual.com\/br\/wp-content\/uploads\/2018\/05\/20180316_112419-284x300.png\" alt=\"20180316_112419\" width=\"284\" height=\"300\" srcset=\"https:\/\/neurovirtual.com\/br\/wp-content\/uploads\/2018\/05\/20180316_112419-284x300.png 284w, https:\/\/neurovirtual.com\/br\/wp-content\/uploads\/2018\/05\/20180316_112419-968x1024.png 968w, https:\/\/neurovirtual.com\/br\/wp-content\/uploads\/2018\/05\/20180316_112419-236x250.png 236w, https:\/\/neurovirtual.com\/br\/wp-content\/uploads\/2018\/05\/20180316_112419-321x340.png 321w, https:\/\/neurovirtual.com\/br\/wp-content\/uploads\/2018\/05\/20180316_112419.png 1814w\" sizes=\"(max-width: 284px) 100vw, 284px\" \/><\/a><\/p>\n","protected":false},"excerpt":{"rendered":"<p>Entre os dias 15 e 17 de mar\u00e7o, a Associa\u00e7\u00e3o Colombiana de Neurologia promoveu o XIII Congresso Nacional de Neurologia, que reuniu mais de 300 pessoas, entre especialistas e residentes. O encontro foi realizado no Hotel Blue Gardens, localizado na cidade Barranquilla, Col\u00f4mbia. O tema principal do congresso foi \u201cNova classifica\u00e7\u00e3o em Epilepsia\u201d, promovido pela&#8230;<\/p>\n","protected":false},"author":6,"featured_media":785850,"comment_status":"open","ping_status":"open","sticky":false,"template":"","format":"standard","meta":{"_acf_changed":false,"_joinchat":[],"footnotes":""},"categories":[15,16],"tags":[],"acf":[],"_links":{"self":[{"href":"https:\/\/neurovirtual.com\/br\/wp-json\/wp\/v2\/posts\/785849"}],"collection":[{"href":"https:\/\/neurovirtual.com\/br\/wp-json\/wp\/v2\/posts"}],"about":[{"href":"https:\/\/neurovirtual.com\/br\/wp-json\/wp\/v2\/types\/post"}],"author":[{"embeddable":true,"href":"https:\/\/neurovirtual.com\/br\/wp-json\/wp\/v2\/users\/6"}],"replies":[{"embeddable":true,"href":"https:\/\/neurovirtual.com\/br\/wp-json\/wp\/v2\/comments?post=785849"}],"version-history":[{"count":4,"href":"https:\/\/neurovirtual.com\/br\/wp-json\/wp\/v2\/posts\/785849\/revisions"}],"predecessor-version":[{"id":787227,"href":"https:\/\/neurovirtual.com\/br\/wp-json\/wp\/v2\/posts\/785849\/revisions\/787227"}],"wp:featuredmedia":[{"embeddable":true,"href":"https:\/\/neurovirtual.com\/br\/wp-json\/wp\/v2\/media\/785850"}],"wp:attachment":[{"href":"https:\/\/neurovirtual.com\/br\/wp-json\/wp\/v2\/media?parent=785849"}],"wp:term":[{"taxonomy":"category","embeddable":true,"href":"https:\/\/neurovirtual.com\/br\/wp-json\/wp\/v2\/categories?post=785849"},{"taxonomy":"post_tag","embeddable":true,"href":"https:\/\/neurovirtual.com\/br\/wp-json\/wp\/v2\/tags?post=785849"}],"curies":[{"name":"wp","href":"https:\/\/api.w.org\/{rel}","templated":true}]}}