{"id":783502,"date":"2018-03-22T11:04:50","date_gmt":"2018-03-22T14:04:50","guid":{"rendered":"https:\/\/neurovirtual.com\/br\/?p=783502"},"modified":"2018-03-22T11:14:42","modified_gmt":"2018-03-22T14:14:42","slug":"simposio-sono-e-comportamento","status":"publish","type":"post","link":"https:\/\/neurovirtual.com\/br\/simposio-sono-e-comportamento\/","title":{"rendered":"Simp\u00f3sio: \u201cSono e Comportamento\u201d"},"content":{"rendered":"<p>O Simp\u00f3sio abordar\u00e1 os principais transtornos do sono e suas implica\u00e7\u00f5es no comportamento humano. O principal foco ser\u00e3o as repercuss\u00f5es da ins\u00f4nia, priva\u00e7\u00e3o de sono e parassonias.\u00a0Haver\u00e1 um convidado internacional ilustre Dr. Carlos H. Schenck, psiquiatra\u00a0que descreveu ao parassonia Transtorno Comportamental do sono REM e\u00a0estudioso dos transtornos alimentares e sexuais relacionados ao sono,\u00a0vinculado a Universidade de Minnesota (Minneapolis -EUA).<br \/>\nN\u00e3o haver\u00e1 tradu\u00e7\u00e3o simult\u00e2nea!<\/p>\n<p>LOCAL: Anfiteatro Principal \u2013 Instituto de Psiquiatria do HCFMUSP<br \/>\n\u200bRua Dr. Ov\u00eddio Pires de Campos, 785 &#8211; 1\u00ba andar<br \/>\nCEP: 05403-010 \u2013 S\u00e3o Paulo, SP<\/p>\n<p>http:\/\/www.ceip.org.br\/cursos-e-eventos\/simposio-sono-e-comportamento\/<\/p>\n<p><a href=\"https:\/\/neurovirtual.com\/br\/wp-content\/uploads\/2018\/03\/layout-simposio-do-sono-abp_2.png\"><img decoding=\"async\" class=\"aligncenter size-full wp-image-783509\" src=\"https:\/\/neurovirtual.com\/br\/wp-content\/uploads\/2018\/03\/layout-simposio-do-sono-abp_2.png\" alt=\"layout-simposio-do-sono-abp_2\" width=\"1000\" height=\"1385\" srcset=\"https:\/\/neurovirtual.com\/br\/wp-content\/uploads\/2018\/03\/layout-simposio-do-sono-abp_2.png 1000w, https:\/\/neurovirtual.com\/br\/wp-content\/uploads\/2018\/03\/layout-simposio-do-sono-abp_2-217x300.png 217w, https:\/\/neurovirtual.com\/br\/wp-content\/uploads\/2018\/03\/layout-simposio-do-sono-abp_2-739x1024.png 739w, https:\/\/neurovirtual.com\/br\/wp-content\/uploads\/2018\/03\/layout-simposio-do-sono-abp_2-181x250.png 181w, https:\/\/neurovirtual.com\/br\/wp-content\/uploads\/2018\/03\/layout-simposio-do-sono-abp_2-245x340.png 245w\" sizes=\"(max-width: 1000px) 100vw, 1000px\" \/><\/a><\/p>\n<p>&nbsp;<\/p>\n<p>&nbsp;<\/p>\n","protected":false},"excerpt":{"rendered":"<p>O Simp\u00f3sio abordar\u00e1 os principais transtornos do sono e suas implica\u00e7\u00f5es no comportamento humano. O principal foco ser\u00e3o as repercuss\u00f5es da ins\u00f4nia, priva\u00e7\u00e3o de sono e parassonias.\u00a0Haver\u00e1 um convidado internacional ilustre Dr. Carlos H. Schenck, psiquiatra\u00a0que descreveu ao parassonia Transtorno Comportamental do sono REM e\u00a0estudioso dos transtornos alimentares e sexuais relacionados ao sono,\u00a0vinculado a Universidade&#8230;<\/p>\n","protected":false},"author":6,"featured_media":783510,"comment_status":"open","ping_status":"open","sticky":false,"template":"","format":"standard","meta":{"_acf_changed":false,"_joinchat":[],"footnotes":""},"categories":[18,16],"tags":[],"acf":[],"_links":{"self":[{"href":"https:\/\/neurovirtual.com\/br\/wp-json\/wp\/v2\/posts\/783502"}],"collection":[{"href":"https:\/\/neurovirtual.com\/br\/wp-json\/wp\/v2\/posts"}],"about":[{"href":"https:\/\/neurovirtual.com\/br\/wp-json\/wp\/v2\/types\/post"}],"author":[{"embeddable":true,"href":"https:\/\/neurovirtual.com\/br\/wp-json\/wp\/v2\/users\/6"}],"replies":[{"embeddable":true,"href":"https:\/\/neurovirtual.com\/br\/wp-json\/wp\/v2\/comments?post=783502"}],"version-history":[{"count":4,"href":"https:\/\/neurovirtual.com\/br\/wp-json\/wp\/v2\/posts\/783502\/revisions"}],"predecessor-version":[{"id":783512,"href":"https:\/\/neurovirtual.com\/br\/wp-json\/wp\/v2\/posts\/783502\/revisions\/783512"}],"wp:featuredmedia":[{"embeddable":true,"href":"https:\/\/neurovirtual.com\/br\/wp-json\/wp\/v2\/media\/783510"}],"wp:attachment":[{"href":"https:\/\/neurovirtual.com\/br\/wp-json\/wp\/v2\/media?parent=783502"}],"wp:term":[{"taxonomy":"category","embeddable":true,"href":"https:\/\/neurovirtual.com\/br\/wp-json\/wp\/v2\/categories?post=783502"},{"taxonomy":"post_tag","embeddable":true,"href":"https:\/\/neurovirtual.com\/br\/wp-json\/wp\/v2\/tags?post=783502"}],"curies":[{"name":"wp","href":"https:\/\/api.w.org\/{rel}","templated":true}]}}