{"id":783468,"date":"2018-03-15T12:35:58","date_gmt":"2018-03-15T15:35:58","guid":{"rendered":"https:\/\/neurovirtual.com\/br\/?p=783468"},"modified":"2018-03-15T12:37:11","modified_gmt":"2018-03-15T15:37:11","slug":"curso-latino-americano-de-eletroencefalografia-e-video-eeg","status":"publish","type":"post","link":"https:\/\/neurovirtual.com\/br\/curso-latino-americano-de-eletroencefalografia-e-video-eeg\/","title":{"rendered":"Curso Latino-americano de Eletroencefalografia e V\u00eddeo EEG"},"content":{"rendered":"<p><a href=\"https:\/\/neurovirtual.com\/br\/wp-content\/uploads\/2018\/03\/CURSO-final.png\"><img decoding=\"async\" class=\"aligncenter size-large wp-image-783473\" src=\"https:\/\/neurovirtual.com\/br\/wp-content\/uploads\/2018\/03\/CURSO-final-1024x266.png\" alt=\"CURSO final\" width=\"1024\" height=\"266\" srcset=\"https:\/\/neurovirtual.com\/br\/wp-content\/uploads\/2018\/03\/CURSO-final-1024x266.png 1024w, https:\/\/neurovirtual.com\/br\/wp-content\/uploads\/2018\/03\/CURSO-final-300x78.png 300w, https:\/\/neurovirtual.com\/br\/wp-content\/uploads\/2018\/03\/CURSO-final-962x250.png 962w, https:\/\/neurovirtual.com\/br\/wp-content\/uploads\/2018\/03\/CURSO-final.png 1920w, https:\/\/neurovirtual.com\/br\/wp-content\/uploads\/2018\/03\/CURSO-final-460x120.png 460w\" sizes=\"(max-width: 1024px) 100vw, 1024px\" \/><\/a><\/p>\n<p>Est\u00e3o abertas as inscri\u00e7\u00f5es para o <a href=\"https:\/\/cursoeeg.com\/\" target=\"_blank\" rel=\"noopener\">Curso Latino-Americano de Eletroencefalografia e V\u00eddeo EEG<\/a>, que acontecer\u00e1 nos dias 22 e 23 de junho, no Hospital Universit\u00e1rio da Funda\u00e7\u00e3o Santa F\u00e9 de Bogot\u00e1. O diretor cient\u00edfico do curso, Dr. Luis Mayor (Col\u00f4mbia) e a diretora Dra. Elza M\u00e1rcia Yacubian (Brasil) ressaltam que o exame de v\u00eddeo EEG no diagn\u00f3stico de doen\u00e7as como a epilepsia \u00e9 fundamental para ajudar a definir o estado do paciente, especialmente quando os medicamentos n\u00e3o est\u00e3o sendo eficazes no tratamento.<\/p>\n<p>O <a href=\"https:\/\/cursoeeg.com\/\" target=\"_blank\" rel=\"noopener\">Curso Latino-Americano de Eletroencefalografia e V\u00eddeo EEG<\/a> ter\u00e1 a presen\u00e7a de conferencistas convidados: Dra. Patricia Braga (Uruguai), Dra. Loreto R\u00edos (Chile), Dr. Jaime Parra (Espanha), Dr. Daniel Nari\u00f1o (Col\u00f4mbia) e Dr. Walter Gonz\u00e1lez (Col\u00f4mbia), que v\u00e3o abordar temas como: Atividade Epileptiforme Focal e Generalizada, EEG com um paciente na UTI e Erros de interpreta\u00e7\u00e3o no Diagn\u00f3stico.<\/p>\n<p>A Neurovirtual orgulha-se em contribuir com a forma\u00e7\u00e3o dos profissionais da neurologia e para o avan\u00e7o na qualidade do diagn\u00f3stico, ao promover esse e outros cursos, como: 1\u00ba Workshop em Polissonografia para t\u00e9cnicos e especialistas em medicina do sono (M\u00e9xico), Curso T\u00e9cnico de Polissonografia (Col\u00f4mbia), Eletroencefalograma: da rotina \u00e0 monitoriza\u00e7\u00e3o cont\u00ednua (Brasil), dentre outros.<\/p>\n<p>Para a realizar sua inscri\u00e7\u00e3o, acesse: <a href=\"https:\/\/cursoeeg.com\/\" target=\"_blank\" rel=\"noopener\">https:\/\/cursoeeg.com\/<\/a><\/p>\n","protected":false},"excerpt":{"rendered":"<p>Est\u00e3o abertas as inscri\u00e7\u00f5es para o Curso Latino-Americano de Eletroencefalografia e V\u00eddeo EEG, que acontecer\u00e1 nos dias 22 e 23 de junho, no Hospital Universit\u00e1rio da Funda\u00e7\u00e3o Santa F\u00e9 de Bogot\u00e1. O diretor cient\u00edfico do curso, Dr. Luis Mayor (Col\u00f4mbia) e a diretora Dra. Elza M\u00e1rcia Yacubian (Brasil) ressaltam que o exame de v\u00eddeo EEG&#8230;<\/p>\n","protected":false},"author":6,"featured_media":783474,"comment_status":"open","ping_status":"open","sticky":false,"template":"","format":"standard","meta":{"_acf_changed":false,"_joinchat":[],"footnotes":""},"categories":[18,16],"tags":[],"acf":[],"_links":{"self":[{"href":"https:\/\/neurovirtual.com\/br\/wp-json\/wp\/v2\/posts\/783468"}],"collection":[{"href":"https:\/\/neurovirtual.com\/br\/wp-json\/wp\/v2\/posts"}],"about":[{"href":"https:\/\/neurovirtual.com\/br\/wp-json\/wp\/v2\/types\/post"}],"author":[{"embeddable":true,"href":"https:\/\/neurovirtual.com\/br\/wp-json\/wp\/v2\/users\/6"}],"replies":[{"embeddable":true,"href":"https:\/\/neurovirtual.com\/br\/wp-json\/wp\/v2\/comments?post=783468"}],"version-history":[{"count":3,"href":"https:\/\/neurovirtual.com\/br\/wp-json\/wp\/v2\/posts\/783468\/revisions"}],"predecessor-version":[{"id":783477,"href":"https:\/\/neurovirtual.com\/br\/wp-json\/wp\/v2\/posts\/783468\/revisions\/783477"}],"wp:featuredmedia":[{"embeddable":true,"href":"https:\/\/neurovirtual.com\/br\/wp-json\/wp\/v2\/media\/783474"}],"wp:attachment":[{"href":"https:\/\/neurovirtual.com\/br\/wp-json\/wp\/v2\/media?parent=783468"}],"wp:term":[{"taxonomy":"category","embeddable":true,"href":"https:\/\/neurovirtual.com\/br\/wp-json\/wp\/v2\/categories?post=783468"},{"taxonomy":"post_tag","embeddable":true,"href":"https:\/\/neurovirtual.com\/br\/wp-json\/wp\/v2\/tags?post=783468"}],"curies":[{"name":"wp","href":"https:\/\/api.w.org\/{rel}","templated":true}]}}