{"id":783256,"date":"2017-11-18T13:58:20","date_gmt":"2017-11-18T15:58:20","guid":{"rendered":"https:\/\/neurovirtual.com\/br\/?p=783256"},"modified":"2018-01-23T14:11:12","modified_gmt":"2018-01-23T16:11:12","slug":"2o-workshop-latino-americano-sobre-monitoramento-continuo-de-eeg-em-cuidados-intensivos","status":"publish","type":"post","link":"https:\/\/neurovirtual.com\/br\/2o-workshop-latino-americano-sobre-monitoramento-continuo-de-eeg-em-cuidados-intensivos\/","title":{"rendered":"2\u00ba Workshop Latino-Americano sobre Monitoramento Cont\u00ednuo de EEG em Cuidados Intensivos"},"content":{"rendered":"<p><a href=\"https:\/\/neurovirtual.com\/br\/wp-content\/uploads\/2018\/01\/ICU.jpg\"><img decoding=\"async\" class=\"aligncenter size-full wp-image-783257\" src=\"https:\/\/neurovirtual.com\/br\/wp-content\/uploads\/2018\/01\/ICU.jpg\" alt=\"ICU\" width=\"960\" height=\"376\" srcset=\"https:\/\/neurovirtual.com\/br\/wp-content\/uploads\/2018\/01\/ICU.jpg 960w, https:\/\/neurovirtual.com\/br\/wp-content\/uploads\/2018\/01\/ICU-300x118.jpg 300w, https:\/\/neurovirtual.com\/br\/wp-content\/uploads\/2018\/01\/ICU-638x250.jpg 638w, https:\/\/neurovirtual.com\/br\/wp-content\/uploads\/2018\/01\/ICU-460x180.jpg 460w\" sizes=\"(max-width: 960px) 100vw, 960px\" \/><\/a><\/p>\n<p>Cerca de 60 m\u00e9dicos especialistas participaram do 2\u00ba Workshop Latino-Americano sobre Monitoramento Cont\u00ednuo de EEG em Cuidados Intensivos, que aconteceu entre os dias 16 e 18 de novembro. O evento foi organizado pela Sociedade Mexicana de Neurofisiologia Cl\u00ednica, A.C, que aconteceu no Hotel Gallery Plaza, Cidade do M\u00e9xico.<\/p>\n<p><a href=\"https:\/\/neurovirtual.com\/br\/wp-content\/uploads\/2018\/01\/ICU3.jpg\"><img decoding=\"async\" class=\"aligncenter size-medium wp-image-783258\" src=\"https:\/\/neurovirtual.com\/br\/wp-content\/uploads\/2018\/01\/ICU3-300x225.jpg\" alt=\"ICU3\" width=\"300\" height=\"225\" srcset=\"https:\/\/neurovirtual.com\/br\/wp-content\/uploads\/2018\/01\/ICU3-300x225.jpg 300w, https:\/\/neurovirtual.com\/br\/wp-content\/uploads\/2018\/01\/ICU3-333x250.jpg 333w, https:\/\/neurovirtual.com\/br\/wp-content\/uploads\/2018\/01\/ICU3-453x340.jpg 453w, https:\/\/neurovirtual.com\/br\/wp-content\/uploads\/2018\/01\/ICU3.jpg 960w\" sizes=\"(max-width: 300px) 100vw, 300px\" \/><\/a><\/p>\n<p>O evento foi coordenado por grandes professores com o intuito de apresentar as novas tend\u00eancias e m\u00e9todos da \u00e1rea para profissionais. Os principais temas abordados foram: crise e estado epil\u00e9ptico em adultos, valor progn\u00f3stico da EEGc grave em adultos, gest\u00e3o do estado epil\u00e9ptico refrat\u00e1rio e estado superrefrat\u00e1rio, sess\u00e3o de leitura EEGc para adultos e o EEGc em idades pedi\u00e1tricas, entre outros assuntos.<\/p>\n<p><a href=\"https:\/\/neurovirtual.com\/br\/wp-content\/uploads\/2018\/01\/ICU-7.jpg\"><img decoding=\"async\" class=\"aligncenter size-medium wp-image-783259\" src=\"https:\/\/neurovirtual.com\/br\/wp-content\/uploads\/2018\/01\/ICU-7-225x300.jpg\" alt=\"ICU 7\" width=\"225\" height=\"300\" srcset=\"https:\/\/neurovirtual.com\/br\/wp-content\/uploads\/2018\/01\/ICU-7-225x300.jpg 225w, https:\/\/neurovirtual.com\/br\/wp-content\/uploads\/2018\/01\/ICU-7-188x250.jpg 188w, https:\/\/neurovirtual.com\/br\/wp-content\/uploads\/2018\/01\/ICU-7-255x340.jpg 255w, https:\/\/neurovirtual.com\/br\/wp-content\/uploads\/2018\/01\/ICU-7.jpg 720w\" sizes=\"(max-width: 225px) 100vw, 225px\" \/><\/a><\/p>\n<p>Essa foi a primeira vez que a Neurovirtual participou desse evento, com o objetivo de divulgar aos participantes as novas modalidades de equipamentos de cuidados intensivos, com destaque para o monitoramento cerebral BWIII EEG Plus ICU (EEG \/ LTM \/ UTI). Os presentes puderam interagir com a equipe da Neurovirtual e tirar d\u00favidas sobre o equipamento. Estar perto desses profissionais foi de extrema import\u00e2ncia para contribuir para a melhoria de nossos equipamentos.<\/p>\n<p><a href=\"https:\/\/neurovirtual.com\/br\/wp-content\/uploads\/2018\/01\/ICU4.jpg\"><img decoding=\"async\" class=\"aligncenter size-medium wp-image-783260\" src=\"https:\/\/neurovirtual.com\/br\/wp-content\/uploads\/2018\/01\/ICU4-300x225.jpg\" alt=\"ICU4\" width=\"300\" height=\"225\" srcset=\"https:\/\/neurovirtual.com\/br\/wp-content\/uploads\/2018\/01\/ICU4-300x225.jpg 300w, https:\/\/neurovirtual.com\/br\/wp-content\/uploads\/2018\/01\/ICU4-333x250.jpg 333w, https:\/\/neurovirtual.com\/br\/wp-content\/uploads\/2018\/01\/ICU4-453x340.jpg 453w, https:\/\/neurovirtual.com\/br\/wp-content\/uploads\/2018\/01\/ICU4.jpg 960w\" sizes=\"(max-width: 300px) 100vw, 300px\" \/><\/a><\/p>\n<p>&nbsp;<\/p>\n","protected":false},"excerpt":{"rendered":"<p>Cerca de 60 m\u00e9dicos especialistas participaram do 2\u00ba Workshop Latino-Americano sobre Monitoramento Cont\u00ednuo de EEG em Cuidados Intensivos, que aconteceu entre os dias 16 e 18 de novembro. O evento foi organizado pela Sociedade Mexicana de Neurofisiologia Cl\u00ednica, A.C, que aconteceu no Hotel Gallery Plaza, Cidade do M\u00e9xico. O evento foi coordenado por grandes professores&#8230;<\/p>\n","protected":false},"author":6,"featured_media":783261,"comment_status":"open","ping_status":"open","sticky":false,"template":"","format":"standard","meta":{"_acf_changed":false,"_joinchat":[],"footnotes":""},"categories":[18],"tags":[],"acf":[],"_links":{"self":[{"href":"https:\/\/neurovirtual.com\/br\/wp-json\/wp\/v2\/posts\/783256"}],"collection":[{"href":"https:\/\/neurovirtual.com\/br\/wp-json\/wp\/v2\/posts"}],"about":[{"href":"https:\/\/neurovirtual.com\/br\/wp-json\/wp\/v2\/types\/post"}],"author":[{"embeddable":true,"href":"https:\/\/neurovirtual.com\/br\/wp-json\/wp\/v2\/users\/6"}],"replies":[{"embeddable":true,"href":"https:\/\/neurovirtual.com\/br\/wp-json\/wp\/v2\/comments?post=783256"}],"version-history":[{"count":1,"href":"https:\/\/neurovirtual.com\/br\/wp-json\/wp\/v2\/posts\/783256\/revisions"}],"predecessor-version":[{"id":783262,"href":"https:\/\/neurovirtual.com\/br\/wp-json\/wp\/v2\/posts\/783256\/revisions\/783262"}],"wp:featuredmedia":[{"embeddable":true,"href":"https:\/\/neurovirtual.com\/br\/wp-json\/wp\/v2\/media\/783261"}],"wp:attachment":[{"href":"https:\/\/neurovirtual.com\/br\/wp-json\/wp\/v2\/media?parent=783256"}],"wp:term":[{"taxonomy":"category","embeddable":true,"href":"https:\/\/neurovirtual.com\/br\/wp-json\/wp\/v2\/categories?post=783256"},{"taxonomy":"post_tag","embeddable":true,"href":"https:\/\/neurovirtual.com\/br\/wp-json\/wp\/v2\/tags?post=783256"}],"curies":[{"name":"wp","href":"https:\/\/api.w.org\/{rel}","templated":true}]}}