{"id":783232,"date":"2017-11-05T11:18:11","date_gmt":"2017-11-05T13:18:11","guid":{"rendered":"https:\/\/neurovirtual.com\/br\/?p=783232"},"modified":"2018-02-27T17:29:11","modified_gmt":"2018-02-27T20:29:11","slug":"xli-reuniao-anual-da-academia-mexicana-de-neurologia","status":"publish","type":"post","link":"https:\/\/neurovirtual.com\/br\/xli-reuniao-anual-da-academia-mexicana-de-neurologia\/","title":{"rendered":"XLI Reuni\u00e3o Anual da Academia Mexicana de Neurologia"},"content":{"rendered":"<p><a href=\"https:\/\/neurovirtual.com\/br\/wp-content\/uploads\/2018\/01\/1286_principal.jpg\"><img decoding=\"async\" class=\"aligncenter size-large wp-image-783233\" src=\"https:\/\/neurovirtual.com\/br\/wp-content\/uploads\/2018\/01\/1286_principal-1024x300.jpg\" alt=\"1286_principal\" width=\"1024\" height=\"300\" srcset=\"https:\/\/neurovirtual.com\/br\/wp-content\/uploads\/2018\/01\/1286_principal-1024x300.jpg 1024w, https:\/\/neurovirtual.com\/br\/wp-content\/uploads\/2018\/01\/1286_principal-300x88.jpg 300w, https:\/\/neurovirtual.com\/br\/wp-content\/uploads\/2018\/01\/1286_principal-853x250.jpg 853w, https:\/\/neurovirtual.com\/br\/wp-content\/uploads\/2018\/01\/1286_principal-460x135.jpg 460w, https:\/\/neurovirtual.com\/br\/wp-content\/uploads\/2018\/01\/1286_principal.jpg 1150w\" sizes=\"(max-width: 1024px) 100vw, 1024px\" \/><\/a><\/p>\n<p>\u201cAbrindo caminhos e derrubando muros\u201d. Esse foi o tema que norteou um dos eventos mais importantes da Neurologia no M\u00e9xico, que aconteceu entre os dias 31 de outubro e 5 de novembro no World Trade Veracruz Center, em Boca del R\u00edo, Veracruz. A XLI AMN reuniu cerca de 500 m\u00e9dicos, especialistas e residentes da \u00e1rea de Neurologia, al\u00e9m de professores de diferentes partes do mundo, como Estados Unidos, Canad\u00e1, Col\u00f4mbia, Alemanha, Equador, Argentina e M\u00e9xico.<\/p>\n<p><a href=\"https:\/\/neurovirtual.com\/br\/wp-content\/uploads\/2018\/01\/20171103_122427.jpg\"><img decoding=\"async\" class=\"aligncenter size-medium wp-image-783238\" src=\"https:\/\/neurovirtual.com\/br\/wp-content\/uploads\/2018\/01\/20171103_122427-300x225.jpg\" alt=\"20171103_122427\" width=\"300\" height=\"225\" srcset=\"https:\/\/neurovirtual.com\/br\/wp-content\/uploads\/2018\/01\/20171103_122427-300x225.jpg 300w, https:\/\/neurovirtual.com\/br\/wp-content\/uploads\/2018\/01\/20171103_122427-1024x768.jpg 1024w, https:\/\/neurovirtual.com\/br\/wp-content\/uploads\/2018\/01\/20171103_122427-333x250.jpg 333w, https:\/\/neurovirtual.com\/br\/wp-content\/uploads\/2018\/01\/20171103_122427-453x340.jpg 453w, https:\/\/neurovirtual.com\/br\/wp-content\/uploads\/2018\/01\/20171103_122427.jpg 1920w\" sizes=\"(max-width: 300px) 100vw, 300px\" \/><\/a><\/p>\n<p>A reuni\u00e3o contribuiu para levar as principais atualiza\u00e7\u00f5es no campo da neurol\u00f3gia a esses profissionais, al\u00e9m de enfatizar problemas relacionados com Epilepsia e Sono, Dist\u00farbios do sono e Parkinson, Dist\u00farbios do sono e Doen\u00e7as Neurol\u00f3gicas, Neuro-Oncologia, Doen\u00e7a Vascular Cerebral, Convuls\u00f5es Epil\u00e9pticas Neonatais, entre outros temas de interesse.<br \/>\n<a href=\"https:\/\/neurovirtual.com\/br\/wp-content\/uploads\/2018\/01\/20171103_114902.jpg\"><img decoding=\"async\" class=\"aligncenter size-medium wp-image-783237\" src=\"https:\/\/neurovirtual.com\/br\/wp-content\/uploads\/2018\/01\/20171103_114902-300x225.jpg\" alt=\"20171103_114902\" width=\"300\" height=\"225\" srcset=\"https:\/\/neurovirtual.com\/br\/wp-content\/uploads\/2018\/01\/20171103_114902-300x225.jpg 300w, https:\/\/neurovirtual.com\/br\/wp-content\/uploads\/2018\/01\/20171103_114902-1024x768.jpg 1024w, https:\/\/neurovirtual.com\/br\/wp-content\/uploads\/2018\/01\/20171103_114902-333x250.jpg 333w, https:\/\/neurovirtual.com\/br\/wp-content\/uploads\/2018\/01\/20171103_114902-453x340.jpg 453w, https:\/\/neurovirtual.com\/br\/wp-content\/uploads\/2018\/01\/20171103_114902.jpg 1920w\" sizes=\"(max-width: 300px) 100vw, 300px\" \/><\/a><\/p>\n<p>O encerramento foi realizado em um jantar de gala, onde um dos equipamentos da Neurovirtual foi\u00a0 sorteado entre os participantes. Foi um privil\u00e9gio para n\u00f3s participar desse evento de extrema import\u00e2ncia para a neurologia, que tamb\u00e9m permitiu a troca de experi\u00eancia e conhecimentos entre especialistas da \u00e1rea. Agradecemos \u00e0 Academia Mexicana de Neurologia pela excelente oportunidade!<\/p>\n<p><a href=\"https:\/\/neurovirtual.com\/br\/wp-content\/uploads\/2018\/01\/20171103_114902.jpg\"><img decoding=\"async\" class=\"aligncenter size-medium wp-image-783235\" src=\"https:\/\/neurovirtual.com\/br\/wp-content\/uploads\/2018\/01\/20171103_105049-300x225.jpg\" alt=\"20171103_105049\" width=\"300\" height=\"225\" srcset=\"https:\/\/neurovirtual.com\/br\/wp-content\/uploads\/2018\/01\/20171103_105049-300x225.jpg 300w, https:\/\/neurovirtual.com\/br\/wp-content\/uploads\/2018\/01\/20171103_105049-1024x768.jpg 1024w, https:\/\/neurovirtual.com\/br\/wp-content\/uploads\/2018\/01\/20171103_105049-333x250.jpg 333w, https:\/\/neurovirtual.com\/br\/wp-content\/uploads\/2018\/01\/20171103_105049-453x340.jpg 453w, https:\/\/neurovirtual.com\/br\/wp-content\/uploads\/2018\/01\/20171103_105049.jpg 1920w\" sizes=\"(max-width: 300px) 100vw, 300px\" \/><\/a><\/p>\n","protected":false},"excerpt":{"rendered":"<p>\u201cAbrindo caminhos e derrubando muros\u201d. Esse foi o tema que norteou um dos eventos mais importantes da Neurologia no M\u00e9xico, que aconteceu entre os dias 31 de outubro e 5 de novembro no World Trade Veracruz Center, em Boca del R\u00edo, Veracruz. A XLI AMN reuniu cerca de 500 m\u00e9dicos, especialistas e residentes da \u00e1rea&#8230;<\/p>\n","protected":false},"author":6,"featured_media":783234,"comment_status":"open","ping_status":"open","sticky":false,"template":"","format":"standard","meta":{"_acf_changed":false,"_joinchat":[],"footnotes":""},"categories":[15],"tags":[],"acf":[],"_links":{"self":[{"href":"https:\/\/neurovirtual.com\/br\/wp-json\/wp\/v2\/posts\/783232"}],"collection":[{"href":"https:\/\/neurovirtual.com\/br\/wp-json\/wp\/v2\/posts"}],"about":[{"href":"https:\/\/neurovirtual.com\/br\/wp-json\/wp\/v2\/types\/post"}],"author":[{"embeddable":true,"href":"https:\/\/neurovirtual.com\/br\/wp-json\/wp\/v2\/users\/6"}],"replies":[{"embeddable":true,"href":"https:\/\/neurovirtual.com\/br\/wp-json\/wp\/v2\/comments?post=783232"}],"version-history":[{"count":5,"href":"https:\/\/neurovirtual.com\/br\/wp-json\/wp\/v2\/posts\/783232\/revisions"}],"predecessor-version":[{"id":783425,"href":"https:\/\/neurovirtual.com\/br\/wp-json\/wp\/v2\/posts\/783232\/revisions\/783425"}],"wp:featuredmedia":[{"embeddable":true,"href":"https:\/\/neurovirtual.com\/br\/wp-json\/wp\/v2\/media\/783234"}],"wp:attachment":[{"href":"https:\/\/neurovirtual.com\/br\/wp-json\/wp\/v2\/media?parent=783232"}],"wp:term":[{"taxonomy":"category","embeddable":true,"href":"https:\/\/neurovirtual.com\/br\/wp-json\/wp\/v2\/categories?post=783232"},{"taxonomy":"post_tag","embeddable":true,"href":"https:\/\/neurovirtual.com\/br\/wp-json\/wp\/v2\/tags?post=783232"}],"curies":[{"name":"wp","href":"https:\/\/api.w.org\/{rel}","templated":true}]}}