{"id":782305,"date":"2017-11-16T14:05:19","date_gmt":"2017-11-16T16:05:19","guid":{"rendered":"https:\/\/neurovirtual.com\/br\/?p=782305"},"modified":"2018-02-27T17:27:52","modified_gmt":"2018-02-27T20:27:52","slug":"a-neurovirtual-promove-sua-2a-reuniao-anual-de-distribuidores-na-medica-2017","status":"publish","type":"post","link":"https:\/\/neurovirtual.com\/br\/a-neurovirtual-promove-sua-2a-reuniao-anual-de-distribuidores-na-medica-2017\/","title":{"rendered":"A Neurovirtual promove sua 2\u00aa reuni\u00e3o anual de distribuidores na MEDICA 2017"},"content":{"rendered":"<p><a href=\"https:\/\/neurovirtual.com\/br\/wp-content\/uploads\/2017\/12\/medica-wall.jpg\"><img decoding=\"async\" class=\"size-full wp-image-782307 aligncenter\" src=\"https:\/\/neurovirtual.com\/br\/wp-content\/uploads\/2017\/12\/medica-wall.jpg\" alt=\"medica-wall\" width=\"679\" height=\"210\" srcset=\"https:\/\/neurovirtual.com\/br\/wp-content\/uploads\/2017\/12\/medica-wall.jpg 679w, https:\/\/neurovirtual.com\/br\/wp-content\/uploads\/2017\/12\/medica-wall-300x93.jpg 300w, https:\/\/neurovirtual.com\/br\/wp-content\/uploads\/2017\/12\/medica-wall-676x210.jpg 676w, https:\/\/neurovirtual.com\/br\/wp-content\/uploads\/2017\/12\/medica-wall-460x142.jpg 460w\" sizes=\"(max-width: 679px) 100vw, 679px\" \/><\/a><\/p>\n<p>A Neurovirtual promoveu no domingo, 12 de novembro, a segunda reuni\u00e3o anual de distribuidores, antes da feira MEDICA Trade Fair 2017, em D\u00fcsseldorf, Alemanha. Entre os participantes deste ano, encontram-se nossos distribuidores da China, Indon\u00e9sia, Espanha e Portugal.<\/p>\n<p><a href=\"https:\/\/neurovirtual.com\/br\/wp-content\/uploads\/2017\/11\/Reuniao-distribuidores-Alemanha.jpg\"><img decoding=\"async\" class=\"aligncenter size-medium wp-image-782316\" src=\"https:\/\/neurovirtual.com\/br\/wp-content\/uploads\/2017\/11\/Reuniao-distribuidores-Alemanha-300x169.jpg\" alt=\"Reuni\u00e3o distribuidores Alemanha\" width=\"300\" height=\"169\" srcset=\"https:\/\/neurovirtual.com\/br\/wp-content\/uploads\/2017\/11\/Reuniao-distribuidores-Alemanha-300x169.jpg 300w, https:\/\/neurovirtual.com\/br\/wp-content\/uploads\/2017\/11\/Reuniao-distribuidores-Alemanha-1024x576.jpg 1024w, https:\/\/neurovirtual.com\/br\/wp-content\/uploads\/2017\/11\/Reuniao-distribuidores-Alemanha-444x250.jpg 444w, https:\/\/neurovirtual.com\/br\/wp-content\/uploads\/2017\/11\/Reuniao-distribuidores-Alemanha-460x259.jpg 460w, https:\/\/neurovirtual.com\/br\/wp-content\/uploads\/2017\/11\/Reuniao-distribuidores-Alemanha.jpg 1920w\" sizes=\"(max-width: 300px) 100vw, 300px\" \/><\/a><\/p>\n<p>Ap\u00f3s breve cerim\u00f4nia de abertura, os participantes prestigiaram a apresenta\u00e7\u00e3o t\u00e9cnica de Felipe Lerida, Gerente de Produtos da Neurovirtual, na qual discorreu sobre os lan\u00e7amentos deste ano, al\u00e9m de anunciar os produtos que entrar\u00e3o no mercado em 2018. Felipe tamb\u00e9m aproveitou a oportunidade para discutir as atualiza\u00e7\u00f5es de software e abrir o f\u00f3rum para quest\u00f5es e coment\u00e1rios das diferentes equipes presentes, criando oportunidades de discuss\u00e3o sobre as solicita\u00e7\u00f5es dos clientes, bem como sobre a demanda de suporte direcionado pela Equipe de Gest\u00e3o da Neurovirtual.<br \/>\n<a href=\"https:\/\/neurovirtual.com\/br\/wp-content\/uploads\/2017\/11\/Reuniao-distribuidores-Alemanha-2.jpg\"><img decoding=\"async\" class=\"aligncenter size-medium wp-image-782312\" src=\"https:\/\/neurovirtual.com\/br\/wp-content\/uploads\/2017\/11\/Reuniao-distribuidores-Alemanha-2-300x169.jpg\" alt=\"Reuni\u00e3o distribuidores Alemanha 2\" width=\"300\" height=\"169\" srcset=\"https:\/\/neurovirtual.com\/br\/wp-content\/uploads\/2017\/11\/Reuniao-distribuidores-Alemanha-2-300x169.jpg 300w, https:\/\/neurovirtual.com\/br\/wp-content\/uploads\/2017\/11\/Reuniao-distribuidores-Alemanha-2-1024x576.jpg 1024w, https:\/\/neurovirtual.com\/br\/wp-content\/uploads\/2017\/11\/Reuniao-distribuidores-Alemanha-2-444x250.jpg 444w, https:\/\/neurovirtual.com\/br\/wp-content\/uploads\/2017\/11\/Reuniao-distribuidores-Alemanha-2-460x259.jpg 460w, https:\/\/neurovirtual.com\/br\/wp-content\/uploads\/2017\/11\/Reuniao-distribuidores-Alemanha-2.jpg 1920w\" sizes=\"(max-width: 300px) 100vw, 300px\" \/><\/a><\/p>\n<p>Posteriormente, serviu-se o almo\u00e7o, momento proveitoso de intera\u00e7\u00e3o, no qual as equipes puderam compartilhar um pouco sobre temas pessoais e profissionais, al\u00e9m inteirar-se acerca dos desafios enfrentados pelos colegas de outras partes do mundo. Em seguida, o Gestor Corporativo de Contas da Neurovirtual, Sergio Solis, fez uma exposi\u00e7\u00e3o sobre a supera\u00e7\u00e3o de desafios e dificuldades do cotidiano de vendas, oferecendo seu diagn\u00f3stico sobre o mercado norte-americano e criando um di\u00e1logo entre as equipes, discutindo os maiores desafios e compartilhando as melhores formas de super\u00e1-los.<\/p>\n<p><a href=\"https:\/\/neurovirtual.com\/br\/wp-content\/uploads\/2017\/11\/Reuniao-distribuidores-Alemanha-5.jpg\"><img decoding=\"async\" class=\"aligncenter size-medium wp-image-782321\" src=\"https:\/\/neurovirtual.com\/br\/wp-content\/uploads\/2017\/11\/Reuniao-distribuidores-Alemanha-5-300x203.jpg\" alt=\"Reuni\u00e3o distribuidores Alemanha 5\" width=\"300\" height=\"203\" srcset=\"https:\/\/neurovirtual.com\/br\/wp-content\/uploads\/2017\/11\/Reuniao-distribuidores-Alemanha-5-300x203.jpg 300w, https:\/\/neurovirtual.com\/br\/wp-content\/uploads\/2017\/11\/Reuniao-distribuidores-Alemanha-5-1024x691.jpg 1024w, https:\/\/neurovirtual.com\/br\/wp-content\/uploads\/2017\/11\/Reuniao-distribuidores-Alemanha-5-370x250.jpg 370w, https:\/\/neurovirtual.com\/br\/wp-content\/uploads\/2017\/11\/Reuniao-distribuidores-Alemanha-5-460x311.jpg 460w, https:\/\/neurovirtual.com\/br\/wp-content\/uploads\/2017\/11\/Reuniao-distribuidores-Alemanha-5.jpg 1920w\" sizes=\"(max-width: 300px) 100vw, 300px\" \/><\/a><\/p>\n<p>O encerramento da reuni\u00e3o contou com a apresenta\u00e7\u00e3o do CEO da Neurovirtual, Ed Faria, que compartilhou sua vis\u00e3o em termos de crescimento global e as competitivas estrat\u00e9gias da Neurovirtual em busca deste objetivo. Sua apresenta\u00e7\u00e3o tratou da import\u00e2ncia da consist\u00eancia do branding, e da garantia das equipes de distribuidores com rela\u00e7\u00e3o ao suporte do escrit\u00f3rio corporativo, de modo a assegurar seu sucesso em todos os desafios que possam enfrentar. A postura da Neurovirtual \u00e9 de prosseguir em sua miss\u00e3o de humanizar de humanizar o diagn\u00f3stico, fazendo com que o cliente sinta seguran\u00e7a em cada etapa de sua jornada.<br \/>\n<a href=\"https:\/\/neurovirtual.com\/br\/wp-content\/uploads\/2017\/11\/Reuniao-distribuidores-Alemanha-4.jpg\"><img decoding=\"async\" class=\"aligncenter size-medium wp-image-782315\" src=\"https:\/\/neurovirtual.com\/br\/wp-content\/uploads\/2017\/11\/Reuniao-distribuidores-Alemanha-4-300x210.jpg\" alt=\"Reuni\u00e3o distribuidores Alemanha 4\" width=\"300\" height=\"210\" srcset=\"https:\/\/neurovirtual.com\/br\/wp-content\/uploads\/2017\/11\/Reuniao-distribuidores-Alemanha-4-300x210.jpg 300w, https:\/\/neurovirtual.com\/br\/wp-content\/uploads\/2017\/11\/Reuniao-distribuidores-Alemanha-4-1024x717.jpg 1024w, https:\/\/neurovirtual.com\/br\/wp-content\/uploads\/2017\/11\/Reuniao-distribuidores-Alemanha-4-357x250.jpg 357w, https:\/\/neurovirtual.com\/br\/wp-content\/uploads\/2017\/11\/Reuniao-distribuidores-Alemanha-4-460x322.jpg 460w, https:\/\/neurovirtual.com\/br\/wp-content\/uploads\/2017\/11\/Reuniao-distribuidores-Alemanha-4.jpg 1920w\" sizes=\"(max-width: 300px) 100vw, 300px\" \/><\/a><\/p>\n<p>A equipe da Neurovirtual marcou presen\u00e7a no Sal\u00e3o 9, Estande B58, apresentando seus mais recentes lan\u00e7amentos, incluindo uma nova linha de sensores para diagn\u00f3stico de doen\u00e7as do sono, al\u00e9m de eletrodos banhados a ouro para eletroencefalograma. A empresa tamb\u00e9m apresentou o seu dispositivo de monitoramento cont\u00ednuo e UTI, acoplado em um elegante e ergon\u00f4mico carrinho especificamente projetado para os equipamentos da Neurovirtual.<\/p>\n<p><a href=\"https:\/\/neurovirtual.com\/br\/wp-content\/uploads\/2017\/11\/Reuniao-distribuidores-Alemanha-3.jpg\"><img decoding=\"async\" class=\"aligncenter size-medium wp-image-782314\" src=\"https:\/\/neurovirtual.com\/br\/wp-content\/uploads\/2017\/11\/Reuniao-distribuidores-Alemanha-3-300x209.jpg\" alt=\"Reuni\u00e3o distribuidores Alemanha 3\" width=\"300\" height=\"209\" srcset=\"https:\/\/neurovirtual.com\/br\/wp-content\/uploads\/2017\/11\/Reuniao-distribuidores-Alemanha-3-300x209.jpg 300w, https:\/\/neurovirtual.com\/br\/wp-content\/uploads\/2017\/11\/Reuniao-distribuidores-Alemanha-3-1024x714.jpg 1024w, https:\/\/neurovirtual.com\/br\/wp-content\/uploads\/2017\/11\/Reuniao-distribuidores-Alemanha-3-358x250.jpg 358w, https:\/\/neurovirtual.com\/br\/wp-content\/uploads\/2017\/11\/Reuniao-distribuidores-Alemanha-3-460x321.jpg 460w, https:\/\/neurovirtual.com\/br\/wp-content\/uploads\/2017\/11\/Reuniao-distribuidores-Alemanha-3.jpg 1920w\" sizes=\"(max-width: 300px) 100vw, 300px\" \/><\/a><\/p>\n<p>A demonstra\u00e7\u00e3o obteve extraordin\u00e1rio sucesso, garantindo novos pedidos para a Neurovirtual e desenvolvendo parcerias inovadoras para a constru\u00e7\u00e3o de uma marca global de sucesso.<\/p>\n","protected":false},"excerpt":{"rendered":"<p>A Neurovirtual promoveu no domingo, 12 de novembro, a segunda reuni\u00e3o anual de distribuidores, antes da feira MEDICA Trade Fair 2017, em D\u00fcsseldorf, Alemanha. Entre os participantes deste ano, encontram-se nossos distribuidores da China, Indon\u00e9sia, Espanha e Portugal. Ap\u00f3s breve cerim\u00f4nia de abertura, os participantes prestigiaram a apresenta\u00e7\u00e3o t\u00e9cnica de Felipe Lerida, Gerente de Produtos&#8230;<\/p>\n","protected":false},"author":6,"featured_media":782306,"comment_status":"open","ping_status":"open","sticky":false,"template":"","format":"standard","meta":{"_acf_changed":false,"_joinchat":[],"footnotes":""},"categories":[15,16],"tags":[],"acf":[],"_links":{"self":[{"href":"https:\/\/neurovirtual.com\/br\/wp-json\/wp\/v2\/posts\/782305"}],"collection":[{"href":"https:\/\/neurovirtual.com\/br\/wp-json\/wp\/v2\/posts"}],"about":[{"href":"https:\/\/neurovirtual.com\/br\/wp-json\/wp\/v2\/types\/post"}],"author":[{"embeddable":true,"href":"https:\/\/neurovirtual.com\/br\/wp-json\/wp\/v2\/users\/6"}],"replies":[{"embeddable":true,"href":"https:\/\/neurovirtual.com\/br\/wp-json\/wp\/v2\/comments?post=782305"}],"version-history":[{"count":14,"href":"https:\/\/neurovirtual.com\/br\/wp-json\/wp\/v2\/posts\/782305\/revisions"}],"predecessor-version":[{"id":783424,"href":"https:\/\/neurovirtual.com\/br\/wp-json\/wp\/v2\/posts\/782305\/revisions\/783424"}],"wp:featuredmedia":[{"embeddable":true,"href":"https:\/\/neurovirtual.com\/br\/wp-json\/wp\/v2\/media\/782306"}],"wp:attachment":[{"href":"https:\/\/neurovirtual.com\/br\/wp-json\/wp\/v2\/media?parent=782305"}],"wp:term":[{"taxonomy":"category","embeddable":true,"href":"https:\/\/neurovirtual.com\/br\/wp-json\/wp\/v2\/categories?post=782305"},{"taxonomy":"post_tag","embeddable":true,"href":"https:\/\/neurovirtual.com\/br\/wp-json\/wp\/v2\/tags?post=782305"}],"curies":[{"name":"wp","href":"https:\/\/api.w.org\/{rel}","templated":true}]}}