{"id":780688,"date":"2017-11-20T17:14:55","date_gmt":"2017-11-20T19:14:55","guid":{"rendered":"https:\/\/neurovirtual.com\/br\/?p=780688"},"modified":"2020-02-19T18:56:17","modified_gmt":"2020-02-19T21:56:17","slug":"entrevista-com-o-dr-sergio-de-jesus-aguilar-castillo-sobre-a-relacao-entre-disturbios-de-sono-e-epilepsia","status":"publish","type":"post","link":"https:\/\/neurovirtual.com\/br\/entrevista-com-o-dr-sergio-de-jesus-aguilar-castillo-sobre-a-relacao-entre-disturbios-de-sono-e-epilepsia\/","title":{"rendered":"Entrevista com o Dr. Sergio de Jes\u00fas Aguilar Castillo sobre a rela\u00e7\u00e3o entre dist\u00farbios de sono e epilepsia"},"content":{"rendered":"<p><a href=\"https:\/\/neurovirtual.com\/br\/wp-content\/uploads\/2017\/11\/capa-dr.-sergio-aguilar.jpg\"><img decoding=\"async\" class=\"aligncenter size-full wp-image-782286\" src=\"https:\/\/neurovirtual.com\/br\/wp-content\/uploads\/2017\/11\/capa-dr.-sergio-aguilar.jpg\" alt=\"capa-dr.-sergio-aguilar\" width=\"985\" height=\"207\" srcset=\"https:\/\/neurovirtual.com\/br\/wp-content\/uploads\/2017\/11\/capa-dr.-sergio-aguilar.jpg 985w, https:\/\/neurovirtual.com\/br\/wp-content\/uploads\/2017\/11\/capa-dr.-sergio-aguilar-300x63.jpg 300w, https:\/\/neurovirtual.com\/br\/wp-content\/uploads\/2017\/11\/capa-dr.-sergio-aguilar-460x97.jpg 460w\" sizes=\"(max-width: 985px) 100vw, 985px\" \/><\/a><\/p>\n<p style=\"text-align: justify;\"><strong>NN: O Doutor poderia nos contar sobre sua carreira?<\/strong><br \/>\nSou especialista em neurologia, neurofisiologia e\u00a0medicina do sono. Graduado na Universidade Aut\u00f3noma\u00a0de Campeche e especializado em Neurologia e\u00a0Neurofisiologia pela Universidade Nacional Aut\u00f3noma\u00a0do M\u00e9xico. Sou graduado deste Hospital Centro M\u00e9dico\u00a0Nacional Siglo XXI, h\u00e1 quase 20 anos, onde sou chefe do\u00a0Departamento de Neurofisiologia h\u00e1 14 anos.<\/p>\n<p><iframe loading=\"lazy\" title=\"Dr. Sergio Aguilar Castillo - Mexico\" width=\"500\" height=\"281\" src=\"https:\/\/www.youtube.com\/embed\/OjFGO2b05Bc?feature=oembed\" frameborder=\"0\" allow=\"accelerometer; autoplay; clipboard-write; encrypted-media; gyroscope; picture-in-picture; web-share\" referrerpolicy=\"strict-origin-when-cross-origin\" allowfullscreen><\/iframe><\/p>\n<p style=\"text-align: justify;\"><strong>NN: Doutor, quais s\u00e3o os servi\u00e7os oferecidos pelo\u00a0<\/strong><strong>contrato Centro M\u00e9dico Siglo XXI?<\/strong><br \/>\nO departamento de Neurofisiologia foi implementado\u00a0no Hospital Centro M\u00e9dico Siglo XXI h\u00e1 14 anos, com o\u00a0principal objetivo de oferecer cuidados especializados no\u00a0diagn\u00f3stico neurol\u00f3gico. Somos um hospital de refer\u00eancia\u00a0e, como hospital de refer\u00eancia, recebemos pacientes com\u00a0diagn\u00f3sticos dif\u00edceis da parte Sul do pa\u00eds e nossa \u00e1rea de\u00a0aten\u00e7\u00e3o \u00e9 EEG, EMG e potenciais evocados.<\/p>\n<p style=\"text-align: justify;\"><strong>NN: Doutor, poder\u00edamos falar sobre a rela\u00e7\u00e3o entre\u00a0sono e epilepsia?<\/strong><br \/>\nNossas \u00e1reas de pesquisa se concentraram em\u00a0dois aspectos importantes, uma \u00e9 a identifica\u00e7\u00e3o e\u00a0categoriza\u00e7\u00e3o de pacientes com neuropatias adquiridas,\u00a0como a s\u00edndrome de Guillain-Barr\u00e9, e a outra se\u00e7\u00e3o\u00a0principal \u00e9 a\u00a0 eletroencefalografia. Temos duas \u00e1reas\u00a0principais de interesse, uma das quais \u00e9 o estado\u00a0epil\u00e9ptico e a outra \u00e9 a epilepsia e a rela\u00e7\u00e3o com o sono.<br \/>\nUma \u00e1rea de interesse que foi despertada ultimamente\u00a0\u00e9 a rela\u00e7\u00e3o entre o sono e a epilepsia, \u00e9 uma \u00e1rea\u00a0onde concentramos nossos esfor\u00e7os para encontrar os\u00a0v\u00ednculos que existem para a facilita\u00e7\u00e3o e a apresenta\u00e7\u00e3o\u00a0de crises epil\u00e9pticas, especialmente em epilepsias de\u00a0dif\u00edcil diagn\u00f3stico ou controle, e uma delas \u00e9 epilepsia\u00a0noturna de lobo frontal. Este \u00e9 um tipo de epilepsia que\u00a0h\u00e1 muito tempo foi diagnosticado e confundido com\u00a0outros dist\u00farbios do sono, como a distonia parox\u00edstica\u00a0noturna ou movimentos anormais durante o sono. A\u00a0epilepsia noturna frontal \u00e9 um tipo de diagn\u00f3stico dif\u00edcil\u00a0e seus antecedentes prov\u00eam dos anos 70, 80 e v\u00e3o at\u00e9 a\u00a0d\u00e9cada de 90, onde \u00e9 poss\u00edvel categorizar o transtorno.<br \/>\nEsta \u00e9 uma epilepsia incomum em rela\u00e7\u00e3o aos sintomas\u00a0que apresenta, uma vez que, por ser uma epilepsia\u00a0que se origina no l\u00f3bulo frontal, as caracter\u00edsticas e\u00a0manifesta\u00e7\u00f5es s\u00e3o muito especiais, por exemplo, os\u00a0pacientes podem apresentar crises conjuntas durante\u00a0a noite e serem crises muito at\u00edpicas de muito curta\u00a0dura\u00e7\u00e3o e movimentos\u00a0 otalmente descontrolados. Estas\u00a0epilepsias podem ser confundidas com outros dist\u00farbios\u00a0do sono e, no passado, foi chamada epilepsia parox\u00edstica\u00a0ou dispneia parox\u00edstica noturna que foram confundidas\u00a0com dist\u00farbios comportamentais do sono REM ou\u00a0confundidas com outros dist\u00farbios do movimento.<br \/>\nA epilepsia noturna de lobo frontal \u00e9 uma condi\u00e7\u00e3o,\u00a0onde foi demonstrado em algumas publica\u00e7\u00f5es,\u00a0ser caracterizada por uma determina\u00e7\u00e3o gen\u00e9tica.<br \/>\nO diagn\u00f3stico de epilepsia noturna de lobo frontal\u00a0baseia-se principalmente na aplica\u00e7\u00e3o das ferramentas\u00a0tecnol\u00f3gicas que temos neste momento. N\u00e3o s\u00f3 o\u00a0rastreamento do EEG, j\u00e1 que para a maioria dos pacientes\u00a0estas epilepsias e o rastreamento delas \u00e9 praticamente\u00a0normal e, quando o epis\u00f3dio ocorre, a atividade\u00a0eletroencefalogr\u00e1fica \u00e9 obscurecida pela quantidade\u00a0de elementos que s\u00e3o apresentados pelos movimentos\u00a0repentinos, portanto, a rela\u00e7\u00e3o e a sintonia que existe\u00a0entre a eletroencefalografia e o v\u00eddeo t\u00eam import\u00e2ncia\u00a0vital para identificar esses casos, ou seja, o estudo de\u00a0v\u00eddeo EEG com o registro noturno, que podemos chamar\u00a0de v\u00eddeo PSG, foi a pedra angular para identificar esses\u00a0dist\u00farbios.<\/p>\n<p style=\"text-align: justify;\"><strong>NN: O Doutor recomendaria a seus colegas o\u00a0<\/strong><strong>equipamento Neurovirtual?<\/strong><br \/>\nNo nosso Hospital Centro M\u00e9dico Siglo XXI desde\u00a0junho do ano passado, recebemos este equipamento\u00a0de v\u00eddeo EEG da Neurovirtual, que nos concentramos\u00a0principalmente em duas fun\u00e7\u00f5es, sendo uma delas\u00a0o v\u00eddeo de eletroencefalografia para identifica\u00e7\u00e3o de\u00a0fen\u00f4menos epil\u00e9pticos, e a outra para a rela\u00e7\u00e3o que\u00a0existe em um paciente em coma em terapia intensiva,\u00a0onde conseguimos identificar padr\u00f5es vitais relacionados\u00a0\u00e0 condi\u00e7\u00e3o do paciente. A equipe Neurovirtual \u00e9 uma\u00a0equipe que tem sido acess\u00edvel. O software \u00e9 amig\u00e1vel e\u00a0encontramos ferramentas pr\u00e1ticas para o entendimento\u00a0e compreens\u00e3o do fen\u00f4meno epil\u00e9ptico.<br \/>\nO equipamento BWIII tem sido muito \u00fatil. Tivemos\u00a0rela\u00e7\u00f5es com diferentes especialidades dentro do hospital,\u00a0principalmente na \u00e1rea de Neurologia, Neurocirurgia e\u00a0terapia intensiva. Temos suporte 365 dias por ano e h\u00e1\u00a0uma resposta imediata, atrav\u00e9s do suporte por telefone,\u00a0que nos ajudou a resolver os poucos incidentes que\u00a0tivemos durante esse per\u00edodo.<\/p>\n","protected":false},"excerpt":{"rendered":"<p>NN: O Doutor poderia nos contar sobre sua carreira? Sou especialista em neurologia, neurofisiologia e\u00a0medicina do sono. Graduado na Universidade Aut\u00f3noma\u00a0de Campeche e especializado em Neurologia e\u00a0Neurofisiologia pela Universidade Nacional Aut\u00f3noma\u00a0do M\u00e9xico. Sou graduado deste Hospital Centro M\u00e9dico\u00a0Nacional Siglo XXI, h\u00e1 quase 20 anos, onde sou chefe do\u00a0Departamento de Neurofisiologia h\u00e1 14 anos. NN: Doutor,&#8230;<\/p>\n","protected":false},"author":6,"featured_media":780689,"comment_status":"open","ping_status":"open","sticky":false,"template":"","format":"standard","meta":{"_acf_changed":false,"_joinchat":[],"footnotes":""},"categories":[19,16],"tags":[29,22],"acf":[],"_links":{"self":[{"href":"https:\/\/neurovirtual.com\/br\/wp-json\/wp\/v2\/posts\/780688"}],"collection":[{"href":"https:\/\/neurovirtual.com\/br\/wp-json\/wp\/v2\/posts"}],"about":[{"href":"https:\/\/neurovirtual.com\/br\/wp-json\/wp\/v2\/types\/post"}],"author":[{"embeddable":true,"href":"https:\/\/neurovirtual.com\/br\/wp-json\/wp\/v2\/users\/6"}],"replies":[{"embeddable":true,"href":"https:\/\/neurovirtual.com\/br\/wp-json\/wp\/v2\/comments?post=780688"}],"version-history":[{"count":8,"href":"https:\/\/neurovirtual.com\/br\/wp-json\/wp\/v2\/posts\/780688\/revisions"}],"predecessor-version":[{"id":782292,"href":"https:\/\/neurovirtual.com\/br\/wp-json\/wp\/v2\/posts\/780688\/revisions\/782292"}],"wp:featuredmedia":[{"embeddable":true,"href":"https:\/\/neurovirtual.com\/br\/wp-json\/wp\/v2\/media\/780689"}],"wp:attachment":[{"href":"https:\/\/neurovirtual.com\/br\/wp-json\/wp\/v2\/media?parent=780688"}],"wp:term":[{"taxonomy":"category","embeddable":true,"href":"https:\/\/neurovirtual.com\/br\/wp-json\/wp\/v2\/categories?post=780688"},{"taxonomy":"post_tag","embeddable":true,"href":"https:\/\/neurovirtual.com\/br\/wp-json\/wp\/v2\/tags?post=780688"}],"curies":[{"name":"wp","href":"https:\/\/api.w.org\/{rel}","templated":true}]}}