{"id":780616,"date":"2017-11-04T12:20:53","date_gmt":"2017-11-04T14:20:53","guid":{"rendered":"https:\/\/neurovirtual.com\/br\/?p=780616"},"modified":"2017-11-22T12:31:21","modified_gmt":"2017-11-22T14:31:21","slug":"neurovirtual-participa-do-xvi-congresso-brasileiro-do-sono-em-joinville","status":"publish","type":"post","link":"https:\/\/neurovirtual.com\/br\/neurovirtual-participa-do-xvi-congresso-brasileiro-do-sono-em-joinville\/","title":{"rendered":"Neurovirtual participa do XVI Congresso Brasileiro do Sono, em Joinville"},"content":{"rendered":"<p><a href=\"https:\/\/neurovirtual.com\/br\/wp-content\/uploads\/2017\/11\/congresso-brasileiro-do-sono-capa-2.png\"><img decoding=\"async\" class=\"aligncenter size-full wp-image-780617\" src=\"https:\/\/neurovirtual.com\/br\/wp-content\/uploads\/2017\/11\/congresso-brasileiro-do-sono-capa-2.png\" alt=\"congresso brasileiro do sono capa 2\" width=\"985\" height=\"207\" srcset=\"https:\/\/neurovirtual.com\/br\/wp-content\/uploads\/2017\/11\/congresso-brasileiro-do-sono-capa-2.png 985w, https:\/\/neurovirtual.com\/br\/wp-content\/uploads\/2017\/11\/congresso-brasileiro-do-sono-capa-2-300x63.png 300w, https:\/\/neurovirtual.com\/br\/wp-content\/uploads\/2017\/11\/congresso-brasileiro-do-sono-capa-2-460x97.png 460w\" sizes=\"(max-width: 985px) 100vw, 985px\" \/><\/a><\/p>\n<p>Organizado pela ABS, Associa\u00e7\u00e3o Brasileira do Sono, aconteceu em Joinville (Santa Catarina) de 01 a 04 de novembro, o XVI Congresso Brasileiro do Sono. O congresso ofereceu, al\u00e9m das palestras nacionais e internacionais, cursos com temas como atualiza\u00e7\u00e3o no tratamento da apn\u00e9ia, desafios de diagn\u00f3sticos e tratamento em casos cl\u00ednicos dif\u00edceis em medicina do sono, interpreta\u00e7\u00e3o de\u00a0e terapia cognitivo-comportamental nos transtornos do sono.<\/p>\n<p><a href=\"https:\/\/neurovirtual.com\/br\/wp-content\/uploads\/2017\/11\/2017-11-02-18.42.46.jpg\"><img decoding=\"async\" class=\"aligncenter size-medium wp-image-780620\" src=\"https:\/\/neurovirtual.com\/br\/wp-content\/uploads\/2017\/11\/2017-11-02-18.42.46-300x194.jpg\" alt=\"2017-11-02 18.42.46\" width=\"300\" height=\"194\" srcset=\"https:\/\/neurovirtual.com\/br\/wp-content\/uploads\/2017\/11\/2017-11-02-18.42.46-300x194.jpg 300w, https:\/\/neurovirtual.com\/br\/wp-content\/uploads\/2017\/11\/2017-11-02-18.42.46-1024x661.jpg 1024w, https:\/\/neurovirtual.com\/br\/wp-content\/uploads\/2017\/11\/2017-11-02-18.42.46-387x250.jpg 387w, https:\/\/neurovirtual.com\/br\/wp-content\/uploads\/2017\/11\/2017-11-02-18.42.46-460x297.jpg 460w, https:\/\/neurovirtual.com\/br\/wp-content\/uploads\/2017\/11\/2017-11-02-18.42.46.jpg 1920w\" sizes=\"(max-width: 300px) 100vw, 300px\" \/><\/a><\/p>\n<p>Entre os palestrantes, que trataram de diversos assuntos sob macrotemas como \u2018cronobiologia\u2019, \u2018neuroci\u00eancias\u2019 e \u2018respirat\u00f3rio\u2019, destaque para 4 convidados internacionais que dividiram suas experi\u00eancias com os participantes: Dra Debra J. Skene, do Reino Unido; Dr. Hernan Andr\u00e9s Marin Agudelo, do M\u00e9xico; Dr. Patrick J. Strollo, dos Estados Unidos e Prof. Dr. Miguel Meira e Cruz, de Portugal.<\/p>\n<p><a href=\"https:\/\/neurovirtual.com\/br\/wp-content\/uploads\/2017\/11\/2017-11-02-17.20.59.jpg\"><img decoding=\"async\" class=\"aligncenter size-medium wp-image-780619\" src=\"https:\/\/neurovirtual.com\/br\/wp-content\/uploads\/2017\/11\/2017-11-02-17.20.59-300x239.jpg\" alt=\"2017-11-02 17.20.59\" width=\"300\" height=\"239\" srcset=\"https:\/\/neurovirtual.com\/br\/wp-content\/uploads\/2017\/11\/2017-11-02-17.20.59-300x239.jpg 300w, https:\/\/neurovirtual.com\/br\/wp-content\/uploads\/2017\/11\/2017-11-02-17.20.59-1024x816.jpg 1024w, https:\/\/neurovirtual.com\/br\/wp-content\/uploads\/2017\/11\/2017-11-02-17.20.59-314x250.jpg 314w, https:\/\/neurovirtual.com\/br\/wp-content\/uploads\/2017\/11\/2017-11-02-17.20.59-427x340.jpg 427w, https:\/\/neurovirtual.com\/br\/wp-content\/uploads\/2017\/11\/2017-11-02-17.20.59.jpg 1920w\" sizes=\"(max-width: 300px) 100vw, 300px\" \/><\/a><\/p>\n<p>Sandro Senra, gerente de produtos da Neurovirtual, representou a empresa no congresso ao lado de Alex de Oliveira, consultor de neg\u00f3cios. Em destaque, o BWMINI PSG, um amplificador leve e compacto, com excelente performance para HST ou Polissonografia laboratorial, com tela de LCD com imped\u00e2ncia eletr\u00f4nica e at\u00e9 3 dias de grava\u00e7\u00e3o com o mesmo conjunto de baterias.<a href=\"https:\/\/neurovirtual.com\/br\/wp-content\/uploads\/2017\/11\/2017-11-03-10.34.01.jpg\"><img decoding=\"async\" class=\"aligncenter size-medium wp-image-780621\" src=\"https:\/\/neurovirtual.com\/br\/wp-content\/uploads\/2017\/11\/2017-11-03-10.34.01-300x243.jpg\" alt=\"2017-11-03 10.34.01\" width=\"300\" height=\"243\" srcset=\"https:\/\/neurovirtual.com\/br\/wp-content\/uploads\/2017\/11\/2017-11-03-10.34.01-300x243.jpg 300w, https:\/\/neurovirtual.com\/br\/wp-content\/uploads\/2017\/11\/2017-11-03-10.34.01-1024x829.jpg 1024w, https:\/\/neurovirtual.com\/br\/wp-content\/uploads\/2017\/11\/2017-11-03-10.34.01-309x250.jpg 309w, https:\/\/neurovirtual.com\/br\/wp-content\/uploads\/2017\/11\/2017-11-03-10.34.01-420x340.jpg 420w, https:\/\/neurovirtual.com\/br\/wp-content\/uploads\/2017\/11\/2017-11-03-10.34.01.jpg 1920w\" sizes=\"(max-width: 300px) 100vw, 300px\" \/><\/a><\/p>\n","protected":false},"excerpt":{"rendered":"<p>Organizado pela ABS, Associa\u00e7\u00e3o Brasileira do Sono, aconteceu em Joinville (Santa Catarina) de 01 a 04 de novembro, o XVI Congresso Brasileiro do Sono. O congresso ofereceu, al\u00e9m das palestras nacionais e internacionais, cursos com temas como atualiza\u00e7\u00e3o no tratamento da apn\u00e9ia, desafios de diagn\u00f3sticos e tratamento em casos cl\u00ednicos dif\u00edceis em medicina do sono,&#8230;<\/p>\n","protected":false},"author":6,"featured_media":780618,"comment_status":"open","ping_status":"open","sticky":false,"template":"","format":"standard","meta":{"_acf_changed":false,"_joinchat":[],"footnotes":""},"categories":[1],"tags":[],"acf":[],"_links":{"self":[{"href":"https:\/\/neurovirtual.com\/br\/wp-json\/wp\/v2\/posts\/780616"}],"collection":[{"href":"https:\/\/neurovirtual.com\/br\/wp-json\/wp\/v2\/posts"}],"about":[{"href":"https:\/\/neurovirtual.com\/br\/wp-json\/wp\/v2\/types\/post"}],"author":[{"embeddable":true,"href":"https:\/\/neurovirtual.com\/br\/wp-json\/wp\/v2\/users\/6"}],"replies":[{"embeddable":true,"href":"https:\/\/neurovirtual.com\/br\/wp-json\/wp\/v2\/comments?post=780616"}],"version-history":[{"count":1,"href":"https:\/\/neurovirtual.com\/br\/wp-json\/wp\/v2\/posts\/780616\/revisions"}],"predecessor-version":[{"id":780623,"href":"https:\/\/neurovirtual.com\/br\/wp-json\/wp\/v2\/posts\/780616\/revisions\/780623"}],"wp:featuredmedia":[{"embeddable":true,"href":"https:\/\/neurovirtual.com\/br\/wp-json\/wp\/v2\/media\/780618"}],"wp:attachment":[{"href":"https:\/\/neurovirtual.com\/br\/wp-json\/wp\/v2\/media?parent=780616"}],"wp:term":[{"taxonomy":"category","embeddable":true,"href":"https:\/\/neurovirtual.com\/br\/wp-json\/wp\/v2\/categories?post=780616"},{"taxonomy":"post_tag","embeddable":true,"href":"https:\/\/neurovirtual.com\/br\/wp-json\/wp\/v2\/tags?post=780616"}],"curies":[{"name":"wp","href":"https:\/\/api.w.org\/{rel}","templated":true}]}}